{"id":10288,"date":"2019-11-11T08:48:15","date_gmt":"2019-11-11T12:48:15","guid":{"rendered":"https:\/\/tucuatro.com\/camburpinton\/?p=10288"},"modified":"2020-02-22T13:52:19","modified_gmt":"2020-02-22T17:52:19","slug":"miguel-siso-muestra-identidad-en-madrid","status":"publish","type":"post","link":"https:\/\/tucuatro.com\/camburpinton\/miguel-siso-muestra-identidad-en-madrid\/","title":{"rendered":"Miguel Siso muestra \u201cIdentidad\u201d en Madrid"},"content":{"rendered":"\n<p>Este 27 de noviembre en la sala Galileo Galilei<\/p>\n\n\n\n<p><em>El venezolano ganador del Latin Grammy 2018 por su m\u00e1s reciente\u00a0\u00e1lbum, llega a la ciudad con su cuatro para ofrecer una explosi\u00f3n de sonidos universales y coquetear con la m\u00fasica venezolana. El m\u00fasico estar\u00e1\u00a0acompa\u00f1ado de connotados m\u00fasicos residentes en Espa\u00f1a, tales como:Jhonny Kotock (piano), Yrvis M\u00e9ndez (bajo), Julio Alcocer (percusi\u00f3n), adem\u00e1s de los invitados especiales Lucas S\u00e1nchez (viol\u00edn),\u00a0Omar Acosta (flauta)\u00a0y\u00a0H\u00e9ctor Urribarri (Voz)<\/em><\/p>\n\n\n\n<figure class=\"wp-block-image\"><img decoding=\"async\" src=\"https:\/\/tucuatro.com\/camburpinton\/wp-content\/uploads\/sites\/3\/2019\/11\/C738E10C-AAFE-42DB-B448-82CC38773DAB-819x1024.jpeg\" alt=\"\" class=\"wp-image-10289\" \/><\/figure>\n\n\n\n<p>Miguel Siso es considerado -por muchos- uno de los exponentes m\u00e1s importantes de la nueva generaci\u00f3n de m\u00fasicos venezolanos que han brotado del m\u00e1s importante concurso internacional de este instrumento cord\u00f3fono&nbsp;\u201cLa Siembra del Cuatro\u201d. Ganador del Latin Grammy en la categor\u00eda Mejor&nbsp;\u00c1lbum Instrumental (2018) por&nbsp;\u201cIdentidad\u201d, adem\u00e1s de m\u00faltiple ganador en la s\u00e9ptima entrega de los Pepsi Music (Venezuela), estar\u00e1&nbsp;este 27 de noviembre en la sala Galileo Galilei con su cuatro para dar vida a los temas de su m\u00e1s reciente producci\u00f3n, esa misma que le ha hecho merecedor de tanto reconocimiento internacional.<\/p>\n\n\n\n<p>El cuatrista venezolano contar\u00e1&nbsp;con la ayuda de algunos de los m\u00e1s conocidos m\u00fasicos venezolanos residenciados en Espa\u00f1a que, con estilos muy divergentes, ayudar\u00e1n al m\u00fasico a reinventar y reivindicar los sonidos de la m\u00fasica venezolana con una nueva&nbsp;\u00f3ptica: el pianista Jhonny Kotock, el bajista Yrvis M\u00e9ndez, el percusionista Julio Alcocer, adem\u00e1s de los invitados especiales el violinista Lucas S\u00e1nchez, el flautista Omar Acosta y el cantante H\u00e9ctor Urribarri.<\/p>\n\n\n\n<p>Miguel es un m\u00fasico que ha brillado por su versatilidad y visi\u00f3n para fusionar el instrumento venezolano con diversos estilos. En su segundo disco&nbsp;\u201cIdentidad\u201d&nbsp;logra exponer sus propios gustos por componer y tocar, con sus profundas ra\u00edces de origen venezolano y manifestaciones de la m\u00fasica universal, derivando en un experimento sonoro muy actual. Con una corriente muy marcada del jazz, se pasea por varios g\u00e9neros manteniendo una identidad venezolana sin rayar en lo extremadamente tradicional.<\/p>\n\n\n\n<p>Uno de los elementos novedosos que Miguel emple\u00f3&nbsp;en el&nbsp;\u00e1lbum&nbsp;\u201cIdentidad\u201d&nbsp;fue su cuatro triple, creaci\u00f3n&nbsp;\u00fanica del luthier Alfonso Sandoval, con el cual ampl\u00eda y lleva a otra dimensi\u00f3n el sonido de este instrumento de cuerdas. Uno de las mangos posee una afinaci\u00f3n de cuatro tradicional; el otro emula a una guitarra con un sonido m\u00e1s grave; y el&nbsp;\u00faltimo posee cuerdas de metal a manera de mandolina o arpa tuyera, convirti\u00e9ndose en un juguete que le da libertad para moverse libremente por una gran combinaci\u00f3n de sonidos.<\/p>\n\n\n\n<p>A lo largo de su carrera ha integrado algunos de los grupos instrumentales m\u00e1s destacados de Venezuela: Sa\u00fal Vera Ensamble, Hu\u00e1scar Barradas y C4 Tr\u00edo. Adem\u00e1s, ha compartido escenario, giras y grabaciones con artistas nacionales e internacionales, tales como: Gustavo Dudamel, Oscar D\u2019Le\u00f3n, Lena Burke, Alexis C\u00e1rdenas, Aquiles B\u00e1ez, Gerry Weil y muchos otros.<\/p>\n\n\n\n<p>Tambi\u00e9n es fundador de&nbsp;\u201cEl Quinteto menos 1\u201d, ensamble venezolano que integr\u00f3&nbsp;junto a sus compa\u00f1eros Lucas S\u00e1nchez, Rotnesth Medina y Gast\u00f3n Garc\u00eda. Con esta agrupaci\u00f3n public\u00f3&nbsp;un disco titulado&nbsp;\u201cLa casita del casta\u00f1o\u201d, con la que presentan una propuesta de m\u00fasica tradicional venezolana, con mucha influencia de la m\u00fasica acad\u00e9mica y latinoamericana.<\/p>\n\n\n\n<p>Organizado por Omar Producciones y Guataca Madrid, la invitaci\u00f3n es a disfrutar el talento de Miguel Siso, durante su paso por Madrid, el pr\u00f3ximo 27 de noviembre, a las 21:00h., en la sala Galileo Galilei, ubicado en la calle de Galileo, 100 28015. La entrada general tiene un costo de 12 euros y est\u00e1n a la venta en www.entradium.com<\/p>\n\n\n\n<p>M\u00e1s informaci\u00f3n en:&nbsp;<a href=\"https:\/\/miguelsiso.com\/\">https:\/\/miguelsiso.com<\/a><\/p>\n\n\n\n<p><br>V\u00eddeos:&nbsp;<a href=\"https:\/\/youtu.be\/PwnVcZjC4wk\">https:\/\/youtu.be\/PwnVcZjC4wk<\/a><\/p>\n\n\n\n<p><\/p>\n","protected":false},"excerpt":{"rendered":"<p>Este 27 de noviembre en la sala Galileo Galilei El venezolano ganador del Latin Grammy 2018 por su m\u00e1s reciente\u00a0\u00e1lbum, llega a la ciudad con su cuatro para ofrecer una explosi\u00f3n de sonidos universales y coquetear con la m\u00fasica venezolana. El m\u00fasico estar\u00e1\u00a0acompa\u00f1ado de connotados m\u00fasicos residentes en Espa\u00f1a, tales como:Jhonny Kotock (piano), Yrvis M\u00e9ndez [&hellip;]<\/p>\n","protected":false},"author":1,"featured_media":10289,"comment_status":"open","ping_status":"close","sticky":false,"template":"","format":"standard","meta":{"content-type":"","footnotes":""},"categories":[43,30],"tags":[219,94,423,63,157,428],"class_list":["post-10288","post","type-post","status-publish","format-standard","has-post-thumbnail","hentry","category-artistas","category-noticias","tag-alexis-cardenas","tag-aquiles-baez","tag-c4-trio","tag-concierto","tag-miguel-siso","tag-noches-de-guataca"],"yoast_head":"<!-- This site is optimized with the Yoast SEO plugin v27.2 - https:\/\/yoast.com\/product\/yoast-seo-wordpress\/ -->\n<title>Miguel Siso muestra \u201cIdentidad\u201d en Madrid - CamburPinton<\/title>\n<meta name=\"description\" content=\"Este 27 de noviembre en la sala Galileo Galilei El venezolano ganador del Latin Grammy 2018 por su m\u00e1s reciente\u00a0\u00e1lbum, llega a la ciudad con su cuatro\" \/>\n<meta name=\"robots\" content=\"index, follow, max-snippet:-1, max-image-preview:large, max-video-preview:-1\" \/>\n<link rel=\"canonical\" href=\"https:\/\/tucuatro.com\/camburpinton\/miguel-siso-muestra-identidad-en-madrid\/\" \/>\n<meta property=\"og:locale\" content=\"es_ES\" \/>\n<meta property=\"og:type\" content=\"article\" \/>\n<meta property=\"og:title\" content=\"Miguel Siso muestra \u201cIdentidad\u201d en Madrid - CamburPinton\" \/>\n<meta property=\"og:description\" content=\"Este 27 de noviembre en la sala Galileo Galilei El venezolano ganador del Latin Grammy 2018 por su m\u00e1s reciente\u00a0\u00e1lbum, llega a la ciudad con su cuatro\" \/>\n<meta property=\"og:url\" content=\"https:\/\/tucuatro.com\/camburpinton\/miguel-siso-muestra-identidad-en-madrid\/\" \/>\n<meta property=\"og:site_name\" content=\"CamburPinton\" \/>\n<meta property=\"article:published_time\" content=\"2019-11-11T12:48:15+00:00\" \/>\n<meta property=\"article:modified_time\" content=\"2020-02-22T17:52:19+00:00\" \/>\n<meta name=\"author\" content=\"TuCuatro\" \/>\n<meta name=\"twitter:card\" content=\"summary_large_image\" \/>\n<meta name=\"twitter:label1\" content=\"Escrito por\" \/>\n\t<meta name=\"twitter:data1\" content=\"TuCuatro\" \/>\n\t<meta name=\"twitter:label2\" content=\"Tiempo de lectura\" \/>\n\t<meta name=\"twitter:data2\" content=\"3 minutos\" \/>\n<script type=\"application\/ld+json\" class=\"yoast-schema-graph\">{\"@context\":\"https:\/\/schema.org\",\"@graph\":[{\"@type\":\"Article\",\"@id\":\"https:\/\/tucuatro.com\/camburpinton\/miguel-siso-muestra-identidad-en-madrid\/#article\",\"isPartOf\":{\"@id\":\"https:\/\/tucuatro.com\/camburpinton\/miguel-siso-muestra-identidad-en-madrid\/\"},\"author\":{\"name\":\"TuCuatro\",\"@id\":\"https:\/\/tucuatro.com\/camburpinton\/#\/schema\/person\/141b35330e8a81a00d5ef8935db77db8\"},\"headline\":\"Miguel Siso muestra \u201cIdentidad\u201d en Madrid\",\"datePublished\":\"2019-11-11T12:48:15+00:00\",\"dateModified\":\"2020-02-22T17:52:19+00:00\",\"mainEntityOfPage\":{\"@id\":\"https:\/\/tucuatro.com\/camburpinton\/miguel-siso-muestra-identidad-en-madrid\/\"},\"wordCount\":677,\"commentCount\":0,\"publisher\":{\"@id\":\"https:\/\/tucuatro.com\/camburpinton\/#organization\"},\"image\":{\"@id\":\"https:\/\/tucuatro.com\/camburpinton\/miguel-siso-muestra-identidad-en-madrid\/#primaryimage\"},\"thumbnailUrl\":\"\",\"keywords\":[\"alexis cardenas\",\"aquiles baez\",\"c4 trio\",\"concierto\",\"miguel siso\",\"noches de guataca\"],\"articleSection\":[\"Artistas y Cantantes\",\"Noticias\"],\"inLanguage\":\"es\",\"potentialAction\":[{\"@type\":\"CommentAction\",\"name\":\"Comment\",\"target\":[\"https:\/\/tucuatro.com\/camburpinton\/miguel-siso-muestra-identidad-en-madrid\/#respond\"]}]},{\"@type\":\"WebPage\",\"@id\":\"https:\/\/tucuatro.com\/camburpinton\/miguel-siso-muestra-identidad-en-madrid\/\",\"url\":\"https:\/\/tucuatro.com\/camburpinton\/miguel-siso-muestra-identidad-en-madrid\/\",\"name\":\"Miguel Siso muestra \u201cIdentidad\u201d en Madrid - CamburPinton\",\"isPartOf\":{\"@id\":\"https:\/\/tucuatro.com\/camburpinton\/#website\"},\"primaryImageOfPage\":{\"@id\":\"https:\/\/tucuatro.com\/camburpinton\/miguel-siso-muestra-identidad-en-madrid\/#primaryimage\"},\"image\":{\"@id\":\"https:\/\/tucuatro.com\/camburpinton\/miguel-siso-muestra-identidad-en-madrid\/#primaryimage\"},\"thumbnailUrl\":\"\",\"datePublished\":\"2019-11-11T12:48:15+00:00\",\"dateModified\":\"2020-02-22T17:52:19+00:00\",\"description\":\"Este 27 de noviembre en la sala Galileo Galilei El venezolano ganador del Latin Grammy 2018 por su m\u00e1s reciente\u00a0\u00e1lbum, llega a la ciudad con su cuatro\",\"breadcrumb\":{\"@id\":\"https:\/\/tucuatro.com\/camburpinton\/miguel-siso-muestra-identidad-en-madrid\/#breadcrumb\"},\"inLanguage\":\"es\",\"potentialAction\":[{\"@type\":\"ReadAction\",\"target\":[\"https:\/\/tucuatro.com\/camburpinton\/miguel-siso-muestra-identidad-en-madrid\/\"]}]},{\"@type\":\"ImageObject\",\"inLanguage\":\"es\",\"@id\":\"https:\/\/tucuatro.com\/camburpinton\/miguel-siso-muestra-identidad-en-madrid\/#primaryimage\",\"url\":\"\",\"contentUrl\":\"\"},{\"@type\":\"BreadcrumbList\",\"@id\":\"https:\/\/tucuatro.com\/camburpinton\/miguel-siso-muestra-identidad-en-madrid\/#breadcrumb\",\"itemListElement\":[{\"@type\":\"ListItem\",\"position\":1,\"name\":\"Portada\",\"item\":\"https:\/\/tucuatro.com\/camburpinton\/\"},{\"@type\":\"ListItem\",\"position\":2,\"name\":\"Miguel Siso muestra \u201cIdentidad\u201d en Madrid\"}]},{\"@type\":\"WebSite\",\"@id\":\"https:\/\/tucuatro.com\/camburpinton\/#website\",\"url\":\"https:\/\/tucuatro.com\/camburpinton\/\",\"name\":\"CamburPinton\",\"description\":\"El blog del Cuatro Venezolano, por TuCuatro\",\"publisher\":{\"@id\":\"https:\/\/tucuatro.com\/camburpinton\/#organization\"},\"potentialAction\":[{\"@type\":\"SearchAction\",\"target\":{\"@type\":\"EntryPoint\",\"urlTemplate\":\"https:\/\/tucuatro.com\/camburpinton\/?s={search_term_string}\"},\"query-input\":{\"@type\":\"PropertyValueSpecification\",\"valueRequired\":true,\"valueName\":\"search_term_string\"}}],\"inLanguage\":\"es\"},{\"@type\":\"Organization\",\"@id\":\"https:\/\/tucuatro.com\/camburpinton\/#organization\",\"name\":\"CamburPinton\",\"url\":\"https:\/\/tucuatro.com\/camburpinton\/\",\"logo\":{\"@type\":\"ImageObject\",\"inLanguage\":\"es\",\"@id\":\"https:\/\/tucuatro.com\/camburpinton\/#\/schema\/logo\/image\/\",\"url\":\"https:\/\/tucuatro.com\/camburpinton\/wp-content\/uploads\/sites\/5\/2020\/02\/fretboard_icon_black-64px.png\",\"contentUrl\":\"https:\/\/tucuatro.com\/camburpinton\/wp-content\/uploads\/sites\/5\/2020\/02\/fretboard_icon_black-64px.png\",\"width\":64,\"height\":107,\"caption\":\"CamburPinton\"},\"image\":{\"@id\":\"https:\/\/tucuatro.com\/camburpinton\/#\/schema\/logo\/image\/\"}},{\"@type\":\"Person\",\"@id\":\"https:\/\/tucuatro.com\/camburpinton\/#\/schema\/person\/141b35330e8a81a00d5ef8935db77db8\",\"name\":\"TuCuatro\",\"image\":{\"@type\":\"ImageObject\",\"inLanguage\":\"es\",\"@id\":\"https:\/\/lh3.googleusercontent.com\/a\/ACg8ocJpXWC78m2R156JH61_KLq0wcZxI053SsIf7o1CBbeaUklQQKLF=s96-c?sz=50\",\"url\":\"https:\/\/lh3.googleusercontent.com\/a\/ACg8ocJpXWC78m2R156JH61_KLq0wcZxI053SsIf7o1CBbeaUklQQKLF=s96-c?sz=50\",\"contentUrl\":\"https:\/\/lh3.googleusercontent.com\/a\/ACg8ocJpXWC78m2R156JH61_KLq0wcZxI053SsIf7o1CBbeaUklQQKLF=s96-c?sz=50\",\"caption\":\"TuCuatro\"},\"description\":\"El \u00fanico sitio web para aprender a tocar el Cuatro en l\u00ednea. Cursos gratuitos, lecciones y acceso a profesores y m\u00fasicos profesionales. Visita TuCuatro para conocer m\u00e1s.\",\"sameAs\":[\"https:\/\/tucuatro.com\"],\"url\":\"https:\/\/tucuatro.com\/camburpinton\/author\/tucuatro\/\"}]}<\/script>\n<!-- \/ Yoast SEO plugin. -->","yoast_head_json":{"title":"Miguel Siso muestra \u201cIdentidad\u201d en Madrid - CamburPinton","description":"Este 27 de noviembre en la sala Galileo Galilei El venezolano ganador del Latin Grammy 2018 por su m\u00e1s reciente\u00a0\u00e1lbum, llega a la ciudad con su cuatro","robots":{"index":"index","follow":"follow","max-snippet":"max-snippet:-1","max-image-preview":"max-image-preview:large","max-video-preview":"max-video-preview:-1"},"canonical":"https:\/\/tucuatro.com\/camburpinton\/miguel-siso-muestra-identidad-en-madrid\/","og_locale":"es_ES","og_type":"article","og_title":"Miguel Siso muestra \u201cIdentidad\u201d en Madrid - CamburPinton","og_description":"Este 27 de noviembre en la sala Galileo Galilei El venezolano ganador del Latin Grammy 2018 por su m\u00e1s reciente\u00a0\u00e1lbum, llega a la ciudad con su cuatro","og_url":"https:\/\/tucuatro.com\/camburpinton\/miguel-siso-muestra-identidad-en-madrid\/","og_site_name":"CamburPinton","article_published_time":"2019-11-11T12:48:15+00:00","article_modified_time":"2020-02-22T17:52:19+00:00","author":"TuCuatro","twitter_card":"summary_large_image","twitter_misc":{"Escrito por":"TuCuatro","Tiempo de lectura":"3 minutos"},"schema":{"@context":"https:\/\/schema.org","@graph":[{"@type":"Article","@id":"https:\/\/tucuatro.com\/camburpinton\/miguel-siso-muestra-identidad-en-madrid\/#article","isPartOf":{"@id":"https:\/\/tucuatro.com\/camburpinton\/miguel-siso-muestra-identidad-en-madrid\/"},"author":{"name":"TuCuatro","@id":"https:\/\/tucuatro.com\/camburpinton\/#\/schema\/person\/141b35330e8a81a00d5ef8935db77db8"},"headline":"Miguel Siso muestra \u201cIdentidad\u201d en Madrid","datePublished":"2019-11-11T12:48:15+00:00","dateModified":"2020-02-22T17:52:19+00:00","mainEntityOfPage":{"@id":"https:\/\/tucuatro.com\/camburpinton\/miguel-siso-muestra-identidad-en-madrid\/"},"wordCount":677,"commentCount":0,"publisher":{"@id":"https:\/\/tucuatro.com\/camburpinton\/#organization"},"image":{"@id":"https:\/\/tucuatro.com\/camburpinton\/miguel-siso-muestra-identidad-en-madrid\/#primaryimage"},"thumbnailUrl":"","keywords":["alexis cardenas","aquiles baez","c4 trio","concierto","miguel siso","noches de guataca"],"articleSection":["Artistas y Cantantes","Noticias"],"inLanguage":"es","potentialAction":[{"@type":"CommentAction","name":"Comment","target":["https:\/\/tucuatro.com\/camburpinton\/miguel-siso-muestra-identidad-en-madrid\/#respond"]}]},{"@type":"WebPage","@id":"https:\/\/tucuatro.com\/camburpinton\/miguel-siso-muestra-identidad-en-madrid\/","url":"https:\/\/tucuatro.com\/camburpinton\/miguel-siso-muestra-identidad-en-madrid\/","name":"Miguel Siso muestra \u201cIdentidad\u201d en Madrid - CamburPinton","isPartOf":{"@id":"https:\/\/tucuatro.com\/camburpinton\/#website"},"primaryImageOfPage":{"@id":"https:\/\/tucuatro.com\/camburpinton\/miguel-siso-muestra-identidad-en-madrid\/#primaryimage"},"image":{"@id":"https:\/\/tucuatro.com\/camburpinton\/miguel-siso-muestra-identidad-en-madrid\/#primaryimage"},"thumbnailUrl":"","datePublished":"2019-11-11T12:48:15+00:00","dateModified":"2020-02-22T17:52:19+00:00","description":"Este 27 de noviembre en la sala Galileo Galilei El venezolano ganador del Latin Grammy 2018 por su m\u00e1s reciente\u00a0\u00e1lbum, llega a la ciudad con su cuatro","breadcrumb":{"@id":"https:\/\/tucuatro.com\/camburpinton\/miguel-siso-muestra-identidad-en-madrid\/#breadcrumb"},"inLanguage":"es","potentialAction":[{"@type":"ReadAction","target":["https:\/\/tucuatro.com\/camburpinton\/miguel-siso-muestra-identidad-en-madrid\/"]}]},{"@type":"ImageObject","inLanguage":"es","@id":"https:\/\/tucuatro.com\/camburpinton\/miguel-siso-muestra-identidad-en-madrid\/#primaryimage","url":"","contentUrl":""},{"@type":"BreadcrumbList","@id":"https:\/\/tucuatro.com\/camburpinton\/miguel-siso-muestra-identidad-en-madrid\/#breadcrumb","itemListElement":[{"@type":"ListItem","position":1,"name":"Portada","item":"https:\/\/tucuatro.com\/camburpinton\/"},{"@type":"ListItem","position":2,"name":"Miguel Siso muestra \u201cIdentidad\u201d en Madrid"}]},{"@type":"WebSite","@id":"https:\/\/tucuatro.com\/camburpinton\/#website","url":"https:\/\/tucuatro.com\/camburpinton\/","name":"CamburPinton","description":"El blog del Cuatro Venezolano, por TuCuatro","publisher":{"@id":"https:\/\/tucuatro.com\/camburpinton\/#organization"},"potentialAction":[{"@type":"SearchAction","target":{"@type":"EntryPoint","urlTemplate":"https:\/\/tucuatro.com\/camburpinton\/?s={search_term_string}"},"query-input":{"@type":"PropertyValueSpecification","valueRequired":true,"valueName":"search_term_string"}}],"inLanguage":"es"},{"@type":"Organization","@id":"https:\/\/tucuatro.com\/camburpinton\/#organization","name":"CamburPinton","url":"https:\/\/tucuatro.com\/camburpinton\/","logo":{"@type":"ImageObject","inLanguage":"es","@id":"https:\/\/tucuatro.com\/camburpinton\/#\/schema\/logo\/image\/","url":"https:\/\/tucuatro.com\/camburpinton\/wp-content\/uploads\/sites\/5\/2020\/02\/fretboard_icon_black-64px.png","contentUrl":"https:\/\/tucuatro.com\/camburpinton\/wp-content\/uploads\/sites\/5\/2020\/02\/fretboard_icon_black-64px.png","width":64,"height":107,"caption":"CamburPinton"},"image":{"@id":"https:\/\/tucuatro.com\/camburpinton\/#\/schema\/logo\/image\/"}},{"@type":"Person","@id":"https:\/\/tucuatro.com\/camburpinton\/#\/schema\/person\/141b35330e8a81a00d5ef8935db77db8","name":"TuCuatro","image":{"@type":"ImageObject","inLanguage":"es","@id":"https:\/\/lh3.googleusercontent.com\/a\/ACg8ocJpXWC78m2R156JH61_KLq0wcZxI053SsIf7o1CBbeaUklQQKLF=s96-c?sz=50","url":"https:\/\/lh3.googleusercontent.com\/a\/ACg8ocJpXWC78m2R156JH61_KLq0wcZxI053SsIf7o1CBbeaUklQQKLF=s96-c?sz=50","contentUrl":"https:\/\/lh3.googleusercontent.com\/a\/ACg8ocJpXWC78m2R156JH61_KLq0wcZxI053SsIf7o1CBbeaUklQQKLF=s96-c?sz=50","caption":"TuCuatro"},"description":"El \u00fanico sitio web para aprender a tocar el Cuatro en l\u00ednea. Cursos gratuitos, lecciones y acceso a profesores y m\u00fasicos profesionales. Visita TuCuatro para conocer m\u00e1s.","sameAs":["https:\/\/tucuatro.com"],"url":"https:\/\/tucuatro.com\/camburpinton\/author\/tucuatro\/"}]}},"_links":{"self":[{"href":"https:\/\/tucuatro.com\/camburpinton\/wp-json\/wp\/v2\/posts\/10288","targetHints":{"allow":["GET"]}}],"collection":[{"href":"https:\/\/tucuatro.com\/camburpinton\/wp-json\/wp\/v2\/posts"}],"about":[{"href":"https:\/\/tucuatro.com\/camburpinton\/wp-json\/wp\/v2\/types\/post"}],"author":[{"embeddable":true,"href":"https:\/\/tucuatro.com\/camburpinton\/wp-json\/wp\/v2\/users\/1"}],"replies":[{"embeddable":true,"href":"https:\/\/tucuatro.com\/camburpinton\/wp-json\/wp\/v2\/comments?post=10288"}],"version-history":[{"count":0,"href":"https:\/\/tucuatro.com\/camburpinton\/wp-json\/wp\/v2\/posts\/10288\/revisions"}],"wp:featuredmedia":[{"embeddable":true,"href":"https:\/\/tucuatro.com\/camburpinton\/wp-json\/"}],"wp:attachment":[{"href":"https:\/\/tucuatro.com\/camburpinton\/wp-json\/wp\/v2\/media?parent=10288"}],"wp:term":[{"taxonomy":"category","embeddable":true,"href":"https:\/\/tucuatro.com\/camburpinton\/wp-json\/wp\/v2\/categories?post=10288"},{"taxonomy":"post_tag","embeddable":true,"href":"https:\/\/tucuatro.com\/camburpinton\/wp-json\/wp\/v2\/tags?post=10288"}],"curies":[{"name":"wp","href":"https:\/\/api.w.org\/{rel}","templated":true}]}}