{"id":14407,"date":"2024-10-26T13:40:08","date_gmt":"2024-10-26T17:40:08","guid":{"rendered":"https:\/\/tucuatro.com\/camburpinton\/?p=14407"},"modified":"2024-10-03T13:41:40","modified_gmt":"2024-10-03T17:41:40","slug":"alexis-cardenas-capriccio-latino-nominado-al-latin-grammy-2024","status":"publish","type":"post","link":"https:\/\/tucuatro.com\/camburpinton\/alexis-cardenas-capriccio-latino-nominado-al-latin-grammy-2024\/","title":{"rendered":"Alexis C\u00e1rdenas: \u00abCapriccio Latino\u00bb Nominado al Latin GRAMMY 2024"},"content":{"rendered":"\n<p>Nos complace compartir una emocionante noticia de nuestro querido amigo y talentoso m\u00fasico Alexis C\u00e1rdenas, quien nos ha enviado un mensaje especial para invitarnos a disfrutar de su m\u00e1s reciente trabajo discogr\u00e1fico.<\/p>\n\n\n\n<h4 class=\"wp-block-heading\"><strong>\u00abCapriccio Latino\u00bb &#8211; Un viaje instrumental nominado al Latin GRAMMY<\/strong><\/h4>\n\n\n\n<p><strong>Alexis C\u00e1rdenas<\/strong> y su equipo han lanzado <strong>\u00abCapriccio Latino,\u00bb<\/strong> una obra maestra que ya ha captado la atenci\u00f3n de la academia musical, recibiendo una <strong>nominaci\u00f3n al Latin GRAMMY\u00ae 2024 en la categor\u00eda de Mejor \u00c1lbum Instrumental<\/strong>.<\/p>\n\n\n\n<p>Este \u00e1lbum es una celebraci\u00f3n de la riqueza musical latinoamericana y un testimonio del talento y esfuerzo de <strong>m\u00fasicos colaboradores<\/strong> que han hecho posible esta producci\u00f3n. Alexis expresa su m\u00e1s sincero agradecimiento a todos los que participaron en este proyecto.<\/p>\n\n\n\n<p>\u00a1Ya est\u00e1 disponible para que lo disfrutes en todas las plataformas digitales de m\u00fasica!<\/p>\n\n\n\n<h4 class=\"wp-block-heading\"><strong>Esc\u00fachalo ahora en Spotify:<\/strong><\/h4>\n\n\n\n<figure class=\"wp-block-embed is-type-rich is-provider-spotify wp-block-embed-spotify wp-embed-aspect-21-9 wp-has-aspect-ratio\"><div class=\"wp-block-embed__wrapper\">\n<iframe title=\"Spotify Embed: Capriccio Latino\" style=\"border-radius: 12px\" width=\"100%\" height=\"352\" frameborder=\"0\" allowfullscreen allow=\"autoplay; clipboard-write; encrypted-media; fullscreen; picture-in-picture\" loading=\"lazy\" src=\"https:\/\/open.spotify.com\/embed\/album\/5Fmy69RhrAlaCEiGawdWSQ?utm_source=oembed\"><\/iframe>\n<\/div><\/figure>\n\n\n\n<p><a href=\"https:\/\/open.spotify.com\/album\/5Fmy69RhrAlaCEiGawdWSQ\">Capriccio Latino &#8211; Alexis C\u00e1rdenas<\/a><\/p>\n\n\n\n<p>No te pierdas la oportunidad de escuchar este \u00e1lbum nominado y ser parte de esta celebraci\u00f3n de la m\u00fasica instrumental de nuestra regi\u00f3n.<\/p>\n","protected":false},"excerpt":{"rendered":"<p>Nos complace compartir una emocionante noticia de nuestro querido amigo y talentoso m\u00fasico Alexis C\u00e1rdenas, quien nos ha enviado un mensaje especial para invitarnos a disfrutar de su m\u00e1s reciente trabajo discogr\u00e1fico. \u00abCapriccio Latino\u00bb &#8211; Un viaje instrumental nominado al Latin GRAMMY Alexis C\u00e1rdenas y su equipo han lanzado \u00abCapriccio Latino,\u00bb una obra maestra que [&hellip;]<\/p>\n","protected":false},"author":1,"featured_media":14408,"comment_status":"open","ping_status":"closed","sticky":false,"template":"","format":"standard","meta":{"content-type":"","footnotes":""},"categories":[43],"tags":[219],"class_list":["post-14407","post","type-post","status-publish","format-standard","has-post-thumbnail","hentry","category-artistas","tag-alexis-cardenas"],"yoast_head":"<!-- This site is optimized with the Yoast SEO plugin v27.2 - https:\/\/yoast.com\/product\/yoast-seo-wordpress\/ -->\n<title>Alexis C\u00e1rdenas: &quot;Capriccio Latino&quot; Nominado al Latin GRAMMY 2024 - CamburPinton<\/title>\n<meta name=\"description\" content=\"Nos complace compartir una emocionante noticia de nuestro querido amigo y talentoso m\u00fasico Alexis C\u00e1rdenas, quien nos ha enviado un mensaje especial para\" \/>\n<meta name=\"robots\" content=\"index, follow, max-snippet:-1, max-image-preview:large, max-video-preview:-1\" \/>\n<link rel=\"canonical\" href=\"https:\/\/tucuatro.com\/camburpinton\/alexis-cardenas-capriccio-latino-nominado-al-latin-grammy-2024\/\" \/>\n<meta property=\"og:locale\" content=\"es_ES\" \/>\n<meta property=\"og:type\" content=\"article\" \/>\n<meta property=\"og:title\" content=\"Alexis C\u00e1rdenas: &quot;Capriccio Latino&quot; Nominado al Latin GRAMMY 2024 - CamburPinton\" \/>\n<meta property=\"og:description\" content=\"Nos complace compartir una emocionante noticia de nuestro querido amigo y talentoso m\u00fasico Alexis C\u00e1rdenas, quien nos ha enviado un mensaje especial para\" \/>\n<meta property=\"og:url\" content=\"https:\/\/tucuatro.com\/camburpinton\/alexis-cardenas-capriccio-latino-nominado-al-latin-grammy-2024\/\" \/>\n<meta property=\"og:site_name\" content=\"CamburPinton\" \/>\n<meta property=\"article:published_time\" content=\"2024-10-26T17:40:08+00:00\" \/>\n<meta property=\"og:image\" content=\"https:\/\/tucuatro.com\/camburpinton\/wp-content\/uploads\/sites\/5\/2024\/10\/Screenshot-2024-10-03-at-1.40.35\u202fPM.png\" \/>\n\t<meta property=\"og:image:width\" content=\"438\" \/>\n\t<meta property=\"og:image:height\" content=\"216\" \/>\n\t<meta property=\"og:image:type\" content=\"image\/png\" \/>\n<meta name=\"author\" content=\"TuCuatro\" \/>\n<meta name=\"twitter:card\" content=\"summary_large_image\" \/>\n<meta name=\"twitter:label1\" content=\"Escrito por\" \/>\n\t<meta name=\"twitter:data1\" content=\"TuCuatro\" \/>\n\t<meta name=\"twitter:label2\" content=\"Tiempo de lectura\" \/>\n\t<meta name=\"twitter:data2\" content=\"1 minuto\" \/>\n<script type=\"application\/ld+json\" class=\"yoast-schema-graph\">{\"@context\":\"https:\/\/schema.org\",\"@graph\":[{\"@type\":\"Article\",\"@id\":\"https:\/\/tucuatro.com\/camburpinton\/alexis-cardenas-capriccio-latino-nominado-al-latin-grammy-2024\/#article\",\"isPartOf\":{\"@id\":\"https:\/\/tucuatro.com\/camburpinton\/alexis-cardenas-capriccio-latino-nominado-al-latin-grammy-2024\/\"},\"author\":{\"name\":\"TuCuatro\",\"@id\":\"https:\/\/tucuatro.com\/camburpinton\/#\/schema\/person\/141b35330e8a81a00d5ef8935db77db8\"},\"headline\":\"Alexis C\u00e1rdenas: \u00abCapriccio Latino\u00bb Nominado al Latin GRAMMY 2024\",\"datePublished\":\"2024-10-26T17:40:08+00:00\",\"mainEntityOfPage\":{\"@id\":\"https:\/\/tucuatro.com\/camburpinton\/alexis-cardenas-capriccio-latino-nominado-al-latin-grammy-2024\/\"},\"wordCount\":197,\"commentCount\":0,\"publisher\":{\"@id\":\"https:\/\/tucuatro.com\/camburpinton\/#organization\"},\"image\":{\"@id\":\"https:\/\/tucuatro.com\/camburpinton\/alexis-cardenas-capriccio-latino-nominado-al-latin-grammy-2024\/#primaryimage\"},\"thumbnailUrl\":\"https:\/\/tucuatro.com\/camburpinton\/wp-content\/uploads\/sites\/5\/2024\/10\/Screenshot-2024-10-03-at-1.40.35\u202fPM.png\",\"keywords\":[\"alexis cardenas\"],\"articleSection\":[\"Artistas y Cantantes\"],\"inLanguage\":\"es\",\"potentialAction\":[{\"@type\":\"CommentAction\",\"name\":\"Comment\",\"target\":[\"https:\/\/tucuatro.com\/camburpinton\/alexis-cardenas-capriccio-latino-nominado-al-latin-grammy-2024\/#respond\"]}]},{\"@type\":\"WebPage\",\"@id\":\"https:\/\/tucuatro.com\/camburpinton\/alexis-cardenas-capriccio-latino-nominado-al-latin-grammy-2024\/\",\"url\":\"https:\/\/tucuatro.com\/camburpinton\/alexis-cardenas-capriccio-latino-nominado-al-latin-grammy-2024\/\",\"name\":\"Alexis C\u00e1rdenas: \\\"Capriccio Latino\\\" Nominado al Latin GRAMMY 2024 - CamburPinton\",\"isPartOf\":{\"@id\":\"https:\/\/tucuatro.com\/camburpinton\/#website\"},\"primaryImageOfPage\":{\"@id\":\"https:\/\/tucuatro.com\/camburpinton\/alexis-cardenas-capriccio-latino-nominado-al-latin-grammy-2024\/#primaryimage\"},\"image\":{\"@id\":\"https:\/\/tucuatro.com\/camburpinton\/alexis-cardenas-capriccio-latino-nominado-al-latin-grammy-2024\/#primaryimage\"},\"thumbnailUrl\":\"https:\/\/tucuatro.com\/camburpinton\/wp-content\/uploads\/sites\/5\/2024\/10\/Screenshot-2024-10-03-at-1.40.35\u202fPM.png\",\"datePublished\":\"2024-10-26T17:40:08+00:00\",\"description\":\"Nos complace compartir una emocionante noticia de nuestro querido amigo y talentoso m\u00fasico Alexis C\u00e1rdenas, quien nos ha enviado un mensaje especial para\",\"breadcrumb\":{\"@id\":\"https:\/\/tucuatro.com\/camburpinton\/alexis-cardenas-capriccio-latino-nominado-al-latin-grammy-2024\/#breadcrumb\"},\"inLanguage\":\"es\",\"potentialAction\":[{\"@type\":\"ReadAction\",\"target\":[\"https:\/\/tucuatro.com\/camburpinton\/alexis-cardenas-capriccio-latino-nominado-al-latin-grammy-2024\/\"]}]},{\"@type\":\"ImageObject\",\"inLanguage\":\"es\",\"@id\":\"https:\/\/tucuatro.com\/camburpinton\/alexis-cardenas-capriccio-latino-nominado-al-latin-grammy-2024\/#primaryimage\",\"url\":\"https:\/\/tucuatro.com\/camburpinton\/wp-content\/uploads\/sites\/5\/2024\/10\/Screenshot-2024-10-03-at-1.40.35\u202fPM.png\",\"contentUrl\":\"https:\/\/tucuatro.com\/camburpinton\/wp-content\/uploads\/sites\/5\/2024\/10\/Screenshot-2024-10-03-at-1.40.35\u202fPM.png\",\"width\":438,\"height\":216},{\"@type\":\"BreadcrumbList\",\"@id\":\"https:\/\/tucuatro.com\/camburpinton\/alexis-cardenas-capriccio-latino-nominado-al-latin-grammy-2024\/#breadcrumb\",\"itemListElement\":[{\"@type\":\"ListItem\",\"position\":1,\"name\":\"Portada\",\"item\":\"https:\/\/tucuatro.com\/camburpinton\/\"},{\"@type\":\"ListItem\",\"position\":2,\"name\":\"Alexis C\u00e1rdenas: &#8220;Capriccio Latino&#8221; Nominado al Latin GRAMMY 2024\"}]},{\"@type\":\"WebSite\",\"@id\":\"https:\/\/tucuatro.com\/camburpinton\/#website\",\"url\":\"https:\/\/tucuatro.com\/camburpinton\/\",\"name\":\"CamburPinton\",\"description\":\"El blog del Cuatro Venezolano, por TuCuatro\",\"publisher\":{\"@id\":\"https:\/\/tucuatro.com\/camburpinton\/#organization\"},\"potentialAction\":[{\"@type\":\"SearchAction\",\"target\":{\"@type\":\"EntryPoint\",\"urlTemplate\":\"https:\/\/tucuatro.com\/camburpinton\/?s={search_term_string}\"},\"query-input\":{\"@type\":\"PropertyValueSpecification\",\"valueRequired\":true,\"valueName\":\"search_term_string\"}}],\"inLanguage\":\"es\"},{\"@type\":\"Organization\",\"@id\":\"https:\/\/tucuatro.com\/camburpinton\/#organization\",\"name\":\"CamburPinton\",\"url\":\"https:\/\/tucuatro.com\/camburpinton\/\",\"logo\":{\"@type\":\"ImageObject\",\"inLanguage\":\"es\",\"@id\":\"https:\/\/tucuatro.com\/camburpinton\/#\/schema\/logo\/image\/\",\"url\":\"https:\/\/tucuatro.com\/camburpinton\/wp-content\/uploads\/sites\/5\/2020\/02\/fretboard_icon_black-64px.png\",\"contentUrl\":\"https:\/\/tucuatro.com\/camburpinton\/wp-content\/uploads\/sites\/5\/2020\/02\/fretboard_icon_black-64px.png\",\"width\":64,\"height\":107,\"caption\":\"CamburPinton\"},\"image\":{\"@id\":\"https:\/\/tucuatro.com\/camburpinton\/#\/schema\/logo\/image\/\"}},{\"@type\":\"Person\",\"@id\":\"https:\/\/tucuatro.com\/camburpinton\/#\/schema\/person\/141b35330e8a81a00d5ef8935db77db8\",\"name\":\"TuCuatro\",\"image\":{\"@type\":\"ImageObject\",\"inLanguage\":\"es\",\"@id\":\"https:\/\/lh3.googleusercontent.com\/a\/ACg8ocJpXWC78m2R156JH61_KLq0wcZxI053SsIf7o1CBbeaUklQQKLF=s96-c?sz=50\",\"url\":\"https:\/\/lh3.googleusercontent.com\/a\/ACg8ocJpXWC78m2R156JH61_KLq0wcZxI053SsIf7o1CBbeaUklQQKLF=s96-c?sz=50\",\"contentUrl\":\"https:\/\/lh3.googleusercontent.com\/a\/ACg8ocJpXWC78m2R156JH61_KLq0wcZxI053SsIf7o1CBbeaUklQQKLF=s96-c?sz=50\",\"caption\":\"TuCuatro\"},\"description\":\"El \u00fanico sitio web para aprender a tocar el Cuatro en l\u00ednea. Cursos gratuitos, lecciones y acceso a profesores y m\u00fasicos profesionales. Visita TuCuatro para conocer m\u00e1s.\",\"sameAs\":[\"https:\/\/tucuatro.com\"],\"url\":\"https:\/\/tucuatro.com\/camburpinton\/author\/tucuatro\/\"}]}<\/script>\n<!-- \/ Yoast SEO plugin. -->","yoast_head_json":{"title":"Alexis C\u00e1rdenas: \"Capriccio Latino\" Nominado al Latin GRAMMY 2024 - CamburPinton","description":"Nos complace compartir una emocionante noticia de nuestro querido amigo y talentoso m\u00fasico Alexis C\u00e1rdenas, quien nos ha enviado un mensaje especial para","robots":{"index":"index","follow":"follow","max-snippet":"max-snippet:-1","max-image-preview":"max-image-preview:large","max-video-preview":"max-video-preview:-1"},"canonical":"https:\/\/tucuatro.com\/camburpinton\/alexis-cardenas-capriccio-latino-nominado-al-latin-grammy-2024\/","og_locale":"es_ES","og_type":"article","og_title":"Alexis C\u00e1rdenas: \"Capriccio Latino\" Nominado al Latin GRAMMY 2024 - CamburPinton","og_description":"Nos complace compartir una emocionante noticia de nuestro querido amigo y talentoso m\u00fasico Alexis C\u00e1rdenas, quien nos ha enviado un mensaje especial para","og_url":"https:\/\/tucuatro.com\/camburpinton\/alexis-cardenas-capriccio-latino-nominado-al-latin-grammy-2024\/","og_site_name":"CamburPinton","article_published_time":"2024-10-26T17:40:08+00:00","og_image":[{"width":438,"height":216,"url":"https:\/\/tucuatro.com\/camburpinton\/wp-content\/uploads\/sites\/5\/2024\/10\/Screenshot-2024-10-03-at-1.40.35\u202fPM.png","type":"image\/png"}],"author":"TuCuatro","twitter_card":"summary_large_image","twitter_misc":{"Escrito por":"TuCuatro","Tiempo de lectura":"1 minuto"},"schema":{"@context":"https:\/\/schema.org","@graph":[{"@type":"Article","@id":"https:\/\/tucuatro.com\/camburpinton\/alexis-cardenas-capriccio-latino-nominado-al-latin-grammy-2024\/#article","isPartOf":{"@id":"https:\/\/tucuatro.com\/camburpinton\/alexis-cardenas-capriccio-latino-nominado-al-latin-grammy-2024\/"},"author":{"name":"TuCuatro","@id":"https:\/\/tucuatro.com\/camburpinton\/#\/schema\/person\/141b35330e8a81a00d5ef8935db77db8"},"headline":"Alexis C\u00e1rdenas: \u00abCapriccio Latino\u00bb Nominado al Latin GRAMMY 2024","datePublished":"2024-10-26T17:40:08+00:00","mainEntityOfPage":{"@id":"https:\/\/tucuatro.com\/camburpinton\/alexis-cardenas-capriccio-latino-nominado-al-latin-grammy-2024\/"},"wordCount":197,"commentCount":0,"publisher":{"@id":"https:\/\/tucuatro.com\/camburpinton\/#organization"},"image":{"@id":"https:\/\/tucuatro.com\/camburpinton\/alexis-cardenas-capriccio-latino-nominado-al-latin-grammy-2024\/#primaryimage"},"thumbnailUrl":"https:\/\/tucuatro.com\/camburpinton\/wp-content\/uploads\/sites\/5\/2024\/10\/Screenshot-2024-10-03-at-1.40.35\u202fPM.png","keywords":["alexis cardenas"],"articleSection":["Artistas y Cantantes"],"inLanguage":"es","potentialAction":[{"@type":"CommentAction","name":"Comment","target":["https:\/\/tucuatro.com\/camburpinton\/alexis-cardenas-capriccio-latino-nominado-al-latin-grammy-2024\/#respond"]}]},{"@type":"WebPage","@id":"https:\/\/tucuatro.com\/camburpinton\/alexis-cardenas-capriccio-latino-nominado-al-latin-grammy-2024\/","url":"https:\/\/tucuatro.com\/camburpinton\/alexis-cardenas-capriccio-latino-nominado-al-latin-grammy-2024\/","name":"Alexis C\u00e1rdenas: \"Capriccio Latino\" Nominado al Latin GRAMMY 2024 - CamburPinton","isPartOf":{"@id":"https:\/\/tucuatro.com\/camburpinton\/#website"},"primaryImageOfPage":{"@id":"https:\/\/tucuatro.com\/camburpinton\/alexis-cardenas-capriccio-latino-nominado-al-latin-grammy-2024\/#primaryimage"},"image":{"@id":"https:\/\/tucuatro.com\/camburpinton\/alexis-cardenas-capriccio-latino-nominado-al-latin-grammy-2024\/#primaryimage"},"thumbnailUrl":"https:\/\/tucuatro.com\/camburpinton\/wp-content\/uploads\/sites\/5\/2024\/10\/Screenshot-2024-10-03-at-1.40.35\u202fPM.png","datePublished":"2024-10-26T17:40:08+00:00","description":"Nos complace compartir una emocionante noticia de nuestro querido amigo y talentoso m\u00fasico Alexis C\u00e1rdenas, quien nos ha enviado un mensaje especial para","breadcrumb":{"@id":"https:\/\/tucuatro.com\/camburpinton\/alexis-cardenas-capriccio-latino-nominado-al-latin-grammy-2024\/#breadcrumb"},"inLanguage":"es","potentialAction":[{"@type":"ReadAction","target":["https:\/\/tucuatro.com\/camburpinton\/alexis-cardenas-capriccio-latino-nominado-al-latin-grammy-2024\/"]}]},{"@type":"ImageObject","inLanguage":"es","@id":"https:\/\/tucuatro.com\/camburpinton\/alexis-cardenas-capriccio-latino-nominado-al-latin-grammy-2024\/#primaryimage","url":"https:\/\/tucuatro.com\/camburpinton\/wp-content\/uploads\/sites\/5\/2024\/10\/Screenshot-2024-10-03-at-1.40.35\u202fPM.png","contentUrl":"https:\/\/tucuatro.com\/camburpinton\/wp-content\/uploads\/sites\/5\/2024\/10\/Screenshot-2024-10-03-at-1.40.35\u202fPM.png","width":438,"height":216},{"@type":"BreadcrumbList","@id":"https:\/\/tucuatro.com\/camburpinton\/alexis-cardenas-capriccio-latino-nominado-al-latin-grammy-2024\/#breadcrumb","itemListElement":[{"@type":"ListItem","position":1,"name":"Portada","item":"https:\/\/tucuatro.com\/camburpinton\/"},{"@type":"ListItem","position":2,"name":"Alexis C\u00e1rdenas: &#8220;Capriccio Latino&#8221; Nominado al Latin GRAMMY 2024"}]},{"@type":"WebSite","@id":"https:\/\/tucuatro.com\/camburpinton\/#website","url":"https:\/\/tucuatro.com\/camburpinton\/","name":"CamburPinton","description":"El blog del Cuatro Venezolano, por TuCuatro","publisher":{"@id":"https:\/\/tucuatro.com\/camburpinton\/#organization"},"potentialAction":[{"@type":"SearchAction","target":{"@type":"EntryPoint","urlTemplate":"https:\/\/tucuatro.com\/camburpinton\/?s={search_term_string}"},"query-input":{"@type":"PropertyValueSpecification","valueRequired":true,"valueName":"search_term_string"}}],"inLanguage":"es"},{"@type":"Organization","@id":"https:\/\/tucuatro.com\/camburpinton\/#organization","name":"CamburPinton","url":"https:\/\/tucuatro.com\/camburpinton\/","logo":{"@type":"ImageObject","inLanguage":"es","@id":"https:\/\/tucuatro.com\/camburpinton\/#\/schema\/logo\/image\/","url":"https:\/\/tucuatro.com\/camburpinton\/wp-content\/uploads\/sites\/5\/2020\/02\/fretboard_icon_black-64px.png","contentUrl":"https:\/\/tucuatro.com\/camburpinton\/wp-content\/uploads\/sites\/5\/2020\/02\/fretboard_icon_black-64px.png","width":64,"height":107,"caption":"CamburPinton"},"image":{"@id":"https:\/\/tucuatro.com\/camburpinton\/#\/schema\/logo\/image\/"}},{"@type":"Person","@id":"https:\/\/tucuatro.com\/camburpinton\/#\/schema\/person\/141b35330e8a81a00d5ef8935db77db8","name":"TuCuatro","image":{"@type":"ImageObject","inLanguage":"es","@id":"https:\/\/lh3.googleusercontent.com\/a\/ACg8ocJpXWC78m2R156JH61_KLq0wcZxI053SsIf7o1CBbeaUklQQKLF=s96-c?sz=50","url":"https:\/\/lh3.googleusercontent.com\/a\/ACg8ocJpXWC78m2R156JH61_KLq0wcZxI053SsIf7o1CBbeaUklQQKLF=s96-c?sz=50","contentUrl":"https:\/\/lh3.googleusercontent.com\/a\/ACg8ocJpXWC78m2R156JH61_KLq0wcZxI053SsIf7o1CBbeaUklQQKLF=s96-c?sz=50","caption":"TuCuatro"},"description":"El \u00fanico sitio web para aprender a tocar el Cuatro en l\u00ednea. Cursos gratuitos, lecciones y acceso a profesores y m\u00fasicos profesionales. Visita TuCuatro para conocer m\u00e1s.","sameAs":["https:\/\/tucuatro.com"],"url":"https:\/\/tucuatro.com\/camburpinton\/author\/tucuatro\/"}]}},"_links":{"self":[{"href":"https:\/\/tucuatro.com\/camburpinton\/wp-json\/wp\/v2\/posts\/14407","targetHints":{"allow":["GET"]}}],"collection":[{"href":"https:\/\/tucuatro.com\/camburpinton\/wp-json\/wp\/v2\/posts"}],"about":[{"href":"https:\/\/tucuatro.com\/camburpinton\/wp-json\/wp\/v2\/types\/post"}],"author":[{"embeddable":true,"href":"https:\/\/tucuatro.com\/camburpinton\/wp-json\/wp\/v2\/users\/1"}],"replies":[{"embeddable":true,"href":"https:\/\/tucuatro.com\/camburpinton\/wp-json\/wp\/v2\/comments?post=14407"}],"version-history":[{"count":0,"href":"https:\/\/tucuatro.com\/camburpinton\/wp-json\/wp\/v2\/posts\/14407\/revisions"}],"wp:featuredmedia":[{"embeddable":true,"href":"https:\/\/tucuatro.com\/camburpinton\/wp-json\/wp\/v2\/media\/14408"}],"wp:attachment":[{"href":"https:\/\/tucuatro.com\/camburpinton\/wp-json\/wp\/v2\/media?parent=14407"}],"wp:term":[{"taxonomy":"category","embeddable":true,"href":"https:\/\/tucuatro.com\/camburpinton\/wp-json\/wp\/v2\/categories?post=14407"},{"taxonomy":"post_tag","embeddable":true,"href":"https:\/\/tucuatro.com\/camburpinton\/wp-json\/wp\/v2\/tags?post=14407"}],"curies":[{"name":"wp","href":"https:\/\/api.w.org\/{rel}","templated":true}]}}