{"id":1552,"date":"2014-06-04T19:40:43","date_gmt":"2014-06-05T00:10:43","guid":{"rendered":"http:\/\/info.tucuatro.com\/?p=1552"},"modified":"2020-02-22T15:03:02","modified_gmt":"2020-02-22T19:03:02","slug":"servando-primera-junto-a-la-mau-te-dedican-esta-cancion","status":"publish","type":"post","link":"https:\/\/tucuatro.com\/camburpinton\/servando-primera-junto-a-la-mau-te-dedican-esta-cancion\/","title":{"rendered":"Servando Primera junto a la MAU te dedican esta cancion"},"content":{"rendered":"<p>[soundcloud url=\u00bbhttps:\/\/api.soundcloud.com\/tracks\/152764895&#8243; params=\u00bbauto_play=false&amp;hide_related=false&amp;show_comments=true&amp;show_user=true&amp;show_reposts=false&amp;visual=true\u00bb width=\u00bb100%\u00bb height=\u00bb450&#8243; iframe=\u00bbtrue\u00bb \/]<\/p>\n<p>\u00abEn el sur\u00bb (Servando Primera) &#8211; Tambor de Patanemo<\/p>\n<p>Esta canci\u00f3n fue realizada\u00a0para el CD \u00abRock and MAU II\u00bb grabado en el 2014<\/p>\n<p>Producida por\u00a0Alvaro Paiva Bimbo, Diego \u00abEl Negro\u00bb Alvarez &amp; Germ\u00e1n Landaeta<\/p>\n<p>Todos los arreglos son del guitarrista y compositor Alvaro Paiva Bimbo<\/p>\n<p>Voces: Servando Primera<br \/>\nFlauta: Eric Chac\u00f3n<br \/>\nViolin: C\u00e9sar Natera<br \/>\nMandolina: Jorge Torres<br \/>\nTrompeta: Gerald Chac\u00f3n<br \/>\nGuitarra El\u00e9ctrica: Hugo Fuguet<br \/>\nCuatro: Jorge Glem<br \/>\nCuatro: Edward Ram\u00edrez<br \/>\nGuitarra: Alvaro Paiva Bimbo<br \/>\nMaracas: Manuel Rangel<br \/>\nBajo: Rodner Padilla<br \/>\nPiano: C\u00e9sar Orozco<br \/>\nCajon: Diego \u00c1lvarez<br \/>\nPercusi\u00f3n AfroVenezolana: Yonathan Gavidia<br \/>\nBater\u00eda: Adolfo Herrera<br \/>\nCoros: Hiyan\u00fa Alc\u00e1ntara, Ana Carmela Ram\u00edrez, Constanza Liz, Diego \u00c1lvarez, El\u00edas Bruzual, Reynaldo Goit\u00eda, Armando \u00c1\u00f1ez<\/p>\n","protected":false},"excerpt":{"rendered":"<p>[soundcloud url=\u00bbhttps:\/\/api.soundcloud.com\/tracks\/152764895&#8243; params=\u00bbauto_play=false&amp;hide_related=false&amp;show_comments=true&amp;show_user=true&amp;show_reposts=false&amp;visual=true\u00bb width=\u00bb100%\u00bb height=\u00bb450&#8243; iframe=\u00bbtrue\u00bb \/] \u00abEn el sur\u00bb (Servando Primera) &#8211; Tambor de Patanemo Esta canci\u00f3n fue realizada\u00a0para el CD \u00abRock and MAU II\u00bb grabado en el 2014 Producida por\u00a0Alvaro Paiva Bimbo, Diego \u00abEl Negro\u00bb Alvarez &amp; Germ\u00e1n Landaeta Todos los arreglos son del guitarrista y compositor Alvaro Paiva Bimbo Voces: Servando Primera [&hellip;]<\/p>\n","protected":false},"author":5823,"featured_media":1556,"comment_status":"open","ping_status":"open","sticky":false,"template":"","format":"standard","meta":{"content-type":"","footnotes":""},"categories":[30],"tags":[328,59,336,112,715],"class_list":["post-1552","post","type-post","status-publish","format-standard","has-post-thumbnail","hentry","category-noticias","tag-edward-ramirez","tag-jorge-glem","tag-luis-natera","tag-mau","tag-servando-primera"],"yoast_head":"<!-- This site is optimized with the Yoast SEO plugin v27.2 - https:\/\/yoast.com\/product\/yoast-seo-wordpress\/ -->\n<title>Servando Primera junto a la MAU te dedican esta cancion - CamburPinton<\/title>\n<meta name=\"description\" content=\"&quot;En el sur&quot; (Servando Primera) - Tambor de Patanemo Esta canci\u00f3n fue realizada\u00a0para el CD &quot;Rock and MAU II&quot; grabado en el 2014 Producida por\u00a0Alvaro Paiva\" \/>\n<meta name=\"robots\" content=\"index, follow, max-snippet:-1, max-image-preview:large, max-video-preview:-1\" \/>\n<link rel=\"canonical\" href=\"https:\/\/tucuatro.com\/camburpinton\/servando-primera-junto-a-la-mau-te-dedican-esta-cancion\/\" \/>\n<meta property=\"og:locale\" content=\"es_ES\" \/>\n<meta property=\"og:type\" content=\"article\" \/>\n<meta property=\"og:title\" content=\"Servando Primera junto a la MAU te dedican esta cancion - CamburPinton\" \/>\n<meta property=\"og:description\" content=\"&quot;En el sur&quot; (Servando Primera) - Tambor de Patanemo Esta canci\u00f3n fue realizada\u00a0para el CD &quot;Rock and MAU II&quot; grabado en el 2014 Producida por\u00a0Alvaro Paiva\" \/>\n<meta property=\"og:url\" content=\"https:\/\/tucuatro.com\/camburpinton\/servando-primera-junto-a-la-mau-te-dedican-esta-cancion\/\" \/>\n<meta property=\"og:site_name\" content=\"CamburPinton\" \/>\n<meta property=\"article:published_time\" content=\"2014-06-05T00:10:43+00:00\" \/>\n<meta property=\"article:modified_time\" content=\"2020-02-22T19:03:02+00:00\" \/>\n<meta name=\"author\" content=\"noticiastucuatro\" \/>\n<meta name=\"twitter:card\" content=\"summary_large_image\" \/>\n<meta name=\"twitter:label1\" content=\"Escrito por\" \/>\n\t<meta name=\"twitter:data1\" content=\"noticiastucuatro\" \/>\n\t<meta name=\"twitter:label2\" content=\"Tiempo de lectura\" \/>\n\t<meta name=\"twitter:data2\" content=\"1 minuto\" \/>\n<script type=\"application\/ld+json\" class=\"yoast-schema-graph\">{\"@context\":\"https:\/\/schema.org\",\"@graph\":[{\"@type\":\"Article\",\"@id\":\"https:\/\/tucuatro.com\/camburpinton\/servando-primera-junto-a-la-mau-te-dedican-esta-cancion\/#article\",\"isPartOf\":{\"@id\":\"https:\/\/tucuatro.com\/camburpinton\/servando-primera-junto-a-la-mau-te-dedican-esta-cancion\/\"},\"author\":{\"name\":\"noticiastucuatro\",\"@id\":\"https:\/\/tucuatro.com\/camburpinton\/#\/schema\/person\/bfbf34069d0728d153d7624713ba0f73\"},\"headline\":\"Servando Primera junto a la MAU te dedican esta cancion\",\"datePublished\":\"2014-06-05T00:10:43+00:00\",\"dateModified\":\"2020-02-22T19:03:02+00:00\",\"mainEntityOfPage\":{\"@id\":\"https:\/\/tucuatro.com\/camburpinton\/servando-primera-junto-a-la-mau-te-dedican-esta-cancion\/\"},\"wordCount\":168,\"commentCount\":0,\"publisher\":{\"@id\":\"https:\/\/tucuatro.com\/camburpinton\/#organization\"},\"image\":{\"@id\":\"https:\/\/tucuatro.com\/camburpinton\/servando-primera-junto-a-la-mau-te-dedican-esta-cancion\/#primaryimage\"},\"thumbnailUrl\":\"\",\"keywords\":[\"edward ramirez\",\"jorge glem\",\"luis natera\",\"mau\",\"Servando Primera\"],\"articleSection\":[\"Noticias\"],\"inLanguage\":\"es\",\"potentialAction\":[{\"@type\":\"CommentAction\",\"name\":\"Comment\",\"target\":[\"https:\/\/tucuatro.com\/camburpinton\/servando-primera-junto-a-la-mau-te-dedican-esta-cancion\/#respond\"]}]},{\"@type\":\"WebPage\",\"@id\":\"https:\/\/tucuatro.com\/camburpinton\/servando-primera-junto-a-la-mau-te-dedican-esta-cancion\/\",\"url\":\"https:\/\/tucuatro.com\/camburpinton\/servando-primera-junto-a-la-mau-te-dedican-esta-cancion\/\",\"name\":\"Servando Primera junto a la MAU te dedican esta cancion - CamburPinton\",\"isPartOf\":{\"@id\":\"https:\/\/tucuatro.com\/camburpinton\/#website\"},\"primaryImageOfPage\":{\"@id\":\"https:\/\/tucuatro.com\/camburpinton\/servando-primera-junto-a-la-mau-te-dedican-esta-cancion\/#primaryimage\"},\"image\":{\"@id\":\"https:\/\/tucuatro.com\/camburpinton\/servando-primera-junto-a-la-mau-te-dedican-esta-cancion\/#primaryimage\"},\"thumbnailUrl\":\"\",\"datePublished\":\"2014-06-05T00:10:43+00:00\",\"dateModified\":\"2020-02-22T19:03:02+00:00\",\"description\":\"\\\"En el sur\\\" (Servando Primera) - Tambor de Patanemo Esta canci\u00f3n fue realizada\u00a0para el CD \\\"Rock and MAU II\\\" grabado en el 2014 Producida por\u00a0Alvaro Paiva\",\"breadcrumb\":{\"@id\":\"https:\/\/tucuatro.com\/camburpinton\/servando-primera-junto-a-la-mau-te-dedican-esta-cancion\/#breadcrumb\"},\"inLanguage\":\"es\",\"potentialAction\":[{\"@type\":\"ReadAction\",\"target\":[\"https:\/\/tucuatro.com\/camburpinton\/servando-primera-junto-a-la-mau-te-dedican-esta-cancion\/\"]}]},{\"@type\":\"ImageObject\",\"inLanguage\":\"es\",\"@id\":\"https:\/\/tucuatro.com\/camburpinton\/servando-primera-junto-a-la-mau-te-dedican-esta-cancion\/#primaryimage\",\"url\":\"\",\"contentUrl\":\"\"},{\"@type\":\"BreadcrumbList\",\"@id\":\"https:\/\/tucuatro.com\/camburpinton\/servando-primera-junto-a-la-mau-te-dedican-esta-cancion\/#breadcrumb\",\"itemListElement\":[{\"@type\":\"ListItem\",\"position\":1,\"name\":\"Portada\",\"item\":\"https:\/\/tucuatro.com\/camburpinton\/\"},{\"@type\":\"ListItem\",\"position\":2,\"name\":\"Servando Primera junto a la MAU te dedican esta cancion\"}]},{\"@type\":\"WebSite\",\"@id\":\"https:\/\/tucuatro.com\/camburpinton\/#website\",\"url\":\"https:\/\/tucuatro.com\/camburpinton\/\",\"name\":\"CamburPinton\",\"description\":\"El blog del Cuatro Venezolano, por TuCuatro\",\"publisher\":{\"@id\":\"https:\/\/tucuatro.com\/camburpinton\/#organization\"},\"potentialAction\":[{\"@type\":\"SearchAction\",\"target\":{\"@type\":\"EntryPoint\",\"urlTemplate\":\"https:\/\/tucuatro.com\/camburpinton\/?s={search_term_string}\"},\"query-input\":{\"@type\":\"PropertyValueSpecification\",\"valueRequired\":true,\"valueName\":\"search_term_string\"}}],\"inLanguage\":\"es\"},{\"@type\":\"Organization\",\"@id\":\"https:\/\/tucuatro.com\/camburpinton\/#organization\",\"name\":\"CamburPinton\",\"url\":\"https:\/\/tucuatro.com\/camburpinton\/\",\"logo\":{\"@type\":\"ImageObject\",\"inLanguage\":\"es\",\"@id\":\"https:\/\/tucuatro.com\/camburpinton\/#\/schema\/logo\/image\/\",\"url\":\"https:\/\/tucuatro.com\/camburpinton\/wp-content\/uploads\/sites\/5\/2020\/02\/fretboard_icon_black-64px.png\",\"contentUrl\":\"https:\/\/tucuatro.com\/camburpinton\/wp-content\/uploads\/sites\/5\/2020\/02\/fretboard_icon_black-64px.png\",\"width\":64,\"height\":107,\"caption\":\"CamburPinton\"},\"image\":{\"@id\":\"https:\/\/tucuatro.com\/camburpinton\/#\/schema\/logo\/image\/\"}},{\"@type\":\"Person\",\"@id\":\"https:\/\/tucuatro.com\/camburpinton\/#\/schema\/person\/bfbf34069d0728d153d7624713ba0f73\",\"name\":\"noticiastucuatro\",\"image\":{\"@type\":\"ImageObject\",\"inLanguage\":\"es\",\"@id\":\"https:\/\/secure.gravatar.com\/avatar\/fe802946c5fe8e2e31c544c3648f4a0e025f4e341fb6fecfd30ca95f639cd33e?s=96&d=mm&r=g\",\"url\":\"https:\/\/secure.gravatar.com\/avatar\/fe802946c5fe8e2e31c544c3648f4a0e025f4e341fb6fecfd30ca95f639cd33e?s=96&d=mm&r=g\",\"contentUrl\":\"https:\/\/secure.gravatar.com\/avatar\/fe802946c5fe8e2e31c544c3648f4a0e025f4e341fb6fecfd30ca95f639cd33e?s=96&d=mm&r=g\",\"caption\":\"noticiastucuatro\"},\"url\":\"https:\/\/tucuatro.com\/camburpinton\/author\/noticiastucuatro\/\"}]}<\/script>\n<!-- \/ Yoast SEO plugin. -->","yoast_head_json":{"title":"Servando Primera junto a la MAU te dedican esta cancion - CamburPinton","description":"\"En el sur\" (Servando Primera) - Tambor de Patanemo Esta canci\u00f3n fue realizada\u00a0para el CD \"Rock and MAU II\" grabado en el 2014 Producida por\u00a0Alvaro Paiva","robots":{"index":"index","follow":"follow","max-snippet":"max-snippet:-1","max-image-preview":"max-image-preview:large","max-video-preview":"max-video-preview:-1"},"canonical":"https:\/\/tucuatro.com\/camburpinton\/servando-primera-junto-a-la-mau-te-dedican-esta-cancion\/","og_locale":"es_ES","og_type":"article","og_title":"Servando Primera junto a la MAU te dedican esta cancion - CamburPinton","og_description":"\"En el sur\" (Servando Primera) - Tambor de Patanemo Esta canci\u00f3n fue realizada\u00a0para el CD \"Rock and MAU II\" grabado en el 2014 Producida por\u00a0Alvaro Paiva","og_url":"https:\/\/tucuatro.com\/camburpinton\/servando-primera-junto-a-la-mau-te-dedican-esta-cancion\/","og_site_name":"CamburPinton","article_published_time":"2014-06-05T00:10:43+00:00","article_modified_time":"2020-02-22T19:03:02+00:00","author":"noticiastucuatro","twitter_card":"summary_large_image","twitter_misc":{"Escrito por":"noticiastucuatro","Tiempo de lectura":"1 minuto"},"schema":{"@context":"https:\/\/schema.org","@graph":[{"@type":"Article","@id":"https:\/\/tucuatro.com\/camburpinton\/servando-primera-junto-a-la-mau-te-dedican-esta-cancion\/#article","isPartOf":{"@id":"https:\/\/tucuatro.com\/camburpinton\/servando-primera-junto-a-la-mau-te-dedican-esta-cancion\/"},"author":{"name":"noticiastucuatro","@id":"https:\/\/tucuatro.com\/camburpinton\/#\/schema\/person\/bfbf34069d0728d153d7624713ba0f73"},"headline":"Servando Primera junto a la MAU te dedican esta cancion","datePublished":"2014-06-05T00:10:43+00:00","dateModified":"2020-02-22T19:03:02+00:00","mainEntityOfPage":{"@id":"https:\/\/tucuatro.com\/camburpinton\/servando-primera-junto-a-la-mau-te-dedican-esta-cancion\/"},"wordCount":168,"commentCount":0,"publisher":{"@id":"https:\/\/tucuatro.com\/camburpinton\/#organization"},"image":{"@id":"https:\/\/tucuatro.com\/camburpinton\/servando-primera-junto-a-la-mau-te-dedican-esta-cancion\/#primaryimage"},"thumbnailUrl":"","keywords":["edward ramirez","jorge glem","luis natera","mau","Servando Primera"],"articleSection":["Noticias"],"inLanguage":"es","potentialAction":[{"@type":"CommentAction","name":"Comment","target":["https:\/\/tucuatro.com\/camburpinton\/servando-primera-junto-a-la-mau-te-dedican-esta-cancion\/#respond"]}]},{"@type":"WebPage","@id":"https:\/\/tucuatro.com\/camburpinton\/servando-primera-junto-a-la-mau-te-dedican-esta-cancion\/","url":"https:\/\/tucuatro.com\/camburpinton\/servando-primera-junto-a-la-mau-te-dedican-esta-cancion\/","name":"Servando Primera junto a la MAU te dedican esta cancion - CamburPinton","isPartOf":{"@id":"https:\/\/tucuatro.com\/camburpinton\/#website"},"primaryImageOfPage":{"@id":"https:\/\/tucuatro.com\/camburpinton\/servando-primera-junto-a-la-mau-te-dedican-esta-cancion\/#primaryimage"},"image":{"@id":"https:\/\/tucuatro.com\/camburpinton\/servando-primera-junto-a-la-mau-te-dedican-esta-cancion\/#primaryimage"},"thumbnailUrl":"","datePublished":"2014-06-05T00:10:43+00:00","dateModified":"2020-02-22T19:03:02+00:00","description":"\"En el sur\" (Servando Primera) - Tambor de Patanemo Esta canci\u00f3n fue realizada\u00a0para el CD \"Rock and MAU II\" grabado en el 2014 Producida por\u00a0Alvaro Paiva","breadcrumb":{"@id":"https:\/\/tucuatro.com\/camburpinton\/servando-primera-junto-a-la-mau-te-dedican-esta-cancion\/#breadcrumb"},"inLanguage":"es","potentialAction":[{"@type":"ReadAction","target":["https:\/\/tucuatro.com\/camburpinton\/servando-primera-junto-a-la-mau-te-dedican-esta-cancion\/"]}]},{"@type":"ImageObject","inLanguage":"es","@id":"https:\/\/tucuatro.com\/camburpinton\/servando-primera-junto-a-la-mau-te-dedican-esta-cancion\/#primaryimage","url":"","contentUrl":""},{"@type":"BreadcrumbList","@id":"https:\/\/tucuatro.com\/camburpinton\/servando-primera-junto-a-la-mau-te-dedican-esta-cancion\/#breadcrumb","itemListElement":[{"@type":"ListItem","position":1,"name":"Portada","item":"https:\/\/tucuatro.com\/camburpinton\/"},{"@type":"ListItem","position":2,"name":"Servando Primera junto a la MAU te dedican esta cancion"}]},{"@type":"WebSite","@id":"https:\/\/tucuatro.com\/camburpinton\/#website","url":"https:\/\/tucuatro.com\/camburpinton\/","name":"CamburPinton","description":"El blog del Cuatro Venezolano, por TuCuatro","publisher":{"@id":"https:\/\/tucuatro.com\/camburpinton\/#organization"},"potentialAction":[{"@type":"SearchAction","target":{"@type":"EntryPoint","urlTemplate":"https:\/\/tucuatro.com\/camburpinton\/?s={search_term_string}"},"query-input":{"@type":"PropertyValueSpecification","valueRequired":true,"valueName":"search_term_string"}}],"inLanguage":"es"},{"@type":"Organization","@id":"https:\/\/tucuatro.com\/camburpinton\/#organization","name":"CamburPinton","url":"https:\/\/tucuatro.com\/camburpinton\/","logo":{"@type":"ImageObject","inLanguage":"es","@id":"https:\/\/tucuatro.com\/camburpinton\/#\/schema\/logo\/image\/","url":"https:\/\/tucuatro.com\/camburpinton\/wp-content\/uploads\/sites\/5\/2020\/02\/fretboard_icon_black-64px.png","contentUrl":"https:\/\/tucuatro.com\/camburpinton\/wp-content\/uploads\/sites\/5\/2020\/02\/fretboard_icon_black-64px.png","width":64,"height":107,"caption":"CamburPinton"},"image":{"@id":"https:\/\/tucuatro.com\/camburpinton\/#\/schema\/logo\/image\/"}},{"@type":"Person","@id":"https:\/\/tucuatro.com\/camburpinton\/#\/schema\/person\/bfbf34069d0728d153d7624713ba0f73","name":"noticiastucuatro","image":{"@type":"ImageObject","inLanguage":"es","@id":"https:\/\/secure.gravatar.com\/avatar\/fe802946c5fe8e2e31c544c3648f4a0e025f4e341fb6fecfd30ca95f639cd33e?s=96&d=mm&r=g","url":"https:\/\/secure.gravatar.com\/avatar\/fe802946c5fe8e2e31c544c3648f4a0e025f4e341fb6fecfd30ca95f639cd33e?s=96&d=mm&r=g","contentUrl":"https:\/\/secure.gravatar.com\/avatar\/fe802946c5fe8e2e31c544c3648f4a0e025f4e341fb6fecfd30ca95f639cd33e?s=96&d=mm&r=g","caption":"noticiastucuatro"},"url":"https:\/\/tucuatro.com\/camburpinton\/author\/noticiastucuatro\/"}]}},"_links":{"self":[{"href":"https:\/\/tucuatro.com\/camburpinton\/wp-json\/wp\/v2\/posts\/1552","targetHints":{"allow":["GET"]}}],"collection":[{"href":"https:\/\/tucuatro.com\/camburpinton\/wp-json\/wp\/v2\/posts"}],"about":[{"href":"https:\/\/tucuatro.com\/camburpinton\/wp-json\/wp\/v2\/types\/post"}],"author":[{"embeddable":true,"href":"https:\/\/tucuatro.com\/camburpinton\/wp-json\/wp\/v2\/users\/5823"}],"replies":[{"embeddable":true,"href":"https:\/\/tucuatro.com\/camburpinton\/wp-json\/wp\/v2\/comments?post=1552"}],"version-history":[{"count":0,"href":"https:\/\/tucuatro.com\/camburpinton\/wp-json\/wp\/v2\/posts\/1552\/revisions"}],"wp:featuredmedia":[{"embeddable":true,"href":"https:\/\/tucuatro.com\/camburpinton\/wp-json\/"}],"wp:attachment":[{"href":"https:\/\/tucuatro.com\/camburpinton\/wp-json\/wp\/v2\/media?parent=1552"}],"wp:term":[{"taxonomy":"category","embeddable":true,"href":"https:\/\/tucuatro.com\/camburpinton\/wp-json\/wp\/v2\/categories?post=1552"},{"taxonomy":"post_tag","embeddable":true,"href":"https:\/\/tucuatro.com\/camburpinton\/wp-json\/wp\/v2\/tags?post=1552"}],"curies":[{"name":"wp","href":"https:\/\/api.w.org\/{rel}","templated":true}]}}