{"id":1826,"date":"2011-08-08T22:05:41","date_gmt":"2011-08-09T02:35:41","guid":{"rendered":"https:\/\/tucuatro.com\/camburpinton\/?p=1826"},"modified":"2020-08-16T00:35:13","modified_gmt":"2020-08-16T04:35:13","slug":"concurso-la-fama-espera-por-ti","status":"publish","type":"post","link":"https:\/\/tucuatro.com\/camburpinton\/concurso-la-fama-espera-por-ti\/","title":{"rendered":"Concurso \u00abLa Fama Espera por ti\u00bb"},"content":{"rendered":"\n<figure class=\"wp-block-image\"><a href=\"https:\/\/tucuatro.com\/camburpinton\/la-fama-espera-por-ti\"><img decoding=\"async\" src=\"https:\/\/tucuatro.com\/wp-content\/uploads\/sites\/3\/2011\/08\/headerlafama_500px1.png\" alt=\"\" class=\"wp-image-1852\"\/><\/a><\/figure>\n\n\n\n<blockquote class=\"wp-block-quote is-layout-flow wp-block-quote-is-layout-flow\"><p>La Fundaci\u00f3n CamburPinton llevar\u00e1 a cabo el concierto \u201cCiclo de M\u00fasica Venezolana\u201d en el Centro Cultural de Chacao el 26 de Noviembre a las 6 p.m, con la participaci\u00f3n de destacados cuatristas, entre los que se cuentan: Luis Natera, Adri\u00e1n Toro y Marcel Montcourt.<\/p><p>Adem\u00e1s de estos virtuosos ejecutantes del cuatro venezolano, tambi\u00e9n tendr\u00e1 la oportunidad de presentarse junto a ellos el ganador del nuevo concurso CamburPinton \u00a0\u201c<em>La Fama Espera por ti<\/em>\u201d quien ser\u00e1 anunciado el d\u00eda 01 de Noviembre a trav\u00e9s de nuestro Blog y compartido asimismo por facebook y twitter.<\/p><\/blockquote>\n\n\n\n<p><em>Lorena Zambrano<\/em><\/p>\n\n\n\n<p>Participar es muy sencillo. S\u00f3lo debes hacer click sobre la imagen del concurso \u201cLa Fama Espera por ti\u201d y seguir las instrucciones. Son s\u00f3lo tres pasos que te dar\u00e1n la oportunidad de alcanzar la fama.<\/p>\n\n\n\n<!--more-->\n\n\n\n<div class=\"wp-block-image\"><figure class=\"aligncenter\"><a href=\"https:\/\/tucuatro.com\/camburpinton\/la-fama-espera-por-ti\"><img decoding=\"async\" src=\"https:\/\/tucuatro.com\/wp-content\/uploads\/sites\/3\/2011\/08\/contestimage500.png\" alt=\"\" class=\"wp-image-1865\"\/><\/a><\/figure><\/div>\n\n\n\n<p><strong>\u00bfQuieres saber qu\u00e9 m\u00e1s puedes ganar?<\/strong><\/p>\n\n\n\n<p>Adem\u00e1s de ganar la gran oportunidad de compartir escenario con artistas reconocidos en el concierto del 26 de Noviembre, tambi\u00e9n podr\u00e1s grabar en estudio el tema interpretado en el video el cual integrar\u00e1 la 2da Compilaci\u00f3n de Cambur Pint\u00f3n y acceder por un a\u00f1o gratis al material online de <a href=\"https:\/\/tucuatro.com\/\">www.tucuatro.com.ve<\/a><\/p>\n\n\n\n<p>\u00bfYa hiciste click sobre el link del consurso \u201cLa Fama Espera por ti\u201d?<\/p>\n","protected":false},"excerpt":{"rendered":"<p style=\"text-align: justify\">La Fundaci\u00f3n CamburPinton llevar\u00e1 a cabo el concierto \u201cCiclo de M\u00fasica Venezolana\u201d en el Centro Cultural de Chacao el 26 de Noviembre a las 6 p.m, con la participaci\u00f3n de destacados cuatristas, entre los que se cuentan: Luis Natera, Adri\u00e1n Toro y Marcel Montcourt.<\/p>\n<p style=\"text-align: justify\">Adem\u00e1s de estos virtuosos ejecutantes<\/p>\n","protected":false},"author":30,"featured_media":0,"comment_status":"open","ping_status":"open","sticky":false,"template":"","format":"standard","meta":{"content-type":"","footnotes":""},"categories":[30],"tags":[159,6,63,171,172,336],"class_list":["post-1826","post","type-post","status-publish","format-standard","hentry","category-noticias","tag-adrian-toro","tag-camburpinton","tag-concierto","tag-concurso","tag-fama","tag-luis-natera"],"yoast_head":"<!-- This site is optimized with the Yoast SEO plugin v27.2 - https:\/\/yoast.com\/product\/yoast-seo-wordpress\/ -->\n<title>Concurso &quot;La Fama Espera por ti&quot; - CamburPinton<\/title>\n<meta name=\"description\" content=\"La Fundaci\u00f3n CamburPinton llevar\u00e1 a cabo el concierto \u201cCiclo de M\u00fasica Venezolana\u201d en el Centro Cultural de Chacao el 26 de Noviembre a las 6 p.m, con la participaci\u00f3n de destacados cuatristas, entre los que se cuentan: Luis Natera, Adri\u00e1n Toro y Marcel Montcourt. Adem\u00e1s de estos virtuosos ejecutantes\" \/>\n<meta name=\"robots\" content=\"index, follow, max-snippet:-1, max-image-preview:large, max-video-preview:-1\" \/>\n<link rel=\"canonical\" href=\"https:\/\/tucuatro.com\/camburpinton\/concurso-la-fama-espera-por-ti\/\" \/>\n<meta property=\"og:locale\" content=\"es_ES\" \/>\n<meta property=\"og:type\" content=\"article\" \/>\n<meta property=\"og:title\" content=\"Concurso &quot;La Fama Espera por ti&quot; - CamburPinton\" \/>\n<meta property=\"og:description\" content=\"La Fundaci\u00f3n CamburPinton llevar\u00e1 a cabo el concierto \u201cCiclo de M\u00fasica Venezolana\u201d en el Centro Cultural de Chacao el 26 de Noviembre a las 6 p.m, con la participaci\u00f3n de destacados cuatristas, entre los que se cuentan: Luis Natera, Adri\u00e1n Toro y Marcel Montcourt. Adem\u00e1s de estos virtuosos ejecutantes\" \/>\n<meta property=\"og:url\" content=\"https:\/\/tucuatro.com\/camburpinton\/concurso-la-fama-espera-por-ti\/\" \/>\n<meta property=\"og:site_name\" content=\"CamburPinton\" \/>\n<meta property=\"article:published_time\" content=\"2011-08-09T02:35:41+00:00\" \/>\n<meta property=\"article:modified_time\" content=\"2020-08-16T04:35:13+00:00\" \/>\n<meta property=\"og:image\" content=\"https:\/\/tucuatro.com\/wp-content\/uploads\/sites\/3\/2011\/08\/headerlafama_500px1.png\" \/>\n<meta name=\"author\" content=\"Cambur Pinton\" \/>\n<meta name=\"twitter:card\" content=\"summary_large_image\" \/>\n<meta name=\"twitter:label1\" content=\"Escrito por\" \/>\n\t<meta name=\"twitter:data1\" content=\"Cambur Pinton\" \/>\n\t<meta name=\"twitter:label2\" content=\"Tiempo de lectura\" \/>\n\t<meta name=\"twitter:data2\" content=\"1 minuto\" \/>\n<script type=\"application\/ld+json\" class=\"yoast-schema-graph\">{\"@context\":\"https:\/\/schema.org\",\"@graph\":[{\"@type\":\"Article\",\"@id\":\"https:\/\/tucuatro.com\/camburpinton\/concurso-la-fama-espera-por-ti\/#article\",\"isPartOf\":{\"@id\":\"https:\/\/tucuatro.com\/camburpinton\/concurso-la-fama-espera-por-ti\/\"},\"author\":{\"name\":\"Cambur Pinton\",\"@id\":\"https:\/\/tucuatro.com\/camburpinton\/#\/schema\/person\/68ea61a1649e800be7dd6ae72475d1af\"},\"headline\":\"Concurso \u00abLa Fama Espera por ti\u00bb\",\"datePublished\":\"2011-08-09T02:35:41+00:00\",\"dateModified\":\"2020-08-16T04:35:13+00:00\",\"mainEntityOfPage\":{\"@id\":\"https:\/\/tucuatro.com\/camburpinton\/concurso-la-fama-espera-por-ti\/\"},\"wordCount\":222,\"commentCount\":0,\"publisher\":{\"@id\":\"https:\/\/tucuatro.com\/camburpinton\/#organization\"},\"image\":{\"@id\":\"https:\/\/tucuatro.com\/camburpinton\/concurso-la-fama-espera-por-ti\/#primaryimage\"},\"thumbnailUrl\":\"https:\/\/tucuatro.com\/wp-content\/uploads\/sites\/3\/2011\/08\/headerlafama_500px1.png\",\"keywords\":[\"adrian toro\",\"camburpinton\",\"concierto\",\"concurso\",\"fama\",\"luis natera\"],\"articleSection\":[\"Noticias\"],\"inLanguage\":\"es\",\"potentialAction\":[{\"@type\":\"CommentAction\",\"name\":\"Comment\",\"target\":[\"https:\/\/tucuatro.com\/camburpinton\/concurso-la-fama-espera-por-ti\/#respond\"]}]},{\"@type\":\"WebPage\",\"@id\":\"https:\/\/tucuatro.com\/camburpinton\/concurso-la-fama-espera-por-ti\/\",\"url\":\"https:\/\/tucuatro.com\/camburpinton\/concurso-la-fama-espera-por-ti\/\",\"name\":\"Concurso \\\"La Fama Espera por ti\\\" - CamburPinton\",\"isPartOf\":{\"@id\":\"https:\/\/tucuatro.com\/camburpinton\/#website\"},\"primaryImageOfPage\":{\"@id\":\"https:\/\/tucuatro.com\/camburpinton\/concurso-la-fama-espera-por-ti\/#primaryimage\"},\"image\":{\"@id\":\"https:\/\/tucuatro.com\/camburpinton\/concurso-la-fama-espera-por-ti\/#primaryimage\"},\"thumbnailUrl\":\"https:\/\/tucuatro.com\/wp-content\/uploads\/sites\/3\/2011\/08\/headerlafama_500px1.png\",\"datePublished\":\"2011-08-09T02:35:41+00:00\",\"dateModified\":\"2020-08-16T04:35:13+00:00\",\"description\":\"La Fundaci\u00f3n CamburPinton llevar\u00e1 a cabo el concierto \u201cCiclo de M\u00fasica Venezolana\u201d en el Centro Cultural de Chacao el 26 de Noviembre a las 6 p.m, con la participaci\u00f3n de destacados cuatristas, entre los que se cuentan: Luis Natera, Adri\u00e1n Toro y Marcel Montcourt. Adem\u00e1s de estos virtuosos ejecutantes\",\"breadcrumb\":{\"@id\":\"https:\/\/tucuatro.com\/camburpinton\/concurso-la-fama-espera-por-ti\/#breadcrumb\"},\"inLanguage\":\"es\",\"potentialAction\":[{\"@type\":\"ReadAction\",\"target\":[\"https:\/\/tucuatro.com\/camburpinton\/concurso-la-fama-espera-por-ti\/\"]}]},{\"@type\":\"ImageObject\",\"inLanguage\":\"es\",\"@id\":\"https:\/\/tucuatro.com\/camburpinton\/concurso-la-fama-espera-por-ti\/#primaryimage\",\"url\":\"https:\/\/tucuatro.com\/wp-content\/uploads\/sites\/3\/2011\/08\/headerlafama_500px1.png\",\"contentUrl\":\"https:\/\/tucuatro.com\/wp-content\/uploads\/sites\/3\/2011\/08\/headerlafama_500px1.png\"},{\"@type\":\"BreadcrumbList\",\"@id\":\"https:\/\/tucuatro.com\/camburpinton\/concurso-la-fama-espera-por-ti\/#breadcrumb\",\"itemListElement\":[{\"@type\":\"ListItem\",\"position\":1,\"name\":\"Portada\",\"item\":\"https:\/\/tucuatro.com\/camburpinton\/\"},{\"@type\":\"ListItem\",\"position\":2,\"name\":\"Concurso &#8220;La Fama Espera por ti&#8221;\"}]},{\"@type\":\"WebSite\",\"@id\":\"https:\/\/tucuatro.com\/camburpinton\/#website\",\"url\":\"https:\/\/tucuatro.com\/camburpinton\/\",\"name\":\"CamburPinton\",\"description\":\"El blog del Cuatro Venezolano, por TuCuatro\",\"publisher\":{\"@id\":\"https:\/\/tucuatro.com\/camburpinton\/#organization\"},\"potentialAction\":[{\"@type\":\"SearchAction\",\"target\":{\"@type\":\"EntryPoint\",\"urlTemplate\":\"https:\/\/tucuatro.com\/camburpinton\/?s={search_term_string}\"},\"query-input\":{\"@type\":\"PropertyValueSpecification\",\"valueRequired\":true,\"valueName\":\"search_term_string\"}}],\"inLanguage\":\"es\"},{\"@type\":\"Organization\",\"@id\":\"https:\/\/tucuatro.com\/camburpinton\/#organization\",\"name\":\"CamburPinton\",\"url\":\"https:\/\/tucuatro.com\/camburpinton\/\",\"logo\":{\"@type\":\"ImageObject\",\"inLanguage\":\"es\",\"@id\":\"https:\/\/tucuatro.com\/camburpinton\/#\/schema\/logo\/image\/\",\"url\":\"https:\/\/tucuatro.com\/camburpinton\/wp-content\/uploads\/sites\/5\/2020\/02\/fretboard_icon_black-64px.png\",\"contentUrl\":\"https:\/\/tucuatro.com\/camburpinton\/wp-content\/uploads\/sites\/5\/2020\/02\/fretboard_icon_black-64px.png\",\"width\":64,\"height\":107,\"caption\":\"CamburPinton\"},\"image\":{\"@id\":\"https:\/\/tucuatro.com\/camburpinton\/#\/schema\/logo\/image\/\"}},{\"@type\":\"Person\",\"@id\":\"https:\/\/tucuatro.com\/camburpinton\/#\/schema\/person\/68ea61a1649e800be7dd6ae72475d1af\",\"name\":\"Cambur Pinton\",\"image\":{\"@type\":\"ImageObject\",\"inLanguage\":\"es\",\"@id\":\"https:\/\/lh3.googleusercontent.com\/a\/AEdFTp4NQMwimY1QASsobdRfn2FegjEgYm4GD7ArdNpX=s96-c?sz=50\",\"url\":\"https:\/\/lh3.googleusercontent.com\/a\/AEdFTp4NQMwimY1QASsobdRfn2FegjEgYm4GD7ArdNpX=s96-c?sz=50\",\"contentUrl\":\"https:\/\/lh3.googleusercontent.com\/a\/AEdFTp4NQMwimY1QASsobdRfn2FegjEgYm4GD7ArdNpX=s96-c?sz=50\",\"caption\":\"Cambur Pinton\"},\"url\":\"https:\/\/tucuatro.com\/camburpinton\/author\/camburpinton\/\"}]}<\/script>\n<!-- \/ Yoast SEO plugin. -->","yoast_head_json":{"title":"Concurso \"La Fama Espera por ti\" - CamburPinton","description":"La Fundaci\u00f3n CamburPinton llevar\u00e1 a cabo el concierto \u201cCiclo de M\u00fasica Venezolana\u201d en el Centro Cultural de Chacao el 26 de Noviembre a las 6 p.m, con la participaci\u00f3n de destacados cuatristas, entre los que se cuentan: Luis Natera, Adri\u00e1n Toro y Marcel Montcourt. Adem\u00e1s de estos virtuosos ejecutantes","robots":{"index":"index","follow":"follow","max-snippet":"max-snippet:-1","max-image-preview":"max-image-preview:large","max-video-preview":"max-video-preview:-1"},"canonical":"https:\/\/tucuatro.com\/camburpinton\/concurso-la-fama-espera-por-ti\/","og_locale":"es_ES","og_type":"article","og_title":"Concurso \"La Fama Espera por ti\" - CamburPinton","og_description":"La Fundaci\u00f3n CamburPinton llevar\u00e1 a cabo el concierto \u201cCiclo de M\u00fasica Venezolana\u201d en el Centro Cultural de Chacao el 26 de Noviembre a las 6 p.m, con la participaci\u00f3n de destacados cuatristas, entre los que se cuentan: Luis Natera, Adri\u00e1n Toro y Marcel Montcourt. Adem\u00e1s de estos virtuosos ejecutantes","og_url":"https:\/\/tucuatro.com\/camburpinton\/concurso-la-fama-espera-por-ti\/","og_site_name":"CamburPinton","article_published_time":"2011-08-09T02:35:41+00:00","article_modified_time":"2020-08-16T04:35:13+00:00","og_image":[{"url":"https:\/\/tucuatro.com\/wp-content\/uploads\/sites\/3\/2011\/08\/headerlafama_500px1.png","type":"","width":"","height":""}],"author":"Cambur Pinton","twitter_card":"summary_large_image","twitter_misc":{"Escrito por":"Cambur Pinton","Tiempo de lectura":"1 minuto"},"schema":{"@context":"https:\/\/schema.org","@graph":[{"@type":"Article","@id":"https:\/\/tucuatro.com\/camburpinton\/concurso-la-fama-espera-por-ti\/#article","isPartOf":{"@id":"https:\/\/tucuatro.com\/camburpinton\/concurso-la-fama-espera-por-ti\/"},"author":{"name":"Cambur Pinton","@id":"https:\/\/tucuatro.com\/camburpinton\/#\/schema\/person\/68ea61a1649e800be7dd6ae72475d1af"},"headline":"Concurso \u00abLa Fama Espera por ti\u00bb","datePublished":"2011-08-09T02:35:41+00:00","dateModified":"2020-08-16T04:35:13+00:00","mainEntityOfPage":{"@id":"https:\/\/tucuatro.com\/camburpinton\/concurso-la-fama-espera-por-ti\/"},"wordCount":222,"commentCount":0,"publisher":{"@id":"https:\/\/tucuatro.com\/camburpinton\/#organization"},"image":{"@id":"https:\/\/tucuatro.com\/camburpinton\/concurso-la-fama-espera-por-ti\/#primaryimage"},"thumbnailUrl":"https:\/\/tucuatro.com\/wp-content\/uploads\/sites\/3\/2011\/08\/headerlafama_500px1.png","keywords":["adrian toro","camburpinton","concierto","concurso","fama","luis natera"],"articleSection":["Noticias"],"inLanguage":"es","potentialAction":[{"@type":"CommentAction","name":"Comment","target":["https:\/\/tucuatro.com\/camburpinton\/concurso-la-fama-espera-por-ti\/#respond"]}]},{"@type":"WebPage","@id":"https:\/\/tucuatro.com\/camburpinton\/concurso-la-fama-espera-por-ti\/","url":"https:\/\/tucuatro.com\/camburpinton\/concurso-la-fama-espera-por-ti\/","name":"Concurso \"La Fama Espera por ti\" - CamburPinton","isPartOf":{"@id":"https:\/\/tucuatro.com\/camburpinton\/#website"},"primaryImageOfPage":{"@id":"https:\/\/tucuatro.com\/camburpinton\/concurso-la-fama-espera-por-ti\/#primaryimage"},"image":{"@id":"https:\/\/tucuatro.com\/camburpinton\/concurso-la-fama-espera-por-ti\/#primaryimage"},"thumbnailUrl":"https:\/\/tucuatro.com\/wp-content\/uploads\/sites\/3\/2011\/08\/headerlafama_500px1.png","datePublished":"2011-08-09T02:35:41+00:00","dateModified":"2020-08-16T04:35:13+00:00","description":"La Fundaci\u00f3n CamburPinton llevar\u00e1 a cabo el concierto \u201cCiclo de M\u00fasica Venezolana\u201d en el Centro Cultural de Chacao el 26 de Noviembre a las 6 p.m, con la participaci\u00f3n de destacados cuatristas, entre los que se cuentan: Luis Natera, Adri\u00e1n Toro y Marcel Montcourt. Adem\u00e1s de estos virtuosos ejecutantes","breadcrumb":{"@id":"https:\/\/tucuatro.com\/camburpinton\/concurso-la-fama-espera-por-ti\/#breadcrumb"},"inLanguage":"es","potentialAction":[{"@type":"ReadAction","target":["https:\/\/tucuatro.com\/camburpinton\/concurso-la-fama-espera-por-ti\/"]}]},{"@type":"ImageObject","inLanguage":"es","@id":"https:\/\/tucuatro.com\/camburpinton\/concurso-la-fama-espera-por-ti\/#primaryimage","url":"https:\/\/tucuatro.com\/wp-content\/uploads\/sites\/3\/2011\/08\/headerlafama_500px1.png","contentUrl":"https:\/\/tucuatro.com\/wp-content\/uploads\/sites\/3\/2011\/08\/headerlafama_500px1.png"},{"@type":"BreadcrumbList","@id":"https:\/\/tucuatro.com\/camburpinton\/concurso-la-fama-espera-por-ti\/#breadcrumb","itemListElement":[{"@type":"ListItem","position":1,"name":"Portada","item":"https:\/\/tucuatro.com\/camburpinton\/"},{"@type":"ListItem","position":2,"name":"Concurso &#8220;La Fama Espera por ti&#8221;"}]},{"@type":"WebSite","@id":"https:\/\/tucuatro.com\/camburpinton\/#website","url":"https:\/\/tucuatro.com\/camburpinton\/","name":"CamburPinton","description":"El blog del Cuatro Venezolano, por TuCuatro","publisher":{"@id":"https:\/\/tucuatro.com\/camburpinton\/#organization"},"potentialAction":[{"@type":"SearchAction","target":{"@type":"EntryPoint","urlTemplate":"https:\/\/tucuatro.com\/camburpinton\/?s={search_term_string}"},"query-input":{"@type":"PropertyValueSpecification","valueRequired":true,"valueName":"search_term_string"}}],"inLanguage":"es"},{"@type":"Organization","@id":"https:\/\/tucuatro.com\/camburpinton\/#organization","name":"CamburPinton","url":"https:\/\/tucuatro.com\/camburpinton\/","logo":{"@type":"ImageObject","inLanguage":"es","@id":"https:\/\/tucuatro.com\/camburpinton\/#\/schema\/logo\/image\/","url":"https:\/\/tucuatro.com\/camburpinton\/wp-content\/uploads\/sites\/5\/2020\/02\/fretboard_icon_black-64px.png","contentUrl":"https:\/\/tucuatro.com\/camburpinton\/wp-content\/uploads\/sites\/5\/2020\/02\/fretboard_icon_black-64px.png","width":64,"height":107,"caption":"CamburPinton"},"image":{"@id":"https:\/\/tucuatro.com\/camburpinton\/#\/schema\/logo\/image\/"}},{"@type":"Person","@id":"https:\/\/tucuatro.com\/camburpinton\/#\/schema\/person\/68ea61a1649e800be7dd6ae72475d1af","name":"Cambur Pinton","image":{"@type":"ImageObject","inLanguage":"es","@id":"https:\/\/lh3.googleusercontent.com\/a\/AEdFTp4NQMwimY1QASsobdRfn2FegjEgYm4GD7ArdNpX=s96-c?sz=50","url":"https:\/\/lh3.googleusercontent.com\/a\/AEdFTp4NQMwimY1QASsobdRfn2FegjEgYm4GD7ArdNpX=s96-c?sz=50","contentUrl":"https:\/\/lh3.googleusercontent.com\/a\/AEdFTp4NQMwimY1QASsobdRfn2FegjEgYm4GD7ArdNpX=s96-c?sz=50","caption":"Cambur Pinton"},"url":"https:\/\/tucuatro.com\/camburpinton\/author\/camburpinton\/"}]}},"_links":{"self":[{"href":"https:\/\/tucuatro.com\/camburpinton\/wp-json\/wp\/v2\/posts\/1826","targetHints":{"allow":["GET"]}}],"collection":[{"href":"https:\/\/tucuatro.com\/camburpinton\/wp-json\/wp\/v2\/posts"}],"about":[{"href":"https:\/\/tucuatro.com\/camburpinton\/wp-json\/wp\/v2\/types\/post"}],"author":[{"embeddable":true,"href":"https:\/\/tucuatro.com\/camburpinton\/wp-json\/wp\/v2\/users\/30"}],"replies":[{"embeddable":true,"href":"https:\/\/tucuatro.com\/camburpinton\/wp-json\/wp\/v2\/comments?post=1826"}],"version-history":[{"count":0,"href":"https:\/\/tucuatro.com\/camburpinton\/wp-json\/wp\/v2\/posts\/1826\/revisions"}],"wp:attachment":[{"href":"https:\/\/tucuatro.com\/camburpinton\/wp-json\/wp\/v2\/media?parent=1826"}],"wp:term":[{"taxonomy":"category","embeddable":true,"href":"https:\/\/tucuatro.com\/camburpinton\/wp-json\/wp\/v2\/categories?post=1826"},{"taxonomy":"post_tag","embeddable":true,"href":"https:\/\/tucuatro.com\/camburpinton\/wp-json\/wp\/v2\/tags?post=1826"}],"curies":[{"name":"wp","href":"https:\/\/api.w.org\/{rel}","templated":true}]}}