{"id":2450,"date":"2011-10-02T07:48:48","date_gmt":"2011-10-02T12:18:48","guid":{"rendered":"https:\/\/tucuatro.com\/camburpinton\/?p=2450"},"modified":"2020-02-22T15:01:49","modified_gmt":"2020-02-22T19:01:49","slug":"polanco-y-su-cuatro-salen-a-conquistar-madrid","status":"publish","type":"post","link":"https:\/\/tucuatro.com\/camburpinton\/polanco-y-su-cuatro-salen-a-conquistar-madrid\/","title":{"rendered":"Polanco y su cuatro salen a conquistar Madrid"},"content":{"rendered":"<p><span style=\"color: #888888\"><em>Foto y rese\u00f1a cortes\u00eda de <a href=\"http:\/\/www.laverdad.com\/detnotic.php?CodNotic=69426\" target=\"_blank\" rel=\"noopener noreferrer\"><span style=\"color: #888888\">La Verdad<\/span><\/a><\/em><\/span><\/p>\n<p>Compartimos con ustedes esta noticia acerca del cuatrista Jorge Polanco, realizada por el peri\u00f3dico <a href=\"http:\/\/www.laverdad.com\/detnotic.php?CodNotic=69426\" target=\"_blank\" rel=\"noopener noreferrer\">La Verdad<\/a> el 20 de Septiembre de 2011.<\/p>\n<blockquote><p>Este es el mejor a\u00f1o del cuatrista venezolano Jorge Polanco. As\u00ed lo expresa \u00e9l en entrevista con\u00a0<strong>La Verdad,<\/strong>\u00a0donde cuenta todas las \u00abcosas interesantes\u00bb que le est\u00e1n ocurriendo. El pr\u00f3ximo 24 de septiembre viajar\u00e1 hacia Madrid, Espa\u00f1a, para cumplir con una invitaci\u00f3n que lo llena de mucho regocijo.<!--more--><\/p>\n<p>Ofrecer\u00e1 el concierto de Aranjuez y por primera vez se siente nervioso. \u00abYo vengo de una familia de m\u00fasicos que, aunque no son profesionales, sienten la misma pasi\u00f3n. Nunca me ha dado miedo subirme a un escenario, pero esta vez es distinto. Voy a tocar una\u00a0 composici\u00f3n musical para guitarra y orquesta con un instrumento con dos cuerdas menos\u00bb.<\/p>\n<p>Comenta que lo m\u00e1s dif\u00edcil de este trabajo es ligar el cuatro con la m\u00fasica acad\u00e9mica. \u00abTodav\u00eda cuesta adaptar el sonar popular al de orquesta. Pero ese concierto yo lo llev\u00e9 a Colombia y a gran parte de Venezuela, entonces el maestro Manuel Hern\u00e1ndez Silva (director venezolano radicado en Espa\u00f1a) se percat\u00f3 del atractivo que contiene. Comenz\u00f3 a correr la voz en ese pa\u00eds con otros directores y gente ligada al acontecer musical. As\u00ed que les llevar\u00e9 su m\u00fasica con un toque completamente diferente\u00bb.<\/p>\n<p><strong>Una nueva faceta<\/strong><\/p>\n<p>Polanco se considera un m\u00fasico autodidacta o emp\u00edrico. Eso de conocer con profundidad las claves o leer las partituras nunca fue su fuerte, pero tanto trabajar con el recordado Aldemaro Romero le dej\u00f3 un aprendizaje y este a\u00f1o comenz\u00f3 a desarrollar una nueva faceta: componer. \u00abPis\u00e9 un terreno desconocido y qued\u00e9 fascinado. Yo me limitaba a ser int\u00e9rprete y ahora me doy el gusto de arreglar mi propia m\u00fasica y poder trabajar para otros artistas\u00bb.<\/p>\n<p>Luego le lleg\u00f3 la oportunidad de crear su propio sello disquero, denominado Sue\u00f1o Venezolano Producciones. \u00abAqu\u00ed es muy complicado trabajar porque los discos ya no son rentables, la pirater\u00eda acaba con todo. Sin embargo, nosotros tenemos fe y vamos a apoyar el folclor de nuestro pa\u00eds. Arrancamos con una producci\u00f3n discogr\u00e1fica de Betulio Medina, cuyo contenido incluye canciones llaneras y rom\u00e1nticas\u00bb. Informa que el pr\u00f3ximo disco ser\u00e1 para Ricardo Montaner.<\/p>\n<p><strong>M\u00fasica navide\u00f1a<\/strong><\/p>\n<p>Jorge Polanco se encuentra trabajando en un disco que saldr\u00e1 a la venta en diciembre y que contiene 10 aguinaldos. Se llama\u00a0<em>Alma Navide\u00f1a<\/em>\u00a0y contar\u00e1 con la participaci\u00f3n de 10 invitados especiales, entre los que destacan: Neguito Borjas, Guaco, Vocal Song, Rafael \u00abPollo\u00bb Brito, Hu\u00e1scar Barradas, Kiara, Sanluis, Guillermo D\u00e1vila, Nancy Ramos, Cecilia Todd y Gladys Vera.<\/p><\/blockquote>\n<p>Felicitaciones a Jorge Polanco por su concierto y su nueva produccion y felicitaciones a la gente de <a href=\"http:\/\/www.laverdad.com\/detnotic.php?CodNotic=69426\" target=\"_blank\" rel=\"noopener noreferrer\">La Verdad<\/a> por rese\u00f1arlo.<\/p>\n<p>Ahora mira <a title=\"Jorge Polanco\" href=\"https:\/\/tucuatro.com\/camburpinton\/archives\/464\">los videos<\/a> que hemos puesto de Jorge Polanco en la p\u00e1gina y comenta c\u00f3mo te parece el estilo de este versatil cuatrista.<\/p>\n","protected":false},"excerpt":{"rendered":"<p><span style=\"color: #888888\"><em>Foto y rese\u00f1a cortes\u00eda de <a href=\"http:\/\/www.laverdad.com\/detnotic.php?CodNotic=69426\" target=\"_blank\" rel=\"noopener noreferrer\"><span style=\"color: #888888\">La Verdad<\/span><\/a><\/em><\/span> <\/p>\n<p>Compartimos con ustedes esta noticia acerca del cuatrista Jorge Polanco, realizada por el peri\u00f3dico <a href=\"http:\/\/www.laverdad.com\/detnotic.php?CodNotic=69426\" target=\"_blank\" rel=\"noopener noreferrer\">La Verdad<\/a> el 20 de Septiembre de 2011.<br \/>\nEste es el mejor a\u00f1o del cuatrista venezolano Jorge Polanco. As\u00ed lo expresa \u00e9l en entrevista con\u00a0<strong>La<\/strong><\/p>\n","protected":false},"author":30,"featured_media":0,"comment_status":"open","ping_status":"open","sticky":false,"template":"","format":"standard","meta":{"content-type":"","footnotes":"","_tucuatro_chord_instrument":""},"categories":[43,30],"tags":[489,19,182],"class_list":["post-2450","post","type-post","status-publish","format-standard","hentry","category-artistas","category-noticias","tag-aguinaldo","tag-cuatrista","tag-jorge-polanco"],"yoast_head":"<!-- This site is optimized with the Yoast SEO plugin v28.4 - https:\/\/yoast.com\/product\/yoast-seo-wordpress\/ -->\n<title>Polanco y su cuatro salen a conquistar Madrid - CamburPinton<\/title>\n<meta name=\"description\" content=\"Foto y rese\u00f1a cortes\u00eda de La Verdad  Compartimos con ustedes esta noticia acerca del cuatrista Jorge Polanco, realizada por el peri\u00f3dico La Verdad el 20 de Septiembre de 2011. Este es el mejor a\u00f1o del cuatrista venezolano Jorge Polanco. As\u00ed lo expresa \u00e9l en entrevista con\u00a0La\" \/>\n<meta name=\"robots\" content=\"index, follow, max-snippet:-1, max-image-preview:large, max-video-preview:-1\" \/>\n<link rel=\"canonical\" href=\"https:\/\/tucuatro.com\/camburpinton\/polanco-y-su-cuatro-salen-a-conquistar-madrid\/\" \/>\n<meta property=\"og:locale\" content=\"es_ES\" \/>\n<meta property=\"og:type\" content=\"article\" \/>\n<meta property=\"og:title\" content=\"Polanco y su cuatro salen a conquistar Madrid - CamburPinton\" \/>\n<meta property=\"og:description\" content=\"Foto y rese\u00f1a cortes\u00eda de La Verdad  Compartimos con ustedes esta noticia acerca del cuatrista Jorge Polanco, realizada por el peri\u00f3dico La Verdad el 20 de Septiembre de 2011. Este es el mejor a\u00f1o del cuatrista venezolano Jorge Polanco. As\u00ed lo expresa \u00e9l en entrevista con\u00a0La\" \/>\n<meta property=\"og:url\" content=\"https:\/\/tucuatro.com\/camburpinton\/polanco-y-su-cuatro-salen-a-conquistar-madrid\/\" \/>\n<meta property=\"og:site_name\" content=\"CamburPinton\" \/>\n<meta property=\"article:published_time\" content=\"2011-10-02T12:18:48+00:00\" \/>\n<meta property=\"article:modified_time\" content=\"2020-02-22T19:01:49+00:00\" \/>\n<meta name=\"author\" content=\"Cambur Pinton\" \/>\n<meta name=\"twitter:card\" content=\"summary_large_image\" \/>\n<meta name=\"twitter:label1\" content=\"Escrito por\" \/>\n\t<meta name=\"twitter:data1\" content=\"Cambur Pinton\" \/>\n\t<meta name=\"twitter:label2\" content=\"Tiempo de lectura\" \/>\n\t<meta name=\"twitter:data2\" content=\"3 minutos\" \/>\n<script type=\"application\/ld+json\" class=\"yoast-schema-graph\">{\"@context\":\"https:\\\/\\\/schema.org\",\"@graph\":[{\"@type\":\"Article\",\"@id\":\"https:\\\/\\\/tucuatro.com\\\/camburpinton\\\/polanco-y-su-cuatro-salen-a-conquistar-madrid\\\/#article\",\"isPartOf\":{\"@id\":\"https:\\\/\\\/tucuatro.com\\\/camburpinton\\\/polanco-y-su-cuatro-salen-a-conquistar-madrid\\\/\"},\"author\":{\"name\":\"Cambur Pinton\",\"@id\":\"https:\\\/\\\/tucuatro.com\\\/camburpinton\\\/#\\\/schema\\\/person\\\/68ea61a1649e800be7dd6ae72475d1af\"},\"headline\":\"Polanco y su cuatro salen a conquistar Madrid\",\"datePublished\":\"2011-10-02T12:18:48+00:00\",\"dateModified\":\"2020-02-22T19:01:49+00:00\",\"mainEntityOfPage\":{\"@id\":\"https:\\\/\\\/tucuatro.com\\\/camburpinton\\\/polanco-y-su-cuatro-salen-a-conquistar-madrid\\\/\"},\"wordCount\":518,\"commentCount\":0,\"publisher\":{\"@id\":\"https:\\\/\\\/tucuatro.com\\\/camburpinton\\\/#organization\"},\"keywords\":[\"Aguinaldo\",\"cuatrista\",\"jorge polanco\"],\"articleSection\":[\"Artistas y Cantantes\",\"Noticias\"],\"inLanguage\":\"es\",\"potentialAction\":[{\"@type\":\"CommentAction\",\"name\":\"Comment\",\"target\":[\"https:\\\/\\\/tucuatro.com\\\/camburpinton\\\/polanco-y-su-cuatro-salen-a-conquistar-madrid\\\/#respond\"]}]},{\"@type\":\"WebPage\",\"@id\":\"https:\\\/\\\/tucuatro.com\\\/camburpinton\\\/polanco-y-su-cuatro-salen-a-conquistar-madrid\\\/\",\"url\":\"https:\\\/\\\/tucuatro.com\\\/camburpinton\\\/polanco-y-su-cuatro-salen-a-conquistar-madrid\\\/\",\"name\":\"Polanco y su cuatro salen a conquistar Madrid - CamburPinton\",\"isPartOf\":{\"@id\":\"https:\\\/\\\/tucuatro.com\\\/camburpinton\\\/#website\"},\"datePublished\":\"2011-10-02T12:18:48+00:00\",\"dateModified\":\"2020-02-22T19:01:49+00:00\",\"description\":\"Foto y rese\u00f1a cortes\u00eda de La Verdad Compartimos con ustedes esta noticia acerca del cuatrista Jorge Polanco, realizada por el peri\u00f3dico La Verdad el 20 de Septiembre de 2011. Este es el mejor a\u00f1o del cuatrista venezolano Jorge Polanco. As\u00ed lo expresa \u00e9l en entrevista con\u00a0La\",\"breadcrumb\":{\"@id\":\"https:\\\/\\\/tucuatro.com\\\/camburpinton\\\/polanco-y-su-cuatro-salen-a-conquistar-madrid\\\/#breadcrumb\"},\"inLanguage\":\"es\",\"potentialAction\":[{\"@type\":\"ReadAction\",\"target\":[\"https:\\\/\\\/tucuatro.com\\\/camburpinton\\\/polanco-y-su-cuatro-salen-a-conquistar-madrid\\\/\"]}]},{\"@type\":\"BreadcrumbList\",\"@id\":\"https:\\\/\\\/tucuatro.com\\\/camburpinton\\\/polanco-y-su-cuatro-salen-a-conquistar-madrid\\\/#breadcrumb\",\"itemListElement\":[{\"@type\":\"ListItem\",\"position\":1,\"name\":\"Portada\",\"item\":\"https:\\\/\\\/tucuatro.com\\\/camburpinton\\\/\"},{\"@type\":\"ListItem\",\"position\":2,\"name\":\"Polanco y su cuatro salen a conquistar Madrid\"}]},{\"@type\":\"WebSite\",\"@id\":\"https:\\\/\\\/tucuatro.com\\\/camburpinton\\\/#website\",\"url\":\"https:\\\/\\\/tucuatro.com\\\/camburpinton\\\/\",\"name\":\"CamburPinton\",\"description\":\"El blog del Cuatro Venezolano, por TuCuatro\",\"publisher\":{\"@id\":\"https:\\\/\\\/tucuatro.com\\\/camburpinton\\\/#organization\"},\"potentialAction\":[{\"@type\":\"SearchAction\",\"target\":{\"@type\":\"EntryPoint\",\"urlTemplate\":\"https:\\\/\\\/tucuatro.com\\\/camburpinton\\\/?s={search_term_string}\"},\"query-input\":{\"@type\":\"PropertyValueSpecification\",\"valueRequired\":true,\"valueName\":\"search_term_string\"}}],\"inLanguage\":\"es\"},{\"@type\":\"Organization\",\"@id\":\"https:\\\/\\\/tucuatro.com\\\/camburpinton\\\/#organization\",\"name\":\"CamburPinton\",\"url\":\"https:\\\/\\\/tucuatro.com\\\/camburpinton\\\/\",\"logo\":{\"@type\":\"ImageObject\",\"inLanguage\":\"es\",\"@id\":\"https:\\\/\\\/tucuatro.com\\\/camburpinton\\\/#\\\/schema\\\/logo\\\/image\\\/\",\"url\":\"https:\\\/\\\/tucuatro.com\\\/camburpinton\\\/wp-content\\\/uploads\\\/sites\\\/5\\\/2020\\\/02\\\/fretboard_icon_black-64px.png\",\"contentUrl\":\"https:\\\/\\\/tucuatro.com\\\/camburpinton\\\/wp-content\\\/uploads\\\/sites\\\/5\\\/2020\\\/02\\\/fretboard_icon_black-64px.png\",\"width\":64,\"height\":107,\"caption\":\"CamburPinton\"},\"image\":{\"@id\":\"https:\\\/\\\/tucuatro.com\\\/camburpinton\\\/#\\\/schema\\\/logo\\\/image\\\/\"}},{\"@type\":\"Person\",\"@id\":\"https:\\\/\\\/tucuatro.com\\\/camburpinton\\\/#\\\/schema\\\/person\\\/68ea61a1649e800be7dd6ae72475d1af\",\"name\":\"Cambur Pinton\",\"image\":{\"@type\":\"ImageObject\",\"inLanguage\":\"es\",\"@id\":\"https:\\\/\\\/lh3.googleusercontent.com\\\/a\\\/AEdFTp4NQMwimY1QASsobdRfn2FegjEgYm4GD7ArdNpX=s96-c?sz=50\",\"url\":\"https:\\\/\\\/lh3.googleusercontent.com\\\/a\\\/AEdFTp4NQMwimY1QASsobdRfn2FegjEgYm4GD7ArdNpX=s96-c?sz=50\",\"contentUrl\":\"https:\\\/\\\/lh3.googleusercontent.com\\\/a\\\/AEdFTp4NQMwimY1QASsobdRfn2FegjEgYm4GD7ArdNpX=s96-c?sz=50\",\"caption\":\"Cambur Pinton\"},\"url\":\"https:\\\/\\\/tucuatro.com\\\/camburpinton\\\/author\\\/camburpinton\\\/\"}]}<\/script>\n<!-- \/ Yoast SEO plugin. -->","yoast_head_json":{"title":"Polanco y su cuatro salen a conquistar Madrid - CamburPinton","description":"Foto y rese\u00f1a cortes\u00eda de La Verdad  Compartimos con ustedes esta noticia acerca del cuatrista Jorge Polanco, realizada por el peri\u00f3dico La Verdad el 20 de Septiembre de 2011. Este es el mejor a\u00f1o del cuatrista venezolano Jorge Polanco. As\u00ed lo expresa \u00e9l en entrevista con\u00a0La","robots":{"index":"index","follow":"follow","max-snippet":"max-snippet:-1","max-image-preview":"max-image-preview:large","max-video-preview":"max-video-preview:-1"},"canonical":"https:\/\/tucuatro.com\/camburpinton\/polanco-y-su-cuatro-salen-a-conquistar-madrid\/","og_locale":"es_ES","og_type":"article","og_title":"Polanco y su cuatro salen a conquistar Madrid - CamburPinton","og_description":"Foto y rese\u00f1a cortes\u00eda de La Verdad  Compartimos con ustedes esta noticia acerca del cuatrista Jorge Polanco, realizada por el peri\u00f3dico La Verdad el 20 de Septiembre de 2011. Este es el mejor a\u00f1o del cuatrista venezolano Jorge Polanco. As\u00ed lo expresa \u00e9l en entrevista con\u00a0La","og_url":"https:\/\/tucuatro.com\/camburpinton\/polanco-y-su-cuatro-salen-a-conquistar-madrid\/","og_site_name":"CamburPinton","article_published_time":"2011-10-02T12:18:48+00:00","article_modified_time":"2020-02-22T19:01:49+00:00","author":"Cambur Pinton","twitter_card":"summary_large_image","twitter_misc":{"Escrito por":"Cambur Pinton","Tiempo de lectura":"3 minutos"},"schema":{"@context":"https:\/\/schema.org","@graph":[{"@type":"Article","@id":"https:\/\/tucuatro.com\/camburpinton\/polanco-y-su-cuatro-salen-a-conquistar-madrid\/#article","isPartOf":{"@id":"https:\/\/tucuatro.com\/camburpinton\/polanco-y-su-cuatro-salen-a-conquistar-madrid\/"},"author":{"name":"Cambur Pinton","@id":"https:\/\/tucuatro.com\/camburpinton\/#\/schema\/person\/68ea61a1649e800be7dd6ae72475d1af"},"headline":"Polanco y su cuatro salen a conquistar Madrid","datePublished":"2011-10-02T12:18:48+00:00","dateModified":"2020-02-22T19:01:49+00:00","mainEntityOfPage":{"@id":"https:\/\/tucuatro.com\/camburpinton\/polanco-y-su-cuatro-salen-a-conquistar-madrid\/"},"wordCount":518,"commentCount":0,"publisher":{"@id":"https:\/\/tucuatro.com\/camburpinton\/#organization"},"keywords":["Aguinaldo","cuatrista","jorge polanco"],"articleSection":["Artistas y Cantantes","Noticias"],"inLanguage":"es","potentialAction":[{"@type":"CommentAction","name":"Comment","target":["https:\/\/tucuatro.com\/camburpinton\/polanco-y-su-cuatro-salen-a-conquistar-madrid\/#respond"]}]},{"@type":"WebPage","@id":"https:\/\/tucuatro.com\/camburpinton\/polanco-y-su-cuatro-salen-a-conquistar-madrid\/","url":"https:\/\/tucuatro.com\/camburpinton\/polanco-y-su-cuatro-salen-a-conquistar-madrid\/","name":"Polanco y su cuatro salen a conquistar Madrid - CamburPinton","isPartOf":{"@id":"https:\/\/tucuatro.com\/camburpinton\/#website"},"datePublished":"2011-10-02T12:18:48+00:00","dateModified":"2020-02-22T19:01:49+00:00","description":"Foto y rese\u00f1a cortes\u00eda de La Verdad Compartimos con ustedes esta noticia acerca del cuatrista Jorge Polanco, realizada por el peri\u00f3dico La Verdad el 20 de Septiembre de 2011. Este es el mejor a\u00f1o del cuatrista venezolano Jorge Polanco. As\u00ed lo expresa \u00e9l en entrevista con\u00a0La","breadcrumb":{"@id":"https:\/\/tucuatro.com\/camburpinton\/polanco-y-su-cuatro-salen-a-conquistar-madrid\/#breadcrumb"},"inLanguage":"es","potentialAction":[{"@type":"ReadAction","target":["https:\/\/tucuatro.com\/camburpinton\/polanco-y-su-cuatro-salen-a-conquistar-madrid\/"]}]},{"@type":"BreadcrumbList","@id":"https:\/\/tucuatro.com\/camburpinton\/polanco-y-su-cuatro-salen-a-conquistar-madrid\/#breadcrumb","itemListElement":[{"@type":"ListItem","position":1,"name":"Portada","item":"https:\/\/tucuatro.com\/camburpinton\/"},{"@type":"ListItem","position":2,"name":"Polanco y su cuatro salen a conquistar Madrid"}]},{"@type":"WebSite","@id":"https:\/\/tucuatro.com\/camburpinton\/#website","url":"https:\/\/tucuatro.com\/camburpinton\/","name":"CamburPinton","description":"El blog del Cuatro Venezolano, por TuCuatro","publisher":{"@id":"https:\/\/tucuatro.com\/camburpinton\/#organization"},"potentialAction":[{"@type":"SearchAction","target":{"@type":"EntryPoint","urlTemplate":"https:\/\/tucuatro.com\/camburpinton\/?s={search_term_string}"},"query-input":{"@type":"PropertyValueSpecification","valueRequired":true,"valueName":"search_term_string"}}],"inLanguage":"es"},{"@type":"Organization","@id":"https:\/\/tucuatro.com\/camburpinton\/#organization","name":"CamburPinton","url":"https:\/\/tucuatro.com\/camburpinton\/","logo":{"@type":"ImageObject","inLanguage":"es","@id":"https:\/\/tucuatro.com\/camburpinton\/#\/schema\/logo\/image\/","url":"https:\/\/tucuatro.com\/camburpinton\/wp-content\/uploads\/sites\/5\/2020\/02\/fretboard_icon_black-64px.png","contentUrl":"https:\/\/tucuatro.com\/camburpinton\/wp-content\/uploads\/sites\/5\/2020\/02\/fretboard_icon_black-64px.png","width":64,"height":107,"caption":"CamburPinton"},"image":{"@id":"https:\/\/tucuatro.com\/camburpinton\/#\/schema\/logo\/image\/"}},{"@type":"Person","@id":"https:\/\/tucuatro.com\/camburpinton\/#\/schema\/person\/68ea61a1649e800be7dd6ae72475d1af","name":"Cambur Pinton","image":{"@type":"ImageObject","inLanguage":"es","@id":"https:\/\/lh3.googleusercontent.com\/a\/AEdFTp4NQMwimY1QASsobdRfn2FegjEgYm4GD7ArdNpX=s96-c?sz=50","url":"https:\/\/lh3.googleusercontent.com\/a\/AEdFTp4NQMwimY1QASsobdRfn2FegjEgYm4GD7ArdNpX=s96-c?sz=50","contentUrl":"https:\/\/lh3.googleusercontent.com\/a\/AEdFTp4NQMwimY1QASsobdRfn2FegjEgYm4GD7ArdNpX=s96-c?sz=50","caption":"Cambur Pinton"},"url":"https:\/\/tucuatro.com\/camburpinton\/author\/camburpinton\/"}]}},"_links":{"self":[{"href":"https:\/\/tucuatro.com\/camburpinton\/wp-json\/wp\/v2\/posts\/2450","targetHints":{"allow":["GET"]}}],"collection":[{"href":"https:\/\/tucuatro.com\/camburpinton\/wp-json\/wp\/v2\/posts"}],"about":[{"href":"https:\/\/tucuatro.com\/camburpinton\/wp-json\/wp\/v2\/types\/post"}],"author":[{"embeddable":true,"href":"https:\/\/tucuatro.com\/camburpinton\/wp-json\/wp\/v2\/users\/30"}],"replies":[{"embeddable":true,"href":"https:\/\/tucuatro.com\/camburpinton\/wp-json\/wp\/v2\/comments?post=2450"}],"version-history":[{"count":0,"href":"https:\/\/tucuatro.com\/camburpinton\/wp-json\/wp\/v2\/posts\/2450\/revisions"}],"wp:attachment":[{"href":"https:\/\/tucuatro.com\/camburpinton\/wp-json\/wp\/v2\/media?parent=2450"}],"wp:term":[{"taxonomy":"category","embeddable":true,"href":"https:\/\/tucuatro.com\/camburpinton\/wp-json\/wp\/v2\/categories?post=2450"},{"taxonomy":"post_tag","embeddable":true,"href":"https:\/\/tucuatro.com\/camburpinton\/wp-json\/wp\/v2\/tags?post=2450"}],"curies":[{"name":"wp","href":"https:\/\/api.w.org\/{rel}","templated":true}]}}