{"id":296,"date":"2008-11-11T01:55:41","date_gmt":"2008-11-11T06:25:41","guid":{"rendered":"https:\/\/tucuatro.com\/camburpinton\/?p=296"},"modified":"2022-11-30T22:34:47","modified_gmt":"2022-12-01T02:34:47","slug":"el-pollo-brito-primer-concierto-en-solitario","status":"publish","type":"post","link":"https:\/\/tucuatro.com\/camburpinton\/el-pollo-brito-primer-concierto-en-solitario\/","title":{"rendered":"El \u00abPollo\u00bb Brito: Primer concierto en solitario"},"content":{"rendered":"\n<figure class=\"wp-block-image aligncenter size-full\"><img fetchpriority=\"high\" decoding=\"async\" width=\"233\" height=\"320\" src=\"https:\/\/tucuatro.com\/wp-content\/uploads\/sites\/5\/2022\/11\/Afiche-Promo-Rafael-Brito.jpg\" alt=\"\" class=\"wp-image-14180\" srcset=\"https:\/\/tucuatro.com\/camburpinton\/wp-content\/uploads\/sites\/5\/2022\/11\/Afiche-Promo-Rafael-Brito.jpg 233w, https:\/\/tucuatro.com\/camburpinton\/wp-content\/uploads\/sites\/5\/2022\/11\/Afiche-Promo-Rafael-Brito-218x300.jpg 218w\" sizes=\"(max-width: 233px) 100vw, 233px\" \/><\/figure>\n\n\n\n<p>El m\u00fasico venezolano <strong>Rafael \u201cPollo\u201d Brito<\/strong> ofrecer\u00e1 este <strong>14 y 15 de noviembre<\/strong>, a las 8:00 pm, en el <strong>Centro Cultural Corp Banca de La Castellana<\/strong>, su primer concierto en solitario presentado por Plan B Producciones, el p\u00fablico venezolano podr\u00e1 disfrutar de todo el repertorio del disco Una casita bella para ti, que incluye temas como \u201cA qui\u00e9n no le va a gustar\u201d, \u201cFiesta en Elorza\u201d, \u201cCuando a ti te d\u00e9 la gana\u201d, entre otros.Como novedad y primicia nacional, se escuchar\u00e1n temas de su m\u00e1s reciente producci\u00f3n que titul\u00f3 Se canta venezolano. El \u201cAlma llanera\u201d y \u201cArroz con leche\u201d ser\u00e1n s\u00f3lo parte del banquete musical que sus seguidores se podr\u00e1n dar en esas dos noches de buena m\u00fasica hecha en Venezuela.Las entradas para el concierto est\u00e1n a la venta desde ya en las taquillas del Centro Cultural Corp Banca, ubicado en la Plaza La Castellana, o a trav\u00e9s del (0212) 206.11.49 \u00f3 206.29.73. Las generales tienen un precio de 95 bol\u00edvares fuertes y las VIP 150, las que tendr\u00e1n como atractivo la privilegiada ubicaci\u00f3n de sus butacas y el acceso al brindis, que se ofrecer\u00e1 una vez terminado el concierto, en el cual podr\u00e1n compartir con Rafael Brito. Gracias a Paparazzi Virtual por la informaci\u00f3n<\/p>\n","protected":false},"excerpt":{"rendered":"<div style=\"text-align: justify\">El m\u00fasico venezolano <strong><span style=\"color: #ff9900\">Rafael \u201cPollo\u201d Brito<\/span><\/strong> ofrecer\u00e1 este <strong><span style=\"color: #ff9900\">14 y 15 de noviembre<\/span><\/strong>, a las 8:00 pm, en el <strong><span style=\"color: #ff6666\">Centro Cultural Corp Banca de La Castellana<\/span><\/strong>, su primer concierto en solitario presentado por Plan B Producciones, el p\u00fablico venezolano podr\u00e1 disfrutar de todo el repertorio del<\/div>\n","protected":false},"author":23,"featured_media":0,"comment_status":"open","ping_status":"open","sticky":false,"template":"","format":"standard","meta":{"content-type":"","footnotes":""},"categories":[43,2,30],"tags":[63,19,69],"class_list":["post-296","post","type-post","status-publish","format-standard","hentry","category-artistas","category-cuatro","category-noticias","tag-concierto","tag-cuatrista","tag-pollo-brito"],"yoast_head":"<!-- This site is optimized with the Yoast SEO plugin v27.2 - https:\/\/yoast.com\/product\/yoast-seo-wordpress\/ -->\n<title>El &quot;Pollo&quot; Brito: Primer concierto en solitario - CamburPinton<\/title>\n<meta name=\"description\" content=\"El m\u00fasico venezolano Rafael \u201cPollo\u201d Brito ofrecer\u00e1 este 14 y 15 de noviembre, a las 8:00 pm, en el Centro Cultural Corp Banca de La Castellana, su primer concierto en solitario presentado por Plan B Producciones, el p\u00fablico venezolano podr\u00e1 disfrutar de todo el repertorio del\" \/>\n<meta name=\"robots\" content=\"index, follow, max-snippet:-1, max-image-preview:large, max-video-preview:-1\" \/>\n<link rel=\"canonical\" href=\"https:\/\/tucuatro.com\/camburpinton\/el-pollo-brito-primer-concierto-en-solitario\/\" \/>\n<meta property=\"og:locale\" content=\"es_ES\" \/>\n<meta property=\"og:type\" content=\"article\" \/>\n<meta property=\"og:title\" content=\"El &quot;Pollo&quot; Brito: Primer concierto en solitario - CamburPinton\" \/>\n<meta property=\"og:description\" content=\"El m\u00fasico venezolano Rafael \u201cPollo\u201d Brito ofrecer\u00e1 este 14 y 15 de noviembre, a las 8:00 pm, en el Centro Cultural Corp Banca de La Castellana, su primer concierto en solitario presentado por Plan B Producciones, el p\u00fablico venezolano podr\u00e1 disfrutar de todo el repertorio del\" \/>\n<meta property=\"og:url\" content=\"https:\/\/tucuatro.com\/camburpinton\/el-pollo-brito-primer-concierto-en-solitario\/\" \/>\n<meta property=\"og:site_name\" content=\"CamburPinton\" \/>\n<meta property=\"article:published_time\" content=\"2008-11-11T06:25:41+00:00\" \/>\n<meta property=\"article:modified_time\" content=\"2022-12-01T02:34:47+00:00\" \/>\n<meta property=\"og:image\" content=\"https:\/\/tucuatro.com\/wp-content\/uploads\/sites\/5\/2022\/11\/Afiche-Promo-Rafael-Brito.jpg\" \/>\n<meta name=\"author\" content=\"Adrian Toro\" \/>\n<meta name=\"twitter:card\" content=\"summary_large_image\" \/>\n<meta name=\"twitter:label1\" content=\"Escrito por\" \/>\n\t<meta name=\"twitter:data1\" content=\"Adrian Toro\" \/>\n\t<meta name=\"twitter:label2\" content=\"Tiempo de lectura\" \/>\n\t<meta name=\"twitter:data2\" content=\"2 minutos\" \/>\n<script type=\"application\/ld+json\" class=\"yoast-schema-graph\">{\"@context\":\"https:\/\/schema.org\",\"@graph\":[{\"@type\":\"Article\",\"@id\":\"https:\/\/tucuatro.com\/camburpinton\/el-pollo-brito-primer-concierto-en-solitario\/#article\",\"isPartOf\":{\"@id\":\"https:\/\/tucuatro.com\/camburpinton\/el-pollo-brito-primer-concierto-en-solitario\/\"},\"author\":{\"name\":\"Adrian Toro\",\"@id\":\"https:\/\/tucuatro.com\/camburpinton\/#\/schema\/person\/182f36d7f076c0e15716be890bb6d074\"},\"headline\":\"El \u00abPollo\u00bb Brito: Primer concierto en solitario\",\"datePublished\":\"2008-11-11T06:25:41+00:00\",\"dateModified\":\"2022-12-01T02:34:47+00:00\",\"mainEntityOfPage\":{\"@id\":\"https:\/\/tucuatro.com\/camburpinton\/el-pollo-brito-primer-concierto-en-solitario\/\"},\"wordCount\":222,\"commentCount\":0,\"publisher\":{\"@id\":\"https:\/\/tucuatro.com\/camburpinton\/#organization\"},\"image\":{\"@id\":\"https:\/\/tucuatro.com\/camburpinton\/el-pollo-brito-primer-concierto-en-solitario\/#primaryimage\"},\"thumbnailUrl\":\"https:\/\/tucuatro.com\/wp-content\/uploads\/sites\/5\/2022\/11\/Afiche-Promo-Rafael-Brito.jpg\",\"keywords\":[\"concierto\",\"cuatrista\",\"pollo brito\"],\"articleSection\":[\"Artistas y Cantantes\",\"Cuatro Instrumento Musical\",\"Noticias\"],\"inLanguage\":\"es\",\"potentialAction\":[{\"@type\":\"CommentAction\",\"name\":\"Comment\",\"target\":[\"https:\/\/tucuatro.com\/camburpinton\/el-pollo-brito-primer-concierto-en-solitario\/#respond\"]}]},{\"@type\":\"WebPage\",\"@id\":\"https:\/\/tucuatro.com\/camburpinton\/el-pollo-brito-primer-concierto-en-solitario\/\",\"url\":\"https:\/\/tucuatro.com\/camburpinton\/el-pollo-brito-primer-concierto-en-solitario\/\",\"name\":\"El \\\"Pollo\\\" Brito: Primer concierto en solitario - CamburPinton\",\"isPartOf\":{\"@id\":\"https:\/\/tucuatro.com\/camburpinton\/#website\"},\"primaryImageOfPage\":{\"@id\":\"https:\/\/tucuatro.com\/camburpinton\/el-pollo-brito-primer-concierto-en-solitario\/#primaryimage\"},\"image\":{\"@id\":\"https:\/\/tucuatro.com\/camburpinton\/el-pollo-brito-primer-concierto-en-solitario\/#primaryimage\"},\"thumbnailUrl\":\"https:\/\/tucuatro.com\/wp-content\/uploads\/sites\/5\/2022\/11\/Afiche-Promo-Rafael-Brito.jpg\",\"datePublished\":\"2008-11-11T06:25:41+00:00\",\"dateModified\":\"2022-12-01T02:34:47+00:00\",\"description\":\"El m\u00fasico venezolano Rafael \u201cPollo\u201d Brito ofrecer\u00e1 este 14 y 15 de noviembre, a las 8:00 pm, en el Centro Cultural Corp Banca de La Castellana, su primer concierto en solitario presentado por Plan B Producciones, el p\u00fablico venezolano podr\u00e1 disfrutar de todo el repertorio del\",\"breadcrumb\":{\"@id\":\"https:\/\/tucuatro.com\/camburpinton\/el-pollo-brito-primer-concierto-en-solitario\/#breadcrumb\"},\"inLanguage\":\"es\",\"potentialAction\":[{\"@type\":\"ReadAction\",\"target\":[\"https:\/\/tucuatro.com\/camburpinton\/el-pollo-brito-primer-concierto-en-solitario\/\"]}]},{\"@type\":\"ImageObject\",\"inLanguage\":\"es\",\"@id\":\"https:\/\/tucuatro.com\/camburpinton\/el-pollo-brito-primer-concierto-en-solitario\/#primaryimage\",\"url\":\"https:\/\/tucuatro.com\/wp-content\/uploads\/sites\/5\/2022\/11\/Afiche-Promo-Rafael-Brito.jpg\",\"contentUrl\":\"https:\/\/tucuatro.com\/wp-content\/uploads\/sites\/5\/2022\/11\/Afiche-Promo-Rafael-Brito.jpg\"},{\"@type\":\"BreadcrumbList\",\"@id\":\"https:\/\/tucuatro.com\/camburpinton\/el-pollo-brito-primer-concierto-en-solitario\/#breadcrumb\",\"itemListElement\":[{\"@type\":\"ListItem\",\"position\":1,\"name\":\"Portada\",\"item\":\"https:\/\/tucuatro.com\/camburpinton\/\"},{\"@type\":\"ListItem\",\"position\":2,\"name\":\"El &#8220;Pollo&#8221; Brito: Primer concierto en solitario\"}]},{\"@type\":\"WebSite\",\"@id\":\"https:\/\/tucuatro.com\/camburpinton\/#website\",\"url\":\"https:\/\/tucuatro.com\/camburpinton\/\",\"name\":\"CamburPinton\",\"description\":\"El blog del Cuatro Venezolano, por TuCuatro\",\"publisher\":{\"@id\":\"https:\/\/tucuatro.com\/camburpinton\/#organization\"},\"potentialAction\":[{\"@type\":\"SearchAction\",\"target\":{\"@type\":\"EntryPoint\",\"urlTemplate\":\"https:\/\/tucuatro.com\/camburpinton\/?s={search_term_string}\"},\"query-input\":{\"@type\":\"PropertyValueSpecification\",\"valueRequired\":true,\"valueName\":\"search_term_string\"}}],\"inLanguage\":\"es\"},{\"@type\":\"Organization\",\"@id\":\"https:\/\/tucuatro.com\/camburpinton\/#organization\",\"name\":\"CamburPinton\",\"url\":\"https:\/\/tucuatro.com\/camburpinton\/\",\"logo\":{\"@type\":\"ImageObject\",\"inLanguage\":\"es\",\"@id\":\"https:\/\/tucuatro.com\/camburpinton\/#\/schema\/logo\/image\/\",\"url\":\"https:\/\/tucuatro.com\/camburpinton\/wp-content\/uploads\/sites\/5\/2020\/02\/fretboard_icon_black-64px.png\",\"contentUrl\":\"https:\/\/tucuatro.com\/camburpinton\/wp-content\/uploads\/sites\/5\/2020\/02\/fretboard_icon_black-64px.png\",\"width\":64,\"height\":107,\"caption\":\"CamburPinton\"},\"image\":{\"@id\":\"https:\/\/tucuatro.com\/camburpinton\/#\/schema\/logo\/image\/\"}},{\"@type\":\"Person\",\"@id\":\"https:\/\/tucuatro.com\/camburpinton\/#\/schema\/person\/182f36d7f076c0e15716be890bb6d074\",\"name\":\"Adrian Toro\",\"image\":{\"@type\":\"ImageObject\",\"inLanguage\":\"es\",\"@id\":\"https:\/\/lh3.googleusercontent.com\/a\/ACg8ocLwLCmGuaPjDUjycH1soWxJ2CWxtdwwxTMhw7SjMADBmZbcikz5ww=s96-c?sz=50\",\"url\":\"https:\/\/lh3.googleusercontent.com\/a\/ACg8ocLwLCmGuaPjDUjycH1soWxJ2CWxtdwwxTMhw7SjMADBmZbcikz5ww=s96-c?sz=50\",\"contentUrl\":\"https:\/\/lh3.googleusercontent.com\/a\/ACg8ocLwLCmGuaPjDUjycH1soWxJ2CWxtdwwxTMhw7SjMADBmZbcikz5ww=s96-c?sz=50\",\"caption\":\"Adrian Toro\"},\"description\":\"Adri\u00e1n Toro es el fundador de TuCuatro Corp., una empresa dedicada a la difusi\u00f3n y ense\u00f1anza de instrumentos folkl\u00f3ricos, con un enfoque especial en el cuatro venezolano. Apasionado por la m\u00fasica y la educaci\u00f3n, ha trabajado durante a\u00f1os para conectar a m\u00fasicos, estudiantes y aficionados con recursos innovadores para aprender y perfeccionar su t\u00e9cnica. Bajo su liderazgo, TuCuatro se ha convertido en una plataforma de referencia internacional, promoviendo la riqueza cultural de los instrumentos de cuerda ex\u00f3ticos. Su misi\u00f3n es garantizar que estas tradiciones musicales sigan vivas y accesibles para futuras generaciones.\",\"sameAs\":[\"https:\/\/tucuatro.com\"],\"url\":\"https:\/\/tucuatro.com\/camburpinton\/author\/adrianifero\/\"}]}<\/script>\n<!-- \/ Yoast SEO plugin. -->","yoast_head_json":{"title":"El \"Pollo\" Brito: Primer concierto en solitario - CamburPinton","description":"El m\u00fasico venezolano Rafael \u201cPollo\u201d Brito ofrecer\u00e1 este 14 y 15 de noviembre, a las 8:00 pm, en el Centro Cultural Corp Banca de La Castellana, su primer concierto en solitario presentado por Plan B Producciones, el p\u00fablico venezolano podr\u00e1 disfrutar de todo el repertorio del","robots":{"index":"index","follow":"follow","max-snippet":"max-snippet:-1","max-image-preview":"max-image-preview:large","max-video-preview":"max-video-preview:-1"},"canonical":"https:\/\/tucuatro.com\/camburpinton\/el-pollo-brito-primer-concierto-en-solitario\/","og_locale":"es_ES","og_type":"article","og_title":"El \"Pollo\" Brito: Primer concierto en solitario - CamburPinton","og_description":"El m\u00fasico venezolano Rafael \u201cPollo\u201d Brito ofrecer\u00e1 este 14 y 15 de noviembre, a las 8:00 pm, en el Centro Cultural Corp Banca de La Castellana, su primer concierto en solitario presentado por Plan B Producciones, el p\u00fablico venezolano podr\u00e1 disfrutar de todo el repertorio del","og_url":"https:\/\/tucuatro.com\/camburpinton\/el-pollo-brito-primer-concierto-en-solitario\/","og_site_name":"CamburPinton","article_published_time":"2008-11-11T06:25:41+00:00","article_modified_time":"2022-12-01T02:34:47+00:00","og_image":[{"url":"https:\/\/tucuatro.com\/wp-content\/uploads\/sites\/5\/2022\/11\/Afiche-Promo-Rafael-Brito.jpg","type":"","width":"","height":""}],"author":"Adrian Toro","twitter_card":"summary_large_image","twitter_misc":{"Escrito por":"Adrian Toro","Tiempo de lectura":"2 minutos"},"schema":{"@context":"https:\/\/schema.org","@graph":[{"@type":"Article","@id":"https:\/\/tucuatro.com\/camburpinton\/el-pollo-brito-primer-concierto-en-solitario\/#article","isPartOf":{"@id":"https:\/\/tucuatro.com\/camburpinton\/el-pollo-brito-primer-concierto-en-solitario\/"},"author":{"name":"Adrian Toro","@id":"https:\/\/tucuatro.com\/camburpinton\/#\/schema\/person\/182f36d7f076c0e15716be890bb6d074"},"headline":"El \u00abPollo\u00bb Brito: Primer concierto en solitario","datePublished":"2008-11-11T06:25:41+00:00","dateModified":"2022-12-01T02:34:47+00:00","mainEntityOfPage":{"@id":"https:\/\/tucuatro.com\/camburpinton\/el-pollo-brito-primer-concierto-en-solitario\/"},"wordCount":222,"commentCount":0,"publisher":{"@id":"https:\/\/tucuatro.com\/camburpinton\/#organization"},"image":{"@id":"https:\/\/tucuatro.com\/camburpinton\/el-pollo-brito-primer-concierto-en-solitario\/#primaryimage"},"thumbnailUrl":"https:\/\/tucuatro.com\/wp-content\/uploads\/sites\/5\/2022\/11\/Afiche-Promo-Rafael-Brito.jpg","keywords":["concierto","cuatrista","pollo brito"],"articleSection":["Artistas y Cantantes","Cuatro Instrumento Musical","Noticias"],"inLanguage":"es","potentialAction":[{"@type":"CommentAction","name":"Comment","target":["https:\/\/tucuatro.com\/camburpinton\/el-pollo-brito-primer-concierto-en-solitario\/#respond"]}]},{"@type":"WebPage","@id":"https:\/\/tucuatro.com\/camburpinton\/el-pollo-brito-primer-concierto-en-solitario\/","url":"https:\/\/tucuatro.com\/camburpinton\/el-pollo-brito-primer-concierto-en-solitario\/","name":"El \"Pollo\" Brito: Primer concierto en solitario - CamburPinton","isPartOf":{"@id":"https:\/\/tucuatro.com\/camburpinton\/#website"},"primaryImageOfPage":{"@id":"https:\/\/tucuatro.com\/camburpinton\/el-pollo-brito-primer-concierto-en-solitario\/#primaryimage"},"image":{"@id":"https:\/\/tucuatro.com\/camburpinton\/el-pollo-brito-primer-concierto-en-solitario\/#primaryimage"},"thumbnailUrl":"https:\/\/tucuatro.com\/wp-content\/uploads\/sites\/5\/2022\/11\/Afiche-Promo-Rafael-Brito.jpg","datePublished":"2008-11-11T06:25:41+00:00","dateModified":"2022-12-01T02:34:47+00:00","description":"El m\u00fasico venezolano Rafael \u201cPollo\u201d Brito ofrecer\u00e1 este 14 y 15 de noviembre, a las 8:00 pm, en el Centro Cultural Corp Banca de La Castellana, su primer concierto en solitario presentado por Plan B Producciones, el p\u00fablico venezolano podr\u00e1 disfrutar de todo el repertorio del","breadcrumb":{"@id":"https:\/\/tucuatro.com\/camburpinton\/el-pollo-brito-primer-concierto-en-solitario\/#breadcrumb"},"inLanguage":"es","potentialAction":[{"@type":"ReadAction","target":["https:\/\/tucuatro.com\/camburpinton\/el-pollo-brito-primer-concierto-en-solitario\/"]}]},{"@type":"ImageObject","inLanguage":"es","@id":"https:\/\/tucuatro.com\/camburpinton\/el-pollo-brito-primer-concierto-en-solitario\/#primaryimage","url":"https:\/\/tucuatro.com\/wp-content\/uploads\/sites\/5\/2022\/11\/Afiche-Promo-Rafael-Brito.jpg","contentUrl":"https:\/\/tucuatro.com\/wp-content\/uploads\/sites\/5\/2022\/11\/Afiche-Promo-Rafael-Brito.jpg"},{"@type":"BreadcrumbList","@id":"https:\/\/tucuatro.com\/camburpinton\/el-pollo-brito-primer-concierto-en-solitario\/#breadcrumb","itemListElement":[{"@type":"ListItem","position":1,"name":"Portada","item":"https:\/\/tucuatro.com\/camburpinton\/"},{"@type":"ListItem","position":2,"name":"El &#8220;Pollo&#8221; Brito: Primer concierto en solitario"}]},{"@type":"WebSite","@id":"https:\/\/tucuatro.com\/camburpinton\/#website","url":"https:\/\/tucuatro.com\/camburpinton\/","name":"CamburPinton","description":"El blog del Cuatro Venezolano, por TuCuatro","publisher":{"@id":"https:\/\/tucuatro.com\/camburpinton\/#organization"},"potentialAction":[{"@type":"SearchAction","target":{"@type":"EntryPoint","urlTemplate":"https:\/\/tucuatro.com\/camburpinton\/?s={search_term_string}"},"query-input":{"@type":"PropertyValueSpecification","valueRequired":true,"valueName":"search_term_string"}}],"inLanguage":"es"},{"@type":"Organization","@id":"https:\/\/tucuatro.com\/camburpinton\/#organization","name":"CamburPinton","url":"https:\/\/tucuatro.com\/camburpinton\/","logo":{"@type":"ImageObject","inLanguage":"es","@id":"https:\/\/tucuatro.com\/camburpinton\/#\/schema\/logo\/image\/","url":"https:\/\/tucuatro.com\/camburpinton\/wp-content\/uploads\/sites\/5\/2020\/02\/fretboard_icon_black-64px.png","contentUrl":"https:\/\/tucuatro.com\/camburpinton\/wp-content\/uploads\/sites\/5\/2020\/02\/fretboard_icon_black-64px.png","width":64,"height":107,"caption":"CamburPinton"},"image":{"@id":"https:\/\/tucuatro.com\/camburpinton\/#\/schema\/logo\/image\/"}},{"@type":"Person","@id":"https:\/\/tucuatro.com\/camburpinton\/#\/schema\/person\/182f36d7f076c0e15716be890bb6d074","name":"Adrian Toro","image":{"@type":"ImageObject","inLanguage":"es","@id":"https:\/\/lh3.googleusercontent.com\/a\/ACg8ocLwLCmGuaPjDUjycH1soWxJ2CWxtdwwxTMhw7SjMADBmZbcikz5ww=s96-c?sz=50","url":"https:\/\/lh3.googleusercontent.com\/a\/ACg8ocLwLCmGuaPjDUjycH1soWxJ2CWxtdwwxTMhw7SjMADBmZbcikz5ww=s96-c?sz=50","contentUrl":"https:\/\/lh3.googleusercontent.com\/a\/ACg8ocLwLCmGuaPjDUjycH1soWxJ2CWxtdwwxTMhw7SjMADBmZbcikz5ww=s96-c?sz=50","caption":"Adrian Toro"},"description":"Adri\u00e1n Toro es el fundador de TuCuatro Corp., una empresa dedicada a la difusi\u00f3n y ense\u00f1anza de instrumentos folkl\u00f3ricos, con un enfoque especial en el cuatro venezolano. Apasionado por la m\u00fasica y la educaci\u00f3n, ha trabajado durante a\u00f1os para conectar a m\u00fasicos, estudiantes y aficionados con recursos innovadores para aprender y perfeccionar su t\u00e9cnica. Bajo su liderazgo, TuCuatro se ha convertido en una plataforma de referencia internacional, promoviendo la riqueza cultural de los instrumentos de cuerda ex\u00f3ticos. Su misi\u00f3n es garantizar que estas tradiciones musicales sigan vivas y accesibles para futuras generaciones.","sameAs":["https:\/\/tucuatro.com"],"url":"https:\/\/tucuatro.com\/camburpinton\/author\/adrianifero\/"}]}},"_links":{"self":[{"href":"https:\/\/tucuatro.com\/camburpinton\/wp-json\/wp\/v2\/posts\/296","targetHints":{"allow":["GET"]}}],"collection":[{"href":"https:\/\/tucuatro.com\/camburpinton\/wp-json\/wp\/v2\/posts"}],"about":[{"href":"https:\/\/tucuatro.com\/camburpinton\/wp-json\/wp\/v2\/types\/post"}],"author":[{"embeddable":true,"href":"https:\/\/tucuatro.com\/camburpinton\/wp-json\/wp\/v2\/users\/23"}],"replies":[{"embeddable":true,"href":"https:\/\/tucuatro.com\/camburpinton\/wp-json\/wp\/v2\/comments?post=296"}],"version-history":[{"count":0,"href":"https:\/\/tucuatro.com\/camburpinton\/wp-json\/wp\/v2\/posts\/296\/revisions"}],"wp:attachment":[{"href":"https:\/\/tucuatro.com\/camburpinton\/wp-json\/wp\/v2\/media?parent=296"}],"wp:term":[{"taxonomy":"category","embeddable":true,"href":"https:\/\/tucuatro.com\/camburpinton\/wp-json\/wp\/v2\/categories?post=296"},{"taxonomy":"post_tag","embeddable":true,"href":"https:\/\/tucuatro.com\/camburpinton\/wp-json\/wp\/v2\/tags?post=296"}],"curies":[{"name":"wp","href":"https:\/\/api.w.org\/{rel}","templated":true}]}}