{"id":341,"date":"2009-01-23T11:11:26","date_gmt":"2009-01-23T15:41:26","guid":{"rendered":"https:\/\/tucuatro.com\/camburpinton\/?p=341"},"modified":"2020-02-22T13:57:53","modified_gmt":"2020-02-22T17:57:53","slug":"ensamble-gurrufio-y-hamilton-de-holanda-el-vuelo-de-la-mosca","status":"publish","type":"post","link":"https:\/\/tucuatro.com\/camburpinton\/ensamble-gurrufio-y-hamilton-de-holanda-el-vuelo-de-la-mosca\/","title":{"rendered":"Ensamble Gurrufio y Hamilton de Holanda &#8211; El vuelo de la mosca"},"content":{"rendered":"<p>Otra de las aparicinoes de este gran ensamble.\u00a0\u00a0 En esta ocasion fue en el Instituto Cultural Brazil, en Caracas, Venezuela<\/p>\n<p style=\"text-align: center\">\n","protected":false},"excerpt":{"rendered":"<p>Otra de las aparicinoes de este gran ensamble.\u00a0\u00a0 En esta ocasion fue en el Instituto Cultural Brazil, en Caracas, Venezuela <\/p>\n","protected":false},"author":23,"featured_media":0,"comment_status":"open","ping_status":"open","sticky":false,"template":"","format":"standard","meta":{"content-type":"","footnotes":""},"categories":[2],"tags":[185,52],"class_list":["post-341","post","type-post","status-publish","format-standard","hentry","category-cuatro","tag-ensamble-gurrufio","tag-video"],"yoast_head":"<!-- This site is optimized with the Yoast SEO plugin v27.2 - https:\/\/yoast.com\/product\/yoast-seo-wordpress\/ -->\n<title>Ensamble Gurrufio y Hamilton de Holanda - El vuelo de la mosca - CamburPinton<\/title>\n<meta name=\"description\" content=\"Otra de las aparicinoes de este gran ensamble.\u00a0\u00a0 En esta ocasion fue en el Instituto Cultural Brazil, en Caracas, Venezuela\" \/>\n<meta name=\"robots\" content=\"index, follow, max-snippet:-1, max-image-preview:large, max-video-preview:-1\" \/>\n<link rel=\"canonical\" href=\"https:\/\/tucuatro.com\/camburpinton\/ensamble-gurrufio-y-hamilton-de-holanda-el-vuelo-de-la-mosca\/\" \/>\n<meta property=\"og:locale\" content=\"es_ES\" \/>\n<meta property=\"og:type\" content=\"article\" \/>\n<meta property=\"og:title\" content=\"Ensamble Gurrufio y Hamilton de Holanda - El vuelo de la mosca - CamburPinton\" \/>\n<meta property=\"og:description\" content=\"Otra de las aparicinoes de este gran ensamble.\u00a0\u00a0 En esta ocasion fue en el Instituto Cultural Brazil, en Caracas, Venezuela\" \/>\n<meta property=\"og:url\" content=\"https:\/\/tucuatro.com\/camburpinton\/ensamble-gurrufio-y-hamilton-de-holanda-el-vuelo-de-la-mosca\/\" \/>\n<meta property=\"og:site_name\" content=\"CamburPinton\" \/>\n<meta property=\"article:published_time\" content=\"2009-01-23T15:41:26+00:00\" \/>\n<meta property=\"article:modified_time\" content=\"2020-02-22T17:57:53+00:00\" \/>\n<meta name=\"author\" content=\"Adrian Toro\" \/>\n<meta name=\"twitter:card\" content=\"summary_large_image\" \/>\n<meta name=\"twitter:label1\" content=\"Escrito por\" \/>\n\t<meta name=\"twitter:data1\" content=\"Adrian Toro\" \/>\n<script type=\"application\/ld+json\" class=\"yoast-schema-graph\">{\"@context\":\"https:\/\/schema.org\",\"@graph\":[{\"@type\":\"Article\",\"@id\":\"https:\/\/tucuatro.com\/camburpinton\/ensamble-gurrufio-y-hamilton-de-holanda-el-vuelo-de-la-mosca\/#article\",\"isPartOf\":{\"@id\":\"https:\/\/tucuatro.com\/camburpinton\/ensamble-gurrufio-y-hamilton-de-holanda-el-vuelo-de-la-mosca\/\"},\"author\":{\"name\":\"Adrian Toro\",\"@id\":\"https:\/\/tucuatro.com\/camburpinton\/#\/schema\/person\/182f36d7f076c0e15716be890bb6d074\"},\"headline\":\"Ensamble Gurrufio y Hamilton de Holanda &#8211; El vuelo de la mosca\",\"datePublished\":\"2009-01-23T15:41:26+00:00\",\"dateModified\":\"2020-02-22T17:57:53+00:00\",\"mainEntityOfPage\":{\"@id\":\"https:\/\/tucuatro.com\/camburpinton\/ensamble-gurrufio-y-hamilton-de-holanda-el-vuelo-de-la-mosca\/\"},\"wordCount\":32,\"commentCount\":2,\"publisher\":{\"@id\":\"https:\/\/tucuatro.com\/camburpinton\/#organization\"},\"keywords\":[\"ensamble gurrufio\",\"video\"],\"articleSection\":[\"Cuatro Instrumento Musical\"],\"inLanguage\":\"es\",\"potentialAction\":[{\"@type\":\"CommentAction\",\"name\":\"Comment\",\"target\":[\"https:\/\/tucuatro.com\/camburpinton\/ensamble-gurrufio-y-hamilton-de-holanda-el-vuelo-de-la-mosca\/#respond\"]}]},{\"@type\":\"WebPage\",\"@id\":\"https:\/\/tucuatro.com\/camburpinton\/ensamble-gurrufio-y-hamilton-de-holanda-el-vuelo-de-la-mosca\/\",\"url\":\"https:\/\/tucuatro.com\/camburpinton\/ensamble-gurrufio-y-hamilton-de-holanda-el-vuelo-de-la-mosca\/\",\"name\":\"Ensamble Gurrufio y Hamilton de Holanda - El vuelo de la mosca - CamburPinton\",\"isPartOf\":{\"@id\":\"https:\/\/tucuatro.com\/camburpinton\/#website\"},\"datePublished\":\"2009-01-23T15:41:26+00:00\",\"dateModified\":\"2020-02-22T17:57:53+00:00\",\"description\":\"Otra de las aparicinoes de este gran ensamble.\u00a0\u00a0 En esta ocasion fue en el Instituto Cultural Brazil, en Caracas, Venezuela\",\"breadcrumb\":{\"@id\":\"https:\/\/tucuatro.com\/camburpinton\/ensamble-gurrufio-y-hamilton-de-holanda-el-vuelo-de-la-mosca\/#breadcrumb\"},\"inLanguage\":\"es\",\"potentialAction\":[{\"@type\":\"ReadAction\",\"target\":[\"https:\/\/tucuatro.com\/camburpinton\/ensamble-gurrufio-y-hamilton-de-holanda-el-vuelo-de-la-mosca\/\"]}]},{\"@type\":\"BreadcrumbList\",\"@id\":\"https:\/\/tucuatro.com\/camburpinton\/ensamble-gurrufio-y-hamilton-de-holanda-el-vuelo-de-la-mosca\/#breadcrumb\",\"itemListElement\":[{\"@type\":\"ListItem\",\"position\":1,\"name\":\"Portada\",\"item\":\"https:\/\/tucuatro.com\/camburpinton\/\"},{\"@type\":\"ListItem\",\"position\":2,\"name\":\"Ensamble Gurrufio y Hamilton de Holanda &#8211; El vuelo de la mosca\"}]},{\"@type\":\"WebSite\",\"@id\":\"https:\/\/tucuatro.com\/camburpinton\/#website\",\"url\":\"https:\/\/tucuatro.com\/camburpinton\/\",\"name\":\"CamburPinton\",\"description\":\"El blog del Cuatro Venezolano, por TuCuatro\",\"publisher\":{\"@id\":\"https:\/\/tucuatro.com\/camburpinton\/#organization\"},\"potentialAction\":[{\"@type\":\"SearchAction\",\"target\":{\"@type\":\"EntryPoint\",\"urlTemplate\":\"https:\/\/tucuatro.com\/camburpinton\/?s={search_term_string}\"},\"query-input\":{\"@type\":\"PropertyValueSpecification\",\"valueRequired\":true,\"valueName\":\"search_term_string\"}}],\"inLanguage\":\"es\"},{\"@type\":\"Organization\",\"@id\":\"https:\/\/tucuatro.com\/camburpinton\/#organization\",\"name\":\"CamburPinton\",\"url\":\"https:\/\/tucuatro.com\/camburpinton\/\",\"logo\":{\"@type\":\"ImageObject\",\"inLanguage\":\"es\",\"@id\":\"https:\/\/tucuatro.com\/camburpinton\/#\/schema\/logo\/image\/\",\"url\":\"https:\/\/tucuatro.com\/camburpinton\/wp-content\/uploads\/sites\/5\/2020\/02\/fretboard_icon_black-64px.png\",\"contentUrl\":\"https:\/\/tucuatro.com\/camburpinton\/wp-content\/uploads\/sites\/5\/2020\/02\/fretboard_icon_black-64px.png\",\"width\":64,\"height\":107,\"caption\":\"CamburPinton\"},\"image\":{\"@id\":\"https:\/\/tucuatro.com\/camburpinton\/#\/schema\/logo\/image\/\"}},{\"@type\":\"Person\",\"@id\":\"https:\/\/tucuatro.com\/camburpinton\/#\/schema\/person\/182f36d7f076c0e15716be890bb6d074\",\"name\":\"Adrian Toro\",\"image\":{\"@type\":\"ImageObject\",\"inLanguage\":\"es\",\"@id\":\"https:\/\/lh3.googleusercontent.com\/a\/ACg8ocLwLCmGuaPjDUjycH1soWxJ2CWxtdwwxTMhw7SjMADBmZbcikz5ww=s96-c?sz=50\",\"url\":\"https:\/\/lh3.googleusercontent.com\/a\/ACg8ocLwLCmGuaPjDUjycH1soWxJ2CWxtdwwxTMhw7SjMADBmZbcikz5ww=s96-c?sz=50\",\"contentUrl\":\"https:\/\/lh3.googleusercontent.com\/a\/ACg8ocLwLCmGuaPjDUjycH1soWxJ2CWxtdwwxTMhw7SjMADBmZbcikz5ww=s96-c?sz=50\",\"caption\":\"Adrian Toro\"},\"description\":\"Adri\u00e1n Toro es el fundador de TuCuatro Corp., una empresa dedicada a la difusi\u00f3n y ense\u00f1anza de instrumentos folkl\u00f3ricos, con un enfoque especial en el cuatro venezolano. Apasionado por la m\u00fasica y la educaci\u00f3n, ha trabajado durante a\u00f1os para conectar a m\u00fasicos, estudiantes y aficionados con recursos innovadores para aprender y perfeccionar su t\u00e9cnica. Bajo su liderazgo, TuCuatro se ha convertido en una plataforma de referencia internacional, promoviendo la riqueza cultural de los instrumentos de cuerda ex\u00f3ticos. Su misi\u00f3n es garantizar que estas tradiciones musicales sigan vivas y accesibles para futuras generaciones.\",\"sameAs\":[\"https:\/\/tucuatro.com\"],\"url\":\"https:\/\/tucuatro.com\/camburpinton\/author\/adrianifero\/\"}]}<\/script>\n<!-- \/ Yoast SEO plugin. -->","yoast_head_json":{"title":"Ensamble Gurrufio y Hamilton de Holanda - El vuelo de la mosca - CamburPinton","description":"Otra de las aparicinoes de este gran ensamble.\u00a0\u00a0 En esta ocasion fue en el Instituto Cultural Brazil, en Caracas, Venezuela","robots":{"index":"index","follow":"follow","max-snippet":"max-snippet:-1","max-image-preview":"max-image-preview:large","max-video-preview":"max-video-preview:-1"},"canonical":"https:\/\/tucuatro.com\/camburpinton\/ensamble-gurrufio-y-hamilton-de-holanda-el-vuelo-de-la-mosca\/","og_locale":"es_ES","og_type":"article","og_title":"Ensamble Gurrufio y Hamilton de Holanda - El vuelo de la mosca - CamburPinton","og_description":"Otra de las aparicinoes de este gran ensamble.\u00a0\u00a0 En esta ocasion fue en el Instituto Cultural Brazil, en Caracas, Venezuela","og_url":"https:\/\/tucuatro.com\/camburpinton\/ensamble-gurrufio-y-hamilton-de-holanda-el-vuelo-de-la-mosca\/","og_site_name":"CamburPinton","article_published_time":"2009-01-23T15:41:26+00:00","article_modified_time":"2020-02-22T17:57:53+00:00","author":"Adrian Toro","twitter_card":"summary_large_image","twitter_misc":{"Escrito por":"Adrian Toro"},"schema":{"@context":"https:\/\/schema.org","@graph":[{"@type":"Article","@id":"https:\/\/tucuatro.com\/camburpinton\/ensamble-gurrufio-y-hamilton-de-holanda-el-vuelo-de-la-mosca\/#article","isPartOf":{"@id":"https:\/\/tucuatro.com\/camburpinton\/ensamble-gurrufio-y-hamilton-de-holanda-el-vuelo-de-la-mosca\/"},"author":{"name":"Adrian Toro","@id":"https:\/\/tucuatro.com\/camburpinton\/#\/schema\/person\/182f36d7f076c0e15716be890bb6d074"},"headline":"Ensamble Gurrufio y Hamilton de Holanda &#8211; El vuelo de la mosca","datePublished":"2009-01-23T15:41:26+00:00","dateModified":"2020-02-22T17:57:53+00:00","mainEntityOfPage":{"@id":"https:\/\/tucuatro.com\/camburpinton\/ensamble-gurrufio-y-hamilton-de-holanda-el-vuelo-de-la-mosca\/"},"wordCount":32,"commentCount":2,"publisher":{"@id":"https:\/\/tucuatro.com\/camburpinton\/#organization"},"keywords":["ensamble gurrufio","video"],"articleSection":["Cuatro Instrumento Musical"],"inLanguage":"es","potentialAction":[{"@type":"CommentAction","name":"Comment","target":["https:\/\/tucuatro.com\/camburpinton\/ensamble-gurrufio-y-hamilton-de-holanda-el-vuelo-de-la-mosca\/#respond"]}]},{"@type":"WebPage","@id":"https:\/\/tucuatro.com\/camburpinton\/ensamble-gurrufio-y-hamilton-de-holanda-el-vuelo-de-la-mosca\/","url":"https:\/\/tucuatro.com\/camburpinton\/ensamble-gurrufio-y-hamilton-de-holanda-el-vuelo-de-la-mosca\/","name":"Ensamble Gurrufio y Hamilton de Holanda - El vuelo de la mosca - CamburPinton","isPartOf":{"@id":"https:\/\/tucuatro.com\/camburpinton\/#website"},"datePublished":"2009-01-23T15:41:26+00:00","dateModified":"2020-02-22T17:57:53+00:00","description":"Otra de las aparicinoes de este gran ensamble.\u00a0\u00a0 En esta ocasion fue en el Instituto Cultural Brazil, en Caracas, Venezuela","breadcrumb":{"@id":"https:\/\/tucuatro.com\/camburpinton\/ensamble-gurrufio-y-hamilton-de-holanda-el-vuelo-de-la-mosca\/#breadcrumb"},"inLanguage":"es","potentialAction":[{"@type":"ReadAction","target":["https:\/\/tucuatro.com\/camburpinton\/ensamble-gurrufio-y-hamilton-de-holanda-el-vuelo-de-la-mosca\/"]}]},{"@type":"BreadcrumbList","@id":"https:\/\/tucuatro.com\/camburpinton\/ensamble-gurrufio-y-hamilton-de-holanda-el-vuelo-de-la-mosca\/#breadcrumb","itemListElement":[{"@type":"ListItem","position":1,"name":"Portada","item":"https:\/\/tucuatro.com\/camburpinton\/"},{"@type":"ListItem","position":2,"name":"Ensamble Gurrufio y Hamilton de Holanda &#8211; El vuelo de la mosca"}]},{"@type":"WebSite","@id":"https:\/\/tucuatro.com\/camburpinton\/#website","url":"https:\/\/tucuatro.com\/camburpinton\/","name":"CamburPinton","description":"El blog del Cuatro Venezolano, por TuCuatro","publisher":{"@id":"https:\/\/tucuatro.com\/camburpinton\/#organization"},"potentialAction":[{"@type":"SearchAction","target":{"@type":"EntryPoint","urlTemplate":"https:\/\/tucuatro.com\/camburpinton\/?s={search_term_string}"},"query-input":{"@type":"PropertyValueSpecification","valueRequired":true,"valueName":"search_term_string"}}],"inLanguage":"es"},{"@type":"Organization","@id":"https:\/\/tucuatro.com\/camburpinton\/#organization","name":"CamburPinton","url":"https:\/\/tucuatro.com\/camburpinton\/","logo":{"@type":"ImageObject","inLanguage":"es","@id":"https:\/\/tucuatro.com\/camburpinton\/#\/schema\/logo\/image\/","url":"https:\/\/tucuatro.com\/camburpinton\/wp-content\/uploads\/sites\/5\/2020\/02\/fretboard_icon_black-64px.png","contentUrl":"https:\/\/tucuatro.com\/camburpinton\/wp-content\/uploads\/sites\/5\/2020\/02\/fretboard_icon_black-64px.png","width":64,"height":107,"caption":"CamburPinton"},"image":{"@id":"https:\/\/tucuatro.com\/camburpinton\/#\/schema\/logo\/image\/"}},{"@type":"Person","@id":"https:\/\/tucuatro.com\/camburpinton\/#\/schema\/person\/182f36d7f076c0e15716be890bb6d074","name":"Adrian Toro","image":{"@type":"ImageObject","inLanguage":"es","@id":"https:\/\/lh3.googleusercontent.com\/a\/ACg8ocLwLCmGuaPjDUjycH1soWxJ2CWxtdwwxTMhw7SjMADBmZbcikz5ww=s96-c?sz=50","url":"https:\/\/lh3.googleusercontent.com\/a\/ACg8ocLwLCmGuaPjDUjycH1soWxJ2CWxtdwwxTMhw7SjMADBmZbcikz5ww=s96-c?sz=50","contentUrl":"https:\/\/lh3.googleusercontent.com\/a\/ACg8ocLwLCmGuaPjDUjycH1soWxJ2CWxtdwwxTMhw7SjMADBmZbcikz5ww=s96-c?sz=50","caption":"Adrian Toro"},"description":"Adri\u00e1n Toro es el fundador de TuCuatro Corp., una empresa dedicada a la difusi\u00f3n y ense\u00f1anza de instrumentos folkl\u00f3ricos, con un enfoque especial en el cuatro venezolano. Apasionado por la m\u00fasica y la educaci\u00f3n, ha trabajado durante a\u00f1os para conectar a m\u00fasicos, estudiantes y aficionados con recursos innovadores para aprender y perfeccionar su t\u00e9cnica. Bajo su liderazgo, TuCuatro se ha convertido en una plataforma de referencia internacional, promoviendo la riqueza cultural de los instrumentos de cuerda ex\u00f3ticos. Su misi\u00f3n es garantizar que estas tradiciones musicales sigan vivas y accesibles para futuras generaciones.","sameAs":["https:\/\/tucuatro.com"],"url":"https:\/\/tucuatro.com\/camburpinton\/author\/adrianifero\/"}]}},"_links":{"self":[{"href":"https:\/\/tucuatro.com\/camburpinton\/wp-json\/wp\/v2\/posts\/341","targetHints":{"allow":["GET"]}}],"collection":[{"href":"https:\/\/tucuatro.com\/camburpinton\/wp-json\/wp\/v2\/posts"}],"about":[{"href":"https:\/\/tucuatro.com\/camburpinton\/wp-json\/wp\/v2\/types\/post"}],"author":[{"embeddable":true,"href":"https:\/\/tucuatro.com\/camburpinton\/wp-json\/wp\/v2\/users\/23"}],"replies":[{"embeddable":true,"href":"https:\/\/tucuatro.com\/camburpinton\/wp-json\/wp\/v2\/comments?post=341"}],"version-history":[{"count":0,"href":"https:\/\/tucuatro.com\/camburpinton\/wp-json\/wp\/v2\/posts\/341\/revisions"}],"wp:attachment":[{"href":"https:\/\/tucuatro.com\/camburpinton\/wp-json\/wp\/v2\/media?parent=341"}],"wp:term":[{"taxonomy":"category","embeddable":true,"href":"https:\/\/tucuatro.com\/camburpinton\/wp-json\/wp\/v2\/categories?post=341"},{"taxonomy":"post_tag","embeddable":true,"href":"https:\/\/tucuatro.com\/camburpinton\/wp-json\/wp\/v2\/tags?post=341"}],"curies":[{"name":"wp","href":"https:\/\/api.w.org\/{rel}","templated":true}]}}