{"id":3517,"date":"2016-04-06T08:04:41","date_gmt":"2016-04-06T12:34:41","guid":{"rendered":"https:\/\/tucuatro.com\/info\/?p=3517"},"modified":"2020-02-22T13:52:20","modified_gmt":"2020-02-22T17:52:20","slug":"4glem-un-concierto-para-celebrar-la-universalidad-el-cuatro-venezolano","status":"publish","type":"post","link":"https:\/\/tucuatro.com\/camburpinton\/4glem-un-concierto-para-celebrar-la-universalidad-el-cuatro-venezolano\/","title":{"rendered":"#4Glem: Un concierto para celebrar la universalidad el cuatro venezolano"},"content":{"rendered":"<p><strong>Jorge Glem,\u00a0har\u00e1 vibrar\u00a0 las cuatro cuerdas de su instrumento en un concierto \u00a0irrepetible, donde se\u00a0pasear\u00e1 por diferentes tendencias del World Music, el jazz y diversos\u00a0g\u00e9neros venezolanos, con la esencia y sonoridad original que,\u00a0<\/strong><strong>tanto como solista con C4 Tr\u00edo,\u00a0<\/strong><strong>lo ha convertido en emblema de una nueva generaci\u00f3n de instrumentistas \u00a0con una franca personalidad que se expresa entre diversas\u00a0influencias, estilos y sonoridades<\/strong><\/p>\n<p>Genial, talentoso, universal, prolijo, \u00fanico, son algunos que los adjetivos que quien lo ven tocar suelen agregar a su nombre: JORGE GLEM, quien el viernes 22 de abril se presentar\u00e1 \u00a0en el Centro Cultural BOD para mostrar las nuevas vertientes de su aplaudido trabajo musical, en<strong>\u00a04Glem<\/strong>, espect\u00e1culo donde\u00a0la versatilidad que le caracteriza ser\u00e1 disfrutada por el p\u00fablico citadino en la \u00faltima presentaci\u00f3n que el artista ofrecer\u00e1 en Caracas antes de residenciarse por un tiempo en Nueva York.<\/p>\n<p><img fetchpriority=\"high\" decoding=\"async\" src=\"\/\/tucuatro.com\/wp-content\/uploads\/sites\/3\/2016\/04\/jorge-glem-caracas-4glem-570x289.jpg\" alt=\"jorge-glem-caracas-4glem\" width=\"570\" height=\"289\" class=\"aligncenter size-large wp-image-3538\" \/><\/p>\n<p>Y es que las\u00a0cuerdas del cuatro venezolano se han convertido en las c\u00f3mplices de Jorge Glem quien ha obtenido reconocimiento nacional e internacional gracias a su magistral forma de ejecutar el instrumento, con el que explora\u00a0continuamente nuevas vertientes sonoras para su\u00a0 trabajo musical flexible, de franca personalidad que se expresa entre diversas\u00a0 influencias, estilos\u00a0\u00a0y sonidos.<\/p>\n<p>Acerca de esta presentaci\u00f3n, comenta: \u201c<em>Yo creo mucho en la m\u00fasica venezolana y creo tambi\u00e9n en las ilimitadas posibilidades de nuestro cuatro. Creo m\u00e1s el esp\u00edritu que en las notas y veo mi instrumento como un medio que expresa y conecta emociones que trascienden fronteras, todo eso es lo que \u00a0deseo mostrar en este concierto\u00a0<\/em><em>que espero el p\u00fablico pueda disfrutar tanto como yo<\/em><em>\u00ab<\/em>, afirma este talentoso\u00a0m\u00fasico que, en paralelo a su carrera solista, forma parte de la agrupaci\u00f3n C4 Tr\u00edo, as\u00ed como de Alexis C\u00e1rdenas Cuarteto, Pacho Flores y Cuatreto, entre otros.<\/p>\n<p>Tiene en su haber tres producciones discogr\u00e1ficas como solista:\u00a0<em>Cuatro sentido<\/em>\u00a0(2005) y\u00a0<em>La siembra del cuatro<\/em>\u00a0(2009) y\u00a0<em>En El Cerrito<\/em>(2013). Este\u00a0\u00faltimo, una de las tres mejores producciones venezolanas de ese a\u00f1o, seg\u00fan la cr\u00edtica, ha tenido un notable \u00e9xitos de ventas y de cr\u00edtica.<\/p>\n<p>Ganador de dos premios Pepsi Music en 2014 como Productor del A\u00f1o y como Disco de M\u00fasica Instrumental de A\u00f1o,por su disco\u00a0<em>En el Cerrito<\/em>, \u00a0\u00abel cuatrista favorito de los solistas venezolanos\u201d, como ha sido descrito por muchos, ha estado nominado durante dos a\u00f1os consecutivos a los Latin Grammy con C4 Tr\u00edo,\u00a0grupo con el que en este mes de mayo y junio emprender\u00e1 una gira de conciertos en Europa.<\/p>\n<p><strong>4Glem: Jorge Glem en concierto,\u00a0<\/strong>en funci\u00f3n \u00fanica,\u00a0<strong>viernes 22 de abril a las 7:00 p.m., en el Centro Cultural BOD<\/strong>, ubicado en La Castellana, El Rosal.\u00a0as entradas est\u00e1n a la venta en las taquillas del teatro, en La Castellana, y a trav\u00e9s del portal\u00a0<a href=\"http:\/\/www.ticketmundo.com\/\">www.ticketmundo.com<\/a>. Mayor informaci\u00f3n en\u00a0<a href=\"http:\/\/www.centroculturalbod.com\/\">www.centroculturalbod.com<\/a>\u00a0o por el Twitter @cculturalbod.<\/p>\n<p><iframe title=\"Concierto Jorge Glem: Pez Volador\" width=\"800\" height=\"450\" src=\"https:\/\/www.youtube.com\/embed\/dmZXpDdjy4s?feature=oembed\" frameborder=\"0\" allow=\"accelerometer; autoplay; encrypted-media; gyroscope; picture-in-picture\" allowfullscreen><\/iframe><\/p>\n","protected":false},"excerpt":{"rendered":"<p>\u00danica funci\u00f3n: Viernes 22 de abril, 7:00 p.m.<\/p>\n","protected":false},"author":5823,"featured_media":8864,"comment_status":"open","ping_status":"open","sticky":false,"template":"","format":"standard","meta":{"content-type":"","footnotes":""},"categories":[30],"tags":[219,423,63,59],"class_list":["post-3517","post","type-post","status-publish","format-standard","has-post-thumbnail","hentry","category-noticias","tag-alexis-cardenas","tag-c4-trio","tag-concierto","tag-jorge-glem"],"yoast_head":"<!-- This site is optimized with the Yoast SEO plugin v27.2 - https:\/\/yoast.com\/product\/yoast-seo-wordpress\/ -->\n<title>#4Glem: Un concierto para celebrar la universalidad el cuatro venezolano - CamburPinton<\/title>\n<meta name=\"description\" content=\"\u00danica funci\u00f3n: Viernes 22 de abril, 7:00 p.m.\" \/>\n<meta name=\"robots\" content=\"index, follow, max-snippet:-1, max-image-preview:large, max-video-preview:-1\" \/>\n<link rel=\"canonical\" href=\"https:\/\/tucuatro.com\/camburpinton\/4glem-un-concierto-para-celebrar-la-universalidad-el-cuatro-venezolano\/\" \/>\n<meta property=\"og:locale\" content=\"es_ES\" \/>\n<meta property=\"og:type\" content=\"article\" \/>\n<meta property=\"og:title\" content=\"#4Glem: Un concierto para celebrar la universalidad el cuatro venezolano - CamburPinton\" \/>\n<meta property=\"og:description\" content=\"\u00danica funci\u00f3n: Viernes 22 de abril, 7:00 p.m.\" \/>\n<meta property=\"og:url\" content=\"https:\/\/tucuatro.com\/camburpinton\/4glem-un-concierto-para-celebrar-la-universalidad-el-cuatro-venezolano\/\" \/>\n<meta property=\"og:site_name\" content=\"CamburPinton\" \/>\n<meta property=\"article:published_time\" content=\"2016-04-06T12:34:41+00:00\" \/>\n<meta property=\"article:modified_time\" content=\"2020-02-22T17:52:20+00:00\" \/>\n<meta name=\"author\" content=\"noticiastucuatro\" \/>\n<meta name=\"twitter:card\" content=\"summary_large_image\" \/>\n<meta name=\"twitter:label1\" content=\"Escrito por\" \/>\n\t<meta name=\"twitter:data1\" content=\"noticiastucuatro\" \/>\n\t<meta name=\"twitter:label2\" content=\"Tiempo de lectura\" \/>\n\t<meta name=\"twitter:data2\" content=\"3 minutos\" \/>\n<script type=\"application\/ld+json\" class=\"yoast-schema-graph\">{\"@context\":\"https:\/\/schema.org\",\"@graph\":[{\"@type\":\"Article\",\"@id\":\"https:\/\/tucuatro.com\/camburpinton\/4glem-un-concierto-para-celebrar-la-universalidad-el-cuatro-venezolano\/#article\",\"isPartOf\":{\"@id\":\"https:\/\/tucuatro.com\/camburpinton\/4glem-un-concierto-para-celebrar-la-universalidad-el-cuatro-venezolano\/\"},\"author\":{\"name\":\"noticiastucuatro\",\"@id\":\"https:\/\/tucuatro.com\/camburpinton\/#\/schema\/person\/bfbf34069d0728d153d7624713ba0f73\"},\"headline\":\"#4Glem: Un concierto para celebrar la universalidad el cuatro venezolano\",\"datePublished\":\"2016-04-06T12:34:41+00:00\",\"dateModified\":\"2020-02-22T17:52:20+00:00\",\"mainEntityOfPage\":{\"@id\":\"https:\/\/tucuatro.com\/camburpinton\/4glem-un-concierto-para-celebrar-la-universalidad-el-cuatro-venezolano\/\"},\"wordCount\":519,\"commentCount\":0,\"publisher\":{\"@id\":\"https:\/\/tucuatro.com\/camburpinton\/#organization\"},\"image\":{\"@id\":\"https:\/\/tucuatro.com\/camburpinton\/4glem-un-concierto-para-celebrar-la-universalidad-el-cuatro-venezolano\/#primaryimage\"},\"thumbnailUrl\":\"\",\"keywords\":[\"alexis cardenas\",\"c4 trio\",\"concierto\",\"jorge glem\"],\"articleSection\":[\"Noticias\"],\"inLanguage\":\"es\",\"potentialAction\":[{\"@type\":\"CommentAction\",\"name\":\"Comment\",\"target\":[\"https:\/\/tucuatro.com\/camburpinton\/4glem-un-concierto-para-celebrar-la-universalidad-el-cuatro-venezolano\/#respond\"]}]},{\"@type\":\"WebPage\",\"@id\":\"https:\/\/tucuatro.com\/camburpinton\/4glem-un-concierto-para-celebrar-la-universalidad-el-cuatro-venezolano\/\",\"url\":\"https:\/\/tucuatro.com\/camburpinton\/4glem-un-concierto-para-celebrar-la-universalidad-el-cuatro-venezolano\/\",\"name\":\"#4Glem: Un concierto para celebrar la universalidad el cuatro venezolano - CamburPinton\",\"isPartOf\":{\"@id\":\"https:\/\/tucuatro.com\/camburpinton\/#website\"},\"primaryImageOfPage\":{\"@id\":\"https:\/\/tucuatro.com\/camburpinton\/4glem-un-concierto-para-celebrar-la-universalidad-el-cuatro-venezolano\/#primaryimage\"},\"image\":{\"@id\":\"https:\/\/tucuatro.com\/camburpinton\/4glem-un-concierto-para-celebrar-la-universalidad-el-cuatro-venezolano\/#primaryimage\"},\"thumbnailUrl\":\"\",\"datePublished\":\"2016-04-06T12:34:41+00:00\",\"dateModified\":\"2020-02-22T17:52:20+00:00\",\"description\":\"\u00danica funci\u00f3n: Viernes 22 de abril, 7:00 p.m.\",\"breadcrumb\":{\"@id\":\"https:\/\/tucuatro.com\/camburpinton\/4glem-un-concierto-para-celebrar-la-universalidad-el-cuatro-venezolano\/#breadcrumb\"},\"inLanguage\":\"es\",\"potentialAction\":[{\"@type\":\"ReadAction\",\"target\":[\"https:\/\/tucuatro.com\/camburpinton\/4glem-un-concierto-para-celebrar-la-universalidad-el-cuatro-venezolano\/\"]}]},{\"@type\":\"ImageObject\",\"inLanguage\":\"es\",\"@id\":\"https:\/\/tucuatro.com\/camburpinton\/4glem-un-concierto-para-celebrar-la-universalidad-el-cuatro-venezolano\/#primaryimage\",\"url\":\"\",\"contentUrl\":\"\"},{\"@type\":\"BreadcrumbList\",\"@id\":\"https:\/\/tucuatro.com\/camburpinton\/4glem-un-concierto-para-celebrar-la-universalidad-el-cuatro-venezolano\/#breadcrumb\",\"itemListElement\":[{\"@type\":\"ListItem\",\"position\":1,\"name\":\"Portada\",\"item\":\"https:\/\/tucuatro.com\/camburpinton\/\"},{\"@type\":\"ListItem\",\"position\":2,\"name\":\"#4Glem: Un concierto para celebrar la universalidad el cuatro venezolano\"}]},{\"@type\":\"WebSite\",\"@id\":\"https:\/\/tucuatro.com\/camburpinton\/#website\",\"url\":\"https:\/\/tucuatro.com\/camburpinton\/\",\"name\":\"CamburPinton\",\"description\":\"El blog del Cuatro Venezolano, por TuCuatro\",\"publisher\":{\"@id\":\"https:\/\/tucuatro.com\/camburpinton\/#organization\"},\"potentialAction\":[{\"@type\":\"SearchAction\",\"target\":{\"@type\":\"EntryPoint\",\"urlTemplate\":\"https:\/\/tucuatro.com\/camburpinton\/?s={search_term_string}\"},\"query-input\":{\"@type\":\"PropertyValueSpecification\",\"valueRequired\":true,\"valueName\":\"search_term_string\"}}],\"inLanguage\":\"es\"},{\"@type\":\"Organization\",\"@id\":\"https:\/\/tucuatro.com\/camburpinton\/#organization\",\"name\":\"CamburPinton\",\"url\":\"https:\/\/tucuatro.com\/camburpinton\/\",\"logo\":{\"@type\":\"ImageObject\",\"inLanguage\":\"es\",\"@id\":\"https:\/\/tucuatro.com\/camburpinton\/#\/schema\/logo\/image\/\",\"url\":\"https:\/\/tucuatro.com\/camburpinton\/wp-content\/uploads\/sites\/5\/2020\/02\/fretboard_icon_black-64px.png\",\"contentUrl\":\"https:\/\/tucuatro.com\/camburpinton\/wp-content\/uploads\/sites\/5\/2020\/02\/fretboard_icon_black-64px.png\",\"width\":64,\"height\":107,\"caption\":\"CamburPinton\"},\"image\":{\"@id\":\"https:\/\/tucuatro.com\/camburpinton\/#\/schema\/logo\/image\/\"}},{\"@type\":\"Person\",\"@id\":\"https:\/\/tucuatro.com\/camburpinton\/#\/schema\/person\/bfbf34069d0728d153d7624713ba0f73\",\"name\":\"noticiastucuatro\",\"image\":{\"@type\":\"ImageObject\",\"inLanguage\":\"es\",\"@id\":\"https:\/\/secure.gravatar.com\/avatar\/fe802946c5fe8e2e31c544c3648f4a0e025f4e341fb6fecfd30ca95f639cd33e?s=96&d=mm&r=g\",\"url\":\"https:\/\/secure.gravatar.com\/avatar\/fe802946c5fe8e2e31c544c3648f4a0e025f4e341fb6fecfd30ca95f639cd33e?s=96&d=mm&r=g\",\"contentUrl\":\"https:\/\/secure.gravatar.com\/avatar\/fe802946c5fe8e2e31c544c3648f4a0e025f4e341fb6fecfd30ca95f639cd33e?s=96&d=mm&r=g\",\"caption\":\"noticiastucuatro\"},\"url\":\"https:\/\/tucuatro.com\/camburpinton\/author\/noticiastucuatro\/\"}]}<\/script>\n<!-- \/ Yoast SEO plugin. -->","yoast_head_json":{"title":"#4Glem: Un concierto para celebrar la universalidad el cuatro venezolano - CamburPinton","description":"\u00danica funci\u00f3n: Viernes 22 de abril, 7:00 p.m.","robots":{"index":"index","follow":"follow","max-snippet":"max-snippet:-1","max-image-preview":"max-image-preview:large","max-video-preview":"max-video-preview:-1"},"canonical":"https:\/\/tucuatro.com\/camburpinton\/4glem-un-concierto-para-celebrar-la-universalidad-el-cuatro-venezolano\/","og_locale":"es_ES","og_type":"article","og_title":"#4Glem: Un concierto para celebrar la universalidad el cuatro venezolano - CamburPinton","og_description":"\u00danica funci\u00f3n: Viernes 22 de abril, 7:00 p.m.","og_url":"https:\/\/tucuatro.com\/camburpinton\/4glem-un-concierto-para-celebrar-la-universalidad-el-cuatro-venezolano\/","og_site_name":"CamburPinton","article_published_time":"2016-04-06T12:34:41+00:00","article_modified_time":"2020-02-22T17:52:20+00:00","author":"noticiastucuatro","twitter_card":"summary_large_image","twitter_misc":{"Escrito por":"noticiastucuatro","Tiempo de lectura":"3 minutos"},"schema":{"@context":"https:\/\/schema.org","@graph":[{"@type":"Article","@id":"https:\/\/tucuatro.com\/camburpinton\/4glem-un-concierto-para-celebrar-la-universalidad-el-cuatro-venezolano\/#article","isPartOf":{"@id":"https:\/\/tucuatro.com\/camburpinton\/4glem-un-concierto-para-celebrar-la-universalidad-el-cuatro-venezolano\/"},"author":{"name":"noticiastucuatro","@id":"https:\/\/tucuatro.com\/camburpinton\/#\/schema\/person\/bfbf34069d0728d153d7624713ba0f73"},"headline":"#4Glem: Un concierto para celebrar la universalidad el cuatro venezolano","datePublished":"2016-04-06T12:34:41+00:00","dateModified":"2020-02-22T17:52:20+00:00","mainEntityOfPage":{"@id":"https:\/\/tucuatro.com\/camburpinton\/4glem-un-concierto-para-celebrar-la-universalidad-el-cuatro-venezolano\/"},"wordCount":519,"commentCount":0,"publisher":{"@id":"https:\/\/tucuatro.com\/camburpinton\/#organization"},"image":{"@id":"https:\/\/tucuatro.com\/camburpinton\/4glem-un-concierto-para-celebrar-la-universalidad-el-cuatro-venezolano\/#primaryimage"},"thumbnailUrl":"","keywords":["alexis cardenas","c4 trio","concierto","jorge glem"],"articleSection":["Noticias"],"inLanguage":"es","potentialAction":[{"@type":"CommentAction","name":"Comment","target":["https:\/\/tucuatro.com\/camburpinton\/4glem-un-concierto-para-celebrar-la-universalidad-el-cuatro-venezolano\/#respond"]}]},{"@type":"WebPage","@id":"https:\/\/tucuatro.com\/camburpinton\/4glem-un-concierto-para-celebrar-la-universalidad-el-cuatro-venezolano\/","url":"https:\/\/tucuatro.com\/camburpinton\/4glem-un-concierto-para-celebrar-la-universalidad-el-cuatro-venezolano\/","name":"#4Glem: Un concierto para celebrar la universalidad el cuatro venezolano - CamburPinton","isPartOf":{"@id":"https:\/\/tucuatro.com\/camburpinton\/#website"},"primaryImageOfPage":{"@id":"https:\/\/tucuatro.com\/camburpinton\/4glem-un-concierto-para-celebrar-la-universalidad-el-cuatro-venezolano\/#primaryimage"},"image":{"@id":"https:\/\/tucuatro.com\/camburpinton\/4glem-un-concierto-para-celebrar-la-universalidad-el-cuatro-venezolano\/#primaryimage"},"thumbnailUrl":"","datePublished":"2016-04-06T12:34:41+00:00","dateModified":"2020-02-22T17:52:20+00:00","description":"\u00danica funci\u00f3n: Viernes 22 de abril, 7:00 p.m.","breadcrumb":{"@id":"https:\/\/tucuatro.com\/camburpinton\/4glem-un-concierto-para-celebrar-la-universalidad-el-cuatro-venezolano\/#breadcrumb"},"inLanguage":"es","potentialAction":[{"@type":"ReadAction","target":["https:\/\/tucuatro.com\/camburpinton\/4glem-un-concierto-para-celebrar-la-universalidad-el-cuatro-venezolano\/"]}]},{"@type":"ImageObject","inLanguage":"es","@id":"https:\/\/tucuatro.com\/camburpinton\/4glem-un-concierto-para-celebrar-la-universalidad-el-cuatro-venezolano\/#primaryimage","url":"","contentUrl":""},{"@type":"BreadcrumbList","@id":"https:\/\/tucuatro.com\/camburpinton\/4glem-un-concierto-para-celebrar-la-universalidad-el-cuatro-venezolano\/#breadcrumb","itemListElement":[{"@type":"ListItem","position":1,"name":"Portada","item":"https:\/\/tucuatro.com\/camburpinton\/"},{"@type":"ListItem","position":2,"name":"#4Glem: Un concierto para celebrar la universalidad el cuatro venezolano"}]},{"@type":"WebSite","@id":"https:\/\/tucuatro.com\/camburpinton\/#website","url":"https:\/\/tucuatro.com\/camburpinton\/","name":"CamburPinton","description":"El blog del Cuatro Venezolano, por TuCuatro","publisher":{"@id":"https:\/\/tucuatro.com\/camburpinton\/#organization"},"potentialAction":[{"@type":"SearchAction","target":{"@type":"EntryPoint","urlTemplate":"https:\/\/tucuatro.com\/camburpinton\/?s={search_term_string}"},"query-input":{"@type":"PropertyValueSpecification","valueRequired":true,"valueName":"search_term_string"}}],"inLanguage":"es"},{"@type":"Organization","@id":"https:\/\/tucuatro.com\/camburpinton\/#organization","name":"CamburPinton","url":"https:\/\/tucuatro.com\/camburpinton\/","logo":{"@type":"ImageObject","inLanguage":"es","@id":"https:\/\/tucuatro.com\/camburpinton\/#\/schema\/logo\/image\/","url":"https:\/\/tucuatro.com\/camburpinton\/wp-content\/uploads\/sites\/5\/2020\/02\/fretboard_icon_black-64px.png","contentUrl":"https:\/\/tucuatro.com\/camburpinton\/wp-content\/uploads\/sites\/5\/2020\/02\/fretboard_icon_black-64px.png","width":64,"height":107,"caption":"CamburPinton"},"image":{"@id":"https:\/\/tucuatro.com\/camburpinton\/#\/schema\/logo\/image\/"}},{"@type":"Person","@id":"https:\/\/tucuatro.com\/camburpinton\/#\/schema\/person\/bfbf34069d0728d153d7624713ba0f73","name":"noticiastucuatro","image":{"@type":"ImageObject","inLanguage":"es","@id":"https:\/\/secure.gravatar.com\/avatar\/fe802946c5fe8e2e31c544c3648f4a0e025f4e341fb6fecfd30ca95f639cd33e?s=96&d=mm&r=g","url":"https:\/\/secure.gravatar.com\/avatar\/fe802946c5fe8e2e31c544c3648f4a0e025f4e341fb6fecfd30ca95f639cd33e?s=96&d=mm&r=g","contentUrl":"https:\/\/secure.gravatar.com\/avatar\/fe802946c5fe8e2e31c544c3648f4a0e025f4e341fb6fecfd30ca95f639cd33e?s=96&d=mm&r=g","caption":"noticiastucuatro"},"url":"https:\/\/tucuatro.com\/camburpinton\/author\/noticiastucuatro\/"}]}},"_links":{"self":[{"href":"https:\/\/tucuatro.com\/camburpinton\/wp-json\/wp\/v2\/posts\/3517","targetHints":{"allow":["GET"]}}],"collection":[{"href":"https:\/\/tucuatro.com\/camburpinton\/wp-json\/wp\/v2\/posts"}],"about":[{"href":"https:\/\/tucuatro.com\/camburpinton\/wp-json\/wp\/v2\/types\/post"}],"author":[{"embeddable":true,"href":"https:\/\/tucuatro.com\/camburpinton\/wp-json\/wp\/v2\/users\/5823"}],"replies":[{"embeddable":true,"href":"https:\/\/tucuatro.com\/camburpinton\/wp-json\/wp\/v2\/comments?post=3517"}],"version-history":[{"count":0,"href":"https:\/\/tucuatro.com\/camburpinton\/wp-json\/wp\/v2\/posts\/3517\/revisions"}],"wp:featuredmedia":[{"embeddable":true,"href":"https:\/\/tucuatro.com\/camburpinton\/wp-json\/"}],"wp:attachment":[{"href":"https:\/\/tucuatro.com\/camburpinton\/wp-json\/wp\/v2\/media?parent=3517"}],"wp:term":[{"taxonomy":"category","embeddable":true,"href":"https:\/\/tucuatro.com\/camburpinton\/wp-json\/wp\/v2\/categories?post=3517"},{"taxonomy":"post_tag","embeddable":true,"href":"https:\/\/tucuatro.com\/camburpinton\/wp-json\/wp\/v2\/tags?post=3517"}],"curies":[{"name":"wp","href":"https:\/\/api.w.org\/{rel}","templated":true}]}}