{"id":3871,"date":"2016-11-18T11:27:16","date_gmt":"2016-11-18T15:57:16","guid":{"rendered":"https:\/\/tucuatro.com\/info\/?p=3871"},"modified":"2020-02-22T15:02:15","modified_gmt":"2020-02-22T19:02:15","slug":"luis-pino-llega-al-celarg-con-cuatro-cuerdas-sin-fronteras","status":"publish","type":"post","link":"https:\/\/tucuatro.com\/camburpinton\/luis-pino-llega-al-celarg-con-cuatro-cuerdas-sin-fronteras\/","title":{"rendered":"Luis Pino llega al Celarg\u00a0con Cuatro Cuerdas Sin Fronteras"},"content":{"rendered":"<p>&nbsp;<\/p>\n<p><em>Edwin Arellano, Elena Gil y Rolando Can\u00f3nico\u00a0<\/em><em>ser\u00e1s los invitados especiales<\/em><\/p>\n<p><strong><em>\u00a0<\/em><\/strong><\/p>\n<p>Si hay un elemento unificador en la cultura venezolana ese es el <strong>Cuatro<\/strong>, instrumento nacional declarado Bien Cultural de la Naci\u00f3n en el a\u00f1o 2013, icono en la interpretaci\u00f3n de la m\u00fasica tradicional de norte a sur, y de este a oeste. Tal es la trascendencia del <strong>Cuatro, <\/strong>que desde hace algunas d\u00e9cadas ha estado presente en la ejecuci\u00f3n de diversos g\u00e9neros musicales en algunos pa\u00edses de Am\u00e9rica del Sur y del mundo entero. Esa relevancia ha sido el aspecto motivador que ha marcado el surgimiento de importantes iniciativas did\u00e1cticas, art\u00edsticas y comunicacionales enfocadas a promover al instrumento nacional en todas sus facetas. <strong>\u201cCuatro Cuerdas sin Fronteras\u201d<\/strong> es una de esas propuestas integrales, ideada en 2013 por el cuatrista venezolano Luis Pino, m\u00fasico con m\u00e1s de 20 a\u00f1os de carrera como ejecutante, promotor cultural e investigador.<\/p>\n<p>Las aristas de este proyecto incluyen gira de conciertos por diversos pa\u00edses del continente, actividades did\u00e1cticas y clases magistrales, destac\u00e1ndose como emblema el documental hom\u00f3nimo, estrenado en 2015 en diversas salas de Venezuela y el mundo. El concierto, en el que Luis Pino muestra sus dotes como ejecutante, productor e investigador, ha tenido diversas ediciones en Chile y Ecuador en 2013, Colombia en 2015 y M\u00e9xico en 2016. La <strong>Sala Experimental del Centro de Estudios Latinoamericanos R\u00f3mulo Gallegos<\/strong> (CELARG), servir\u00e1 de escenario para que Pino regale a los caraque\u00f1os este recital el pr\u00f3ximo <strong>mi\u00e9rcoles 30 de noviembre a las 7 de la noche.<\/strong><\/p>\n<p><a href=\"http:\/\/venezuela.ticketmundo.com\/Evento\/Luis-Pino-cuatro-cuerdas-sin-fronteras\/5440\"><img fetchpriority=\"high\" decoding=\"async\" class=\"aligncenter size-full wp-image-3872\" src=\"\/\/tucuatro.com\/wp-content\/uploads\/sites\/3\/2016\/11\/unnamed-2.jpg\" alt=\"unnamed-2\" width=\"1430\" height=\"1256\" \/><\/a><\/p>\n<p>El concierto, que cuenta con la producci\u00f3n general de MAB Producciones, ser\u00e1 presentado por el investigador, promotor cultural y dise\u00f1ador gr\u00e1fico Alejandro Calzadilla; y tendr\u00e1 como invitados especiales a Elena Gil (voz),\u00a0 Edwin Arellano (contrabajista y guitarrista) y Rolando Can\u00f3nico (percusionista). \u201cEse viaje lleno de reencuentros, m\u00fasica y amigos, bastiones ejemplares con posterioridad,\u00a0 marca el inicio de\u00a0 <strong>Cuatro cuerdas sin fronteras<\/strong>, sin lugar a dudas, la misi\u00f3n m\u00e1s hermosa que he desarrollado como ser humano y m\u00fasico\u201d, afirma Pino, quien ve en este proyecto una manera de reconocernos como pueblo y contribuir con la integraci\u00f3n latinoamericana.<\/p>\n<p>Luis Pino se ha destacado como ejecutante y docente y ha participado en diversas propuestas musicales a lo largo de su trayectoria. Ha tenido bajo su direcci\u00f3n art\u00edstica y general una larga lista de conciertos nacionales e internacionales, logrando una armon\u00eda directa entre el lenguaje t\u00e9cnico y art\u00edstico que hacen posible una excelente propuesta en escenario.<\/p>\n<p>La cita para \u201cCuatro Cuerdas sin Fronteras\u201d edici\u00f3n Caracas, es el pr\u00f3ximo mi\u00e9rcoles 30 de noviembre en el CELARG, a las 7.00 P.M. Las entradas tienen un costo de Bs 3500 y pueden ser adquiridas en\u00a0 <a href=\"http:\/\/venezuela.ticketmundo.com\/Evento\/Luis-Pino-cuatro-cuerdas-sin-fronteras\/5440\">ticketmundo.com<\/a>.<\/p>\n<p class=\"m_-3075377619526766167m_-6450550956830551063gmail-m_-7593699554814795968gmail-m_5057993914753346128gmail-MsoNoSpacing\"><span lang=\"ES-VE\">Lugar: CELARG, Sala Experimental.<\/span><\/p>\n<p class=\"m_-3075377619526766167m_-6450550956830551063gmail-m_-7593699554814795968gmail-m_5057993914753346128gmail-MsoNoSpacing\"><span lang=\"ES-VE\">Fecha: 30 de Noviembre, 2016<\/span><\/p>\n<p class=\"m_-3075377619526766167m_-6450550956830551063gmail-m_-7593699554814795968gmail-m_5057993914753346128gmail-MsoNoSpacing\"><span lang=\"ES-VE\">Hora: 7:00 pm<\/span><\/p>\n<p class=\"m_-3075377619526766167m_-6450550956830551063gmail-m_-7593699554814795968gmail-m_5057993914753346128gmail-MsoNoSpacing\"><span lang=\"ES-VE\">Costo: Bs 3.500,00 (<\/span><span lang=\"ES-VE\"><a href=\"http:\/\/venezuela.ticketmundo.com\/Evento\/Luis-Pino-cuatro-cuerdas-sin-fronteras\/5440\" target=\"_blank\" rel=\"noopener noreferrer\">ticketmundo.com<\/a>.<\/span><span lang=\"ES-VE\">)<\/span><\/p>\n","protected":false},"excerpt":{"rendered":"<p>\u00a0Un concierto que enaltece al instrumento nacional<\/p>\n","protected":false},"author":5823,"featured_media":0,"comment_status":"open","ping_status":"open","sticky":false,"template":"","format":"standard","meta":{"content-type":"","footnotes":""},"categories":[43,30],"tags":[63,1023,95],"class_list":["post-3871","post","type-post","status-publish","format-standard","hentry","category-artistas","category-noticias","tag-concierto","tag-documentales","tag-luis-pino"],"yoast_head":"<!-- This site is optimized with the Yoast SEO plugin v27.2 - https:\/\/yoast.com\/product\/yoast-seo-wordpress\/ -->\n<title>Luis Pino llega al Celarg\u00a0con Cuatro Cuerdas Sin Fronteras - CamburPinton<\/title>\n<meta name=\"description\" content=\"\u00a0Un concierto que enaltece al instrumento nacional\" \/>\n<meta name=\"robots\" content=\"index, follow, max-snippet:-1, max-image-preview:large, max-video-preview:-1\" \/>\n<link rel=\"canonical\" href=\"https:\/\/tucuatro.com\/camburpinton\/luis-pino-llega-al-celarg-con-cuatro-cuerdas-sin-fronteras\/\" \/>\n<meta property=\"og:locale\" content=\"es_ES\" \/>\n<meta property=\"og:type\" content=\"article\" \/>\n<meta property=\"og:title\" content=\"Luis Pino llega al Celarg\u00a0con Cuatro Cuerdas Sin Fronteras - CamburPinton\" \/>\n<meta property=\"og:description\" content=\"\u00a0Un concierto que enaltece al instrumento nacional\" \/>\n<meta property=\"og:url\" content=\"https:\/\/tucuatro.com\/camburpinton\/luis-pino-llega-al-celarg-con-cuatro-cuerdas-sin-fronteras\/\" \/>\n<meta property=\"og:site_name\" content=\"CamburPinton\" \/>\n<meta property=\"article:published_time\" content=\"2016-11-18T15:57:16+00:00\" \/>\n<meta property=\"article:modified_time\" content=\"2020-02-22T19:02:15+00:00\" \/>\n<meta name=\"author\" content=\"noticiastucuatro\" \/>\n<meta name=\"twitter:card\" content=\"summary_large_image\" \/>\n<meta name=\"twitter:label1\" content=\"Escrito por\" \/>\n\t<meta name=\"twitter:data1\" content=\"noticiastucuatro\" \/>\n\t<meta name=\"twitter:label2\" content=\"Tiempo de lectura\" \/>\n\t<meta name=\"twitter:data2\" content=\"2 minutos\" \/>\n<script type=\"application\/ld+json\" class=\"yoast-schema-graph\">{\"@context\":\"https:\/\/schema.org\",\"@graph\":[{\"@type\":\"Article\",\"@id\":\"https:\/\/tucuatro.com\/camburpinton\/luis-pino-llega-al-celarg-con-cuatro-cuerdas-sin-fronteras\/#article\",\"isPartOf\":{\"@id\":\"https:\/\/tucuatro.com\/camburpinton\/luis-pino-llega-al-celarg-con-cuatro-cuerdas-sin-fronteras\/\"},\"author\":{\"name\":\"noticiastucuatro\",\"@id\":\"https:\/\/tucuatro.com\/camburpinton\/#\/schema\/person\/bfbf34069d0728d153d7624713ba0f73\"},\"headline\":\"Luis Pino llega al Celarg\u00a0con Cuatro Cuerdas Sin Fronteras\",\"datePublished\":\"2016-11-18T15:57:16+00:00\",\"dateModified\":\"2020-02-22T19:02:15+00:00\",\"mainEntityOfPage\":{\"@id\":\"https:\/\/tucuatro.com\/camburpinton\/luis-pino-llega-al-celarg-con-cuatro-cuerdas-sin-fronteras\/\"},\"wordCount\":495,\"commentCount\":0,\"publisher\":{\"@id\":\"https:\/\/tucuatro.com\/camburpinton\/#organization\"},\"keywords\":[\"concierto\",\"documentales\",\"luis pino\"],\"articleSection\":[\"Artistas y Cantantes\",\"Noticias\"],\"inLanguage\":\"es\",\"potentialAction\":[{\"@type\":\"CommentAction\",\"name\":\"Comment\",\"target\":[\"https:\/\/tucuatro.com\/camburpinton\/luis-pino-llega-al-celarg-con-cuatro-cuerdas-sin-fronteras\/#respond\"]}]},{\"@type\":\"WebPage\",\"@id\":\"https:\/\/tucuatro.com\/camburpinton\/luis-pino-llega-al-celarg-con-cuatro-cuerdas-sin-fronteras\/\",\"url\":\"https:\/\/tucuatro.com\/camburpinton\/luis-pino-llega-al-celarg-con-cuatro-cuerdas-sin-fronteras\/\",\"name\":\"Luis Pino llega al Celarg\u00a0con Cuatro Cuerdas Sin Fronteras - CamburPinton\",\"isPartOf\":{\"@id\":\"https:\/\/tucuatro.com\/camburpinton\/#website\"},\"datePublished\":\"2016-11-18T15:57:16+00:00\",\"dateModified\":\"2020-02-22T19:02:15+00:00\",\"description\":\"\u00a0Un concierto que enaltece al instrumento nacional\",\"breadcrumb\":{\"@id\":\"https:\/\/tucuatro.com\/camburpinton\/luis-pino-llega-al-celarg-con-cuatro-cuerdas-sin-fronteras\/#breadcrumb\"},\"inLanguage\":\"es\",\"potentialAction\":[{\"@type\":\"ReadAction\",\"target\":[\"https:\/\/tucuatro.com\/camburpinton\/luis-pino-llega-al-celarg-con-cuatro-cuerdas-sin-fronteras\/\"]}]},{\"@type\":\"BreadcrumbList\",\"@id\":\"https:\/\/tucuatro.com\/camburpinton\/luis-pino-llega-al-celarg-con-cuatro-cuerdas-sin-fronteras\/#breadcrumb\",\"itemListElement\":[{\"@type\":\"ListItem\",\"position\":1,\"name\":\"Portada\",\"item\":\"https:\/\/tucuatro.com\/camburpinton\/\"},{\"@type\":\"ListItem\",\"position\":2,\"name\":\"Luis Pino llega al Celarg\u00a0con Cuatro Cuerdas Sin Fronteras\"}]},{\"@type\":\"WebSite\",\"@id\":\"https:\/\/tucuatro.com\/camburpinton\/#website\",\"url\":\"https:\/\/tucuatro.com\/camburpinton\/\",\"name\":\"CamburPinton\",\"description\":\"El blog del Cuatro Venezolano, por TuCuatro\",\"publisher\":{\"@id\":\"https:\/\/tucuatro.com\/camburpinton\/#organization\"},\"potentialAction\":[{\"@type\":\"SearchAction\",\"target\":{\"@type\":\"EntryPoint\",\"urlTemplate\":\"https:\/\/tucuatro.com\/camburpinton\/?s={search_term_string}\"},\"query-input\":{\"@type\":\"PropertyValueSpecification\",\"valueRequired\":true,\"valueName\":\"search_term_string\"}}],\"inLanguage\":\"es\"},{\"@type\":\"Organization\",\"@id\":\"https:\/\/tucuatro.com\/camburpinton\/#organization\",\"name\":\"CamburPinton\",\"url\":\"https:\/\/tucuatro.com\/camburpinton\/\",\"logo\":{\"@type\":\"ImageObject\",\"inLanguage\":\"es\",\"@id\":\"https:\/\/tucuatro.com\/camburpinton\/#\/schema\/logo\/image\/\",\"url\":\"https:\/\/tucuatro.com\/camburpinton\/wp-content\/uploads\/sites\/5\/2020\/02\/fretboard_icon_black-64px.png\",\"contentUrl\":\"https:\/\/tucuatro.com\/camburpinton\/wp-content\/uploads\/sites\/5\/2020\/02\/fretboard_icon_black-64px.png\",\"width\":64,\"height\":107,\"caption\":\"CamburPinton\"},\"image\":{\"@id\":\"https:\/\/tucuatro.com\/camburpinton\/#\/schema\/logo\/image\/\"}},{\"@type\":\"Person\",\"@id\":\"https:\/\/tucuatro.com\/camburpinton\/#\/schema\/person\/bfbf34069d0728d153d7624713ba0f73\",\"name\":\"noticiastucuatro\",\"image\":{\"@type\":\"ImageObject\",\"inLanguage\":\"es\",\"@id\":\"https:\/\/secure.gravatar.com\/avatar\/fe802946c5fe8e2e31c544c3648f4a0e025f4e341fb6fecfd30ca95f639cd33e?s=96&d=mm&r=g\",\"url\":\"https:\/\/secure.gravatar.com\/avatar\/fe802946c5fe8e2e31c544c3648f4a0e025f4e341fb6fecfd30ca95f639cd33e?s=96&d=mm&r=g\",\"contentUrl\":\"https:\/\/secure.gravatar.com\/avatar\/fe802946c5fe8e2e31c544c3648f4a0e025f4e341fb6fecfd30ca95f639cd33e?s=96&d=mm&r=g\",\"caption\":\"noticiastucuatro\"},\"url\":\"https:\/\/tucuatro.com\/camburpinton\/author\/noticiastucuatro\/\"}]}<\/script>\n<!-- \/ Yoast SEO plugin. -->","yoast_head_json":{"title":"Luis Pino llega al Celarg\u00a0con Cuatro Cuerdas Sin Fronteras - CamburPinton","description":"\u00a0Un concierto que enaltece al instrumento nacional","robots":{"index":"index","follow":"follow","max-snippet":"max-snippet:-1","max-image-preview":"max-image-preview:large","max-video-preview":"max-video-preview:-1"},"canonical":"https:\/\/tucuatro.com\/camburpinton\/luis-pino-llega-al-celarg-con-cuatro-cuerdas-sin-fronteras\/","og_locale":"es_ES","og_type":"article","og_title":"Luis Pino llega al Celarg\u00a0con Cuatro Cuerdas Sin Fronteras - CamburPinton","og_description":"\u00a0Un concierto que enaltece al instrumento nacional","og_url":"https:\/\/tucuatro.com\/camburpinton\/luis-pino-llega-al-celarg-con-cuatro-cuerdas-sin-fronteras\/","og_site_name":"CamburPinton","article_published_time":"2016-11-18T15:57:16+00:00","article_modified_time":"2020-02-22T19:02:15+00:00","author":"noticiastucuatro","twitter_card":"summary_large_image","twitter_misc":{"Escrito por":"noticiastucuatro","Tiempo de lectura":"2 minutos"},"schema":{"@context":"https:\/\/schema.org","@graph":[{"@type":"Article","@id":"https:\/\/tucuatro.com\/camburpinton\/luis-pino-llega-al-celarg-con-cuatro-cuerdas-sin-fronteras\/#article","isPartOf":{"@id":"https:\/\/tucuatro.com\/camburpinton\/luis-pino-llega-al-celarg-con-cuatro-cuerdas-sin-fronteras\/"},"author":{"name":"noticiastucuatro","@id":"https:\/\/tucuatro.com\/camburpinton\/#\/schema\/person\/bfbf34069d0728d153d7624713ba0f73"},"headline":"Luis Pino llega al Celarg\u00a0con Cuatro Cuerdas Sin Fronteras","datePublished":"2016-11-18T15:57:16+00:00","dateModified":"2020-02-22T19:02:15+00:00","mainEntityOfPage":{"@id":"https:\/\/tucuatro.com\/camburpinton\/luis-pino-llega-al-celarg-con-cuatro-cuerdas-sin-fronteras\/"},"wordCount":495,"commentCount":0,"publisher":{"@id":"https:\/\/tucuatro.com\/camburpinton\/#organization"},"keywords":["concierto","documentales","luis pino"],"articleSection":["Artistas y Cantantes","Noticias"],"inLanguage":"es","potentialAction":[{"@type":"CommentAction","name":"Comment","target":["https:\/\/tucuatro.com\/camburpinton\/luis-pino-llega-al-celarg-con-cuatro-cuerdas-sin-fronteras\/#respond"]}]},{"@type":"WebPage","@id":"https:\/\/tucuatro.com\/camburpinton\/luis-pino-llega-al-celarg-con-cuatro-cuerdas-sin-fronteras\/","url":"https:\/\/tucuatro.com\/camburpinton\/luis-pino-llega-al-celarg-con-cuatro-cuerdas-sin-fronteras\/","name":"Luis Pino llega al Celarg\u00a0con Cuatro Cuerdas Sin Fronteras - CamburPinton","isPartOf":{"@id":"https:\/\/tucuatro.com\/camburpinton\/#website"},"datePublished":"2016-11-18T15:57:16+00:00","dateModified":"2020-02-22T19:02:15+00:00","description":"\u00a0Un concierto que enaltece al instrumento nacional","breadcrumb":{"@id":"https:\/\/tucuatro.com\/camburpinton\/luis-pino-llega-al-celarg-con-cuatro-cuerdas-sin-fronteras\/#breadcrumb"},"inLanguage":"es","potentialAction":[{"@type":"ReadAction","target":["https:\/\/tucuatro.com\/camburpinton\/luis-pino-llega-al-celarg-con-cuatro-cuerdas-sin-fronteras\/"]}]},{"@type":"BreadcrumbList","@id":"https:\/\/tucuatro.com\/camburpinton\/luis-pino-llega-al-celarg-con-cuatro-cuerdas-sin-fronteras\/#breadcrumb","itemListElement":[{"@type":"ListItem","position":1,"name":"Portada","item":"https:\/\/tucuatro.com\/camburpinton\/"},{"@type":"ListItem","position":2,"name":"Luis Pino llega al Celarg\u00a0con Cuatro Cuerdas Sin Fronteras"}]},{"@type":"WebSite","@id":"https:\/\/tucuatro.com\/camburpinton\/#website","url":"https:\/\/tucuatro.com\/camburpinton\/","name":"CamburPinton","description":"El blog del Cuatro Venezolano, por TuCuatro","publisher":{"@id":"https:\/\/tucuatro.com\/camburpinton\/#organization"},"potentialAction":[{"@type":"SearchAction","target":{"@type":"EntryPoint","urlTemplate":"https:\/\/tucuatro.com\/camburpinton\/?s={search_term_string}"},"query-input":{"@type":"PropertyValueSpecification","valueRequired":true,"valueName":"search_term_string"}}],"inLanguage":"es"},{"@type":"Organization","@id":"https:\/\/tucuatro.com\/camburpinton\/#organization","name":"CamburPinton","url":"https:\/\/tucuatro.com\/camburpinton\/","logo":{"@type":"ImageObject","inLanguage":"es","@id":"https:\/\/tucuatro.com\/camburpinton\/#\/schema\/logo\/image\/","url":"https:\/\/tucuatro.com\/camburpinton\/wp-content\/uploads\/sites\/5\/2020\/02\/fretboard_icon_black-64px.png","contentUrl":"https:\/\/tucuatro.com\/camburpinton\/wp-content\/uploads\/sites\/5\/2020\/02\/fretboard_icon_black-64px.png","width":64,"height":107,"caption":"CamburPinton"},"image":{"@id":"https:\/\/tucuatro.com\/camburpinton\/#\/schema\/logo\/image\/"}},{"@type":"Person","@id":"https:\/\/tucuatro.com\/camburpinton\/#\/schema\/person\/bfbf34069d0728d153d7624713ba0f73","name":"noticiastucuatro","image":{"@type":"ImageObject","inLanguage":"es","@id":"https:\/\/secure.gravatar.com\/avatar\/fe802946c5fe8e2e31c544c3648f4a0e025f4e341fb6fecfd30ca95f639cd33e?s=96&d=mm&r=g","url":"https:\/\/secure.gravatar.com\/avatar\/fe802946c5fe8e2e31c544c3648f4a0e025f4e341fb6fecfd30ca95f639cd33e?s=96&d=mm&r=g","contentUrl":"https:\/\/secure.gravatar.com\/avatar\/fe802946c5fe8e2e31c544c3648f4a0e025f4e341fb6fecfd30ca95f639cd33e?s=96&d=mm&r=g","caption":"noticiastucuatro"},"url":"https:\/\/tucuatro.com\/camburpinton\/author\/noticiastucuatro\/"}]}},"_links":{"self":[{"href":"https:\/\/tucuatro.com\/camburpinton\/wp-json\/wp\/v2\/posts\/3871","targetHints":{"allow":["GET"]}}],"collection":[{"href":"https:\/\/tucuatro.com\/camburpinton\/wp-json\/wp\/v2\/posts"}],"about":[{"href":"https:\/\/tucuatro.com\/camburpinton\/wp-json\/wp\/v2\/types\/post"}],"author":[{"embeddable":true,"href":"https:\/\/tucuatro.com\/camburpinton\/wp-json\/wp\/v2\/users\/5823"}],"replies":[{"embeddable":true,"href":"https:\/\/tucuatro.com\/camburpinton\/wp-json\/wp\/v2\/comments?post=3871"}],"version-history":[{"count":0,"href":"https:\/\/tucuatro.com\/camburpinton\/wp-json\/wp\/v2\/posts\/3871\/revisions"}],"wp:attachment":[{"href":"https:\/\/tucuatro.com\/camburpinton\/wp-json\/wp\/v2\/media?parent=3871"}],"wp:term":[{"taxonomy":"category","embeddable":true,"href":"https:\/\/tucuatro.com\/camburpinton\/wp-json\/wp\/v2\/categories?post=3871"},{"taxonomy":"post_tag","embeddable":true,"href":"https:\/\/tucuatro.com\/camburpinton\/wp-json\/wp\/v2\/tags?post=3871"}],"curies":[{"name":"wp","href":"https:\/\/api.w.org\/{rel}","templated":true}]}}