{"id":4075,"date":"2017-03-24T18:01:14","date_gmt":"2017-03-24T22:01:14","guid":{"rendered":"https:\/\/tucuatro.com\/info\/?p=4075"},"modified":"2020-02-22T13:28:18","modified_gmt":"2020-02-22T17:28:18","slug":"manuel-rangel-estrena-en-caracas-pataruco-concierto-para-maracas-y-orquesta","status":"publish","type":"post","link":"https:\/\/tucuatro.com\/camburpinton\/manuel-rangel-estrena-en-caracas-pataruco-concierto-para-maracas-y-orquesta\/","title":{"rendered":"Manuel Rangel estrena en Caracas Pataruco: Concierto para Maracas y Orquesta"},"content":{"rendered":"<p>Preludiando el lanzamiento de su original m\u00e9todo de escritura para el instrumento, el s\u00e1bado 25 de marzo, a las 4:00 p.m. en la Sala Sim\u00f3n Bol\u00edvar del Centro de Acci\u00f3n Social por la M\u00fasica; este joven maraquero interpretar\u00e1 por primera vez en el pa\u00eds la obra escrita por Ricardo Lorenz con la que ha conquistado aplausos en ciudades como Lima y Sao Paulo.<\/p>\n<p>El 25 de marzo de 2017 ser\u00e1 una fecha de celebraci\u00f3n para el reconocido m\u00fasico Manuel Rangel. Ese d\u00eda, en la majestuosa Sala Sim\u00f3n Bol\u00edvar del Centro de Acci\u00f3n Social por la M\u00fasica, en Quebrada Honda, interpretar\u00e1 Pataruco: Concierto para Maracas y Orquesta, del compositor Ricardo Lorenz, acompa\u00f1ado de la Sinf\u00f3nica Sim\u00f3n Bol\u00edvar dirigida por el maestro Christian V\u00e1squez.<\/p>\n<p>Esta pieza contempor\u00e1nea escrita en 1999, ha sido tocada en distintos escenarios del mundo por percusionistas acad\u00e9micos. En esta ocasi\u00f3n, adem\u00e1s de hacerlo por primera vez en Venezuela, Rangel lo realizar\u00e1 descifrando la parte solista con la propuesta de escritura musical que expone en el m\u00e9todo de su autor\u00eda que presentar\u00e1 en junio pr\u00f3ximo.<\/p>\n<p>De acuerdo con el artista, estrenar esta obra con la Orquesta Sinf\u00f3nica Sim\u00f3n Bol\u00edvar es un sue\u00f1o realizado. \u201cHace 18 a\u00f1os fue concebida la primera y \u00fanica obra para maracas venezolanas y orquesta. Tan solo hace 7 a\u00f1os, descubr\u00ed su existencia. Al saber que no se hab\u00eda estrenado en el pa\u00eds, me sumerg\u00ed en la idea de hacer posible su interpretaci\u00f3n junto a una de las mejores orquesta del pa\u00eds. Curiosamente al a\u00f1o de haber conocido la obra, recibo una invitaci\u00f3n internacional para llevarla al festival de percusi\u00f3n de Tatu\u00ed en Brasil. Fue una gran experiencia, pero mi m\u00e1s grande anhelo era interpretarla aqu\u00ed\u00a8, dice.<\/p>\n<p>A\u00f1ade que hoy, 6 a\u00f1os m\u00e1s tarde, \u201cse materializa este sue\u00f1o que tanto hab\u00eda dibujado en mi mente, tal cual como lo desee: junto a la m\u00e1s importante orquesta del pa\u00eds como lo es la Sinf\u00f3nica Sim\u00f3n Bol\u00edvar, dirigida por mi amigo y extraordinario maestro Christian V\u00e1squez.<\/p>\n<p>Apunta que es un compromiso y una responsabilidad muy grande hacer este concierto pues su autores un innovador, con una visi\u00f3n de la m\u00fasica venezolana que va m\u00e1s all\u00e1. \u201cEs una obra bastante contempor\u00e1nea, con aires de melod\u00edas llaneras, pero muy abstracta\u201d, agrega.<\/p>\n<p>Luego del estreno, proyecta poder realizar una gira mundial interpretando esta composici\u00f3n mostrando realmente la manera m\u00e1s t\u00e9cnica y clara de ejecutar una obra para maracas y orquesta.<\/p>\n<p><iframe title=\"Premios Pepsi Music Tercera Edici\u00f3n - Manuel Rangel\" width=\"800\" height=\"600\" src=\"https:\/\/www.youtube.com\/embed\/ceYtsdcsxOE?feature=oembed\" frameborder=\"0\" allow=\"accelerometer; autoplay; encrypted-media; gyroscope; picture-in-picture\" allowfullscreen><\/iframe><\/p>\n<p>La versatilidad y apertura que han dado origen a este trabajo de investigaci\u00f3n, han sido caracter\u00edsticas que han signado su joven trayectoria musical. As\u00ed, se ha incorporado a proyectos diversos, formando parte de agrupaciones como Los Sinverg\u00fcenzas, Arcano y la Movida Ac\u00fastica Urbana. Ha sido ganador de festivales como El Silb\u00f3n de Oro (Venezuela) y Villavicencio (Colombia) y en 2013 fue seleccionado entre 2500 m\u00fasicos para participar como \u00fanico latinoamericano en el programa de intercambio musical internacional OneBeat.<\/p>\n<p>Con su novedosa propuesta art\u00edstica ha conquistado al p\u00fablico de diferentes ciudades como Bogot\u00e1, Buenos Aires, Montevideo, Santiago de Chile, Lima, La Paz, Sao Paulo, Par\u00eds, Madrid, Barcelona, Lisboa, Londres, Istambul, Nueva York, Miami, Boston, entre otras. Entre abril y junio pr\u00f3ximos, emprender\u00e1 un intenso itinerario de conciertos de diferentes formatos, as\u00ed como conferencias y clases magistrales donde proseguir\u00e1 desentra\u00f1ando, para s\u00ed y para el p\u00fablico, el fascinante universo de las maracas.<\/p>\n<p>Mayor informaci\u00f3n en manuelmaracas (<a href=\"http:\/\/instagram.com\/manuelmaracas\">Instagram<\/a> y <a href=\"http:\/\/twitter.com\/manuelmaracas\">Twitter<\/a>).<\/p>\n<p>COORDENADAS<\/p>\n<p>S\u00e1bado 25 de marzo<\/p>\n<p>04:00 p.m.<\/p>\n<p>Pataruco: Concierto para Maracas y Orquesta<\/p>\n<p>Orquesta Sinf\u00f3nica Sim\u00f3n Bol\u00edvar<\/p>\n<p>Director: Christian V\u00e1squez<\/p>\n<p>Solista: Manuel Rangel<\/p>\n<p>Lugar: Sala Sim\u00f3n Bol\u00edvar,<\/p>\n<p>Centro de Acci\u00f3n Socia por la M\u00fasica<\/p>\n<p>Direcci\u00f3n: Edf. FundaMusical Sim\u00f3n Bol\u00edvar,<\/p>\n<p>Calle Real de Quebrada Honda.<\/p>\n","protected":false},"excerpt":{"rendered":"<p>Bajo la direcci\u00f3n de Christian V\u00e1squez<\/p>\n","protected":false},"author":5823,"featured_media":4076,"comment_status":"open","ping_status":"open","sticky":false,"template":"","format":"standard","meta":{"content-type":"","footnotes":""},"categories":[30],"tags":[63],"class_list":["post-4075","post","type-post","status-publish","format-standard","has-post-thumbnail","hentry","category-noticias","tag-concierto"],"yoast_head":"<!-- This site is optimized with the Yoast SEO plugin v27.2 - https:\/\/yoast.com\/product\/yoast-seo-wordpress\/ -->\n<title>Manuel Rangel estrena en Caracas Pataruco: Concierto para Maracas y Orquesta - CamburPinton<\/title>\n<meta name=\"description\" content=\"Bajo la direcci\u00f3n de Christian V\u00e1squez\" \/>\n<meta name=\"robots\" content=\"index, follow, max-snippet:-1, max-image-preview:large, max-video-preview:-1\" \/>\n<link rel=\"canonical\" href=\"https:\/\/tucuatro.com\/camburpinton\/manuel-rangel-estrena-en-caracas-pataruco-concierto-para-maracas-y-orquesta\/\" \/>\n<meta property=\"og:locale\" content=\"es_ES\" \/>\n<meta property=\"og:type\" content=\"article\" \/>\n<meta property=\"og:title\" content=\"Manuel Rangel estrena en Caracas Pataruco: Concierto para Maracas y Orquesta - CamburPinton\" \/>\n<meta property=\"og:description\" content=\"Bajo la direcci\u00f3n de Christian V\u00e1squez\" \/>\n<meta property=\"og:url\" content=\"https:\/\/tucuatro.com\/camburpinton\/manuel-rangel-estrena-en-caracas-pataruco-concierto-para-maracas-y-orquesta\/\" \/>\n<meta property=\"og:site_name\" content=\"CamburPinton\" \/>\n<meta property=\"article:published_time\" content=\"2017-03-24T22:01:14+00:00\" \/>\n<meta property=\"article:modified_time\" content=\"2020-02-22T17:28:18+00:00\" \/>\n<meta name=\"author\" content=\"noticiastucuatro\" \/>\n<meta name=\"twitter:card\" content=\"summary_large_image\" \/>\n<meta name=\"twitter:label1\" content=\"Escrito por\" \/>\n\t<meta name=\"twitter:data1\" content=\"noticiastucuatro\" \/>\n\t<meta name=\"twitter:label2\" content=\"Tiempo de lectura\" \/>\n\t<meta name=\"twitter:data2\" content=\"3 minutos\" \/>\n<script type=\"application\/ld+json\" class=\"yoast-schema-graph\">{\"@context\":\"https:\/\/schema.org\",\"@graph\":[{\"@type\":\"Article\",\"@id\":\"https:\/\/tucuatro.com\/camburpinton\/manuel-rangel-estrena-en-caracas-pataruco-concierto-para-maracas-y-orquesta\/#article\",\"isPartOf\":{\"@id\":\"https:\/\/tucuatro.com\/camburpinton\/manuel-rangel-estrena-en-caracas-pataruco-concierto-para-maracas-y-orquesta\/\"},\"author\":{\"name\":\"noticiastucuatro\",\"@id\":\"https:\/\/tucuatro.com\/camburpinton\/#\/schema\/person\/bfbf34069d0728d153d7624713ba0f73\"},\"headline\":\"Manuel Rangel estrena en Caracas Pataruco: Concierto para Maracas y Orquesta\",\"datePublished\":\"2017-03-24T22:01:14+00:00\",\"dateModified\":\"2020-02-22T17:28:18+00:00\",\"mainEntityOfPage\":{\"@id\":\"https:\/\/tucuatro.com\/camburpinton\/manuel-rangel-estrena-en-caracas-pataruco-concierto-para-maracas-y-orquesta\/\"},\"wordCount\":692,\"commentCount\":0,\"publisher\":{\"@id\":\"https:\/\/tucuatro.com\/camburpinton\/#organization\"},\"image\":{\"@id\":\"https:\/\/tucuatro.com\/camburpinton\/manuel-rangel-estrena-en-caracas-pataruco-concierto-para-maracas-y-orquesta\/#primaryimage\"},\"thumbnailUrl\":\"\",\"keywords\":[\"concierto\"],\"articleSection\":[\"Noticias\"],\"inLanguage\":\"es\",\"potentialAction\":[{\"@type\":\"CommentAction\",\"name\":\"Comment\",\"target\":[\"https:\/\/tucuatro.com\/camburpinton\/manuel-rangel-estrena-en-caracas-pataruco-concierto-para-maracas-y-orquesta\/#respond\"]}]},{\"@type\":\"WebPage\",\"@id\":\"https:\/\/tucuatro.com\/camburpinton\/manuel-rangel-estrena-en-caracas-pataruco-concierto-para-maracas-y-orquesta\/\",\"url\":\"https:\/\/tucuatro.com\/camburpinton\/manuel-rangel-estrena-en-caracas-pataruco-concierto-para-maracas-y-orquesta\/\",\"name\":\"Manuel Rangel estrena en Caracas Pataruco: Concierto para Maracas y Orquesta - CamburPinton\",\"isPartOf\":{\"@id\":\"https:\/\/tucuatro.com\/camburpinton\/#website\"},\"primaryImageOfPage\":{\"@id\":\"https:\/\/tucuatro.com\/camburpinton\/manuel-rangel-estrena-en-caracas-pataruco-concierto-para-maracas-y-orquesta\/#primaryimage\"},\"image\":{\"@id\":\"https:\/\/tucuatro.com\/camburpinton\/manuel-rangel-estrena-en-caracas-pataruco-concierto-para-maracas-y-orquesta\/#primaryimage\"},\"thumbnailUrl\":\"\",\"datePublished\":\"2017-03-24T22:01:14+00:00\",\"dateModified\":\"2020-02-22T17:28:18+00:00\",\"description\":\"Bajo la direcci\u00f3n de Christian V\u00e1squez\",\"breadcrumb\":{\"@id\":\"https:\/\/tucuatro.com\/camburpinton\/manuel-rangel-estrena-en-caracas-pataruco-concierto-para-maracas-y-orquesta\/#breadcrumb\"},\"inLanguage\":\"es\",\"potentialAction\":[{\"@type\":\"ReadAction\",\"target\":[\"https:\/\/tucuatro.com\/camburpinton\/manuel-rangel-estrena-en-caracas-pataruco-concierto-para-maracas-y-orquesta\/\"]}]},{\"@type\":\"ImageObject\",\"inLanguage\":\"es\",\"@id\":\"https:\/\/tucuatro.com\/camburpinton\/manuel-rangel-estrena-en-caracas-pataruco-concierto-para-maracas-y-orquesta\/#primaryimage\",\"url\":\"\",\"contentUrl\":\"\"},{\"@type\":\"BreadcrumbList\",\"@id\":\"https:\/\/tucuatro.com\/camburpinton\/manuel-rangel-estrena-en-caracas-pataruco-concierto-para-maracas-y-orquesta\/#breadcrumb\",\"itemListElement\":[{\"@type\":\"ListItem\",\"position\":1,\"name\":\"Portada\",\"item\":\"https:\/\/tucuatro.com\/camburpinton\/\"},{\"@type\":\"ListItem\",\"position\":2,\"name\":\"Manuel Rangel estrena en Caracas Pataruco: Concierto para Maracas y Orquesta\"}]},{\"@type\":\"WebSite\",\"@id\":\"https:\/\/tucuatro.com\/camburpinton\/#website\",\"url\":\"https:\/\/tucuatro.com\/camburpinton\/\",\"name\":\"CamburPinton\",\"description\":\"El blog del Cuatro Venezolano, por TuCuatro\",\"publisher\":{\"@id\":\"https:\/\/tucuatro.com\/camburpinton\/#organization\"},\"potentialAction\":[{\"@type\":\"SearchAction\",\"target\":{\"@type\":\"EntryPoint\",\"urlTemplate\":\"https:\/\/tucuatro.com\/camburpinton\/?s={search_term_string}\"},\"query-input\":{\"@type\":\"PropertyValueSpecification\",\"valueRequired\":true,\"valueName\":\"search_term_string\"}}],\"inLanguage\":\"es\"},{\"@type\":\"Organization\",\"@id\":\"https:\/\/tucuatro.com\/camburpinton\/#organization\",\"name\":\"CamburPinton\",\"url\":\"https:\/\/tucuatro.com\/camburpinton\/\",\"logo\":{\"@type\":\"ImageObject\",\"inLanguage\":\"es\",\"@id\":\"https:\/\/tucuatro.com\/camburpinton\/#\/schema\/logo\/image\/\",\"url\":\"https:\/\/tucuatro.com\/camburpinton\/wp-content\/uploads\/sites\/5\/2020\/02\/fretboard_icon_black-64px.png\",\"contentUrl\":\"https:\/\/tucuatro.com\/camburpinton\/wp-content\/uploads\/sites\/5\/2020\/02\/fretboard_icon_black-64px.png\",\"width\":64,\"height\":107,\"caption\":\"CamburPinton\"},\"image\":{\"@id\":\"https:\/\/tucuatro.com\/camburpinton\/#\/schema\/logo\/image\/\"}},{\"@type\":\"Person\",\"@id\":\"https:\/\/tucuatro.com\/camburpinton\/#\/schema\/person\/bfbf34069d0728d153d7624713ba0f73\",\"name\":\"noticiastucuatro\",\"image\":{\"@type\":\"ImageObject\",\"inLanguage\":\"es\",\"@id\":\"https:\/\/secure.gravatar.com\/avatar\/fe802946c5fe8e2e31c544c3648f4a0e025f4e341fb6fecfd30ca95f639cd33e?s=96&d=mm&r=g\",\"url\":\"https:\/\/secure.gravatar.com\/avatar\/fe802946c5fe8e2e31c544c3648f4a0e025f4e341fb6fecfd30ca95f639cd33e?s=96&d=mm&r=g\",\"contentUrl\":\"https:\/\/secure.gravatar.com\/avatar\/fe802946c5fe8e2e31c544c3648f4a0e025f4e341fb6fecfd30ca95f639cd33e?s=96&d=mm&r=g\",\"caption\":\"noticiastucuatro\"},\"url\":\"https:\/\/tucuatro.com\/camburpinton\/author\/noticiastucuatro\/\"}]}<\/script>\n<!-- \/ Yoast SEO plugin. -->","yoast_head_json":{"title":"Manuel Rangel estrena en Caracas Pataruco: Concierto para Maracas y Orquesta - CamburPinton","description":"Bajo la direcci\u00f3n de Christian V\u00e1squez","robots":{"index":"index","follow":"follow","max-snippet":"max-snippet:-1","max-image-preview":"max-image-preview:large","max-video-preview":"max-video-preview:-1"},"canonical":"https:\/\/tucuatro.com\/camburpinton\/manuel-rangel-estrena-en-caracas-pataruco-concierto-para-maracas-y-orquesta\/","og_locale":"es_ES","og_type":"article","og_title":"Manuel Rangel estrena en Caracas Pataruco: Concierto para Maracas y Orquesta - CamburPinton","og_description":"Bajo la direcci\u00f3n de Christian V\u00e1squez","og_url":"https:\/\/tucuatro.com\/camburpinton\/manuel-rangel-estrena-en-caracas-pataruco-concierto-para-maracas-y-orquesta\/","og_site_name":"CamburPinton","article_published_time":"2017-03-24T22:01:14+00:00","article_modified_time":"2020-02-22T17:28:18+00:00","author":"noticiastucuatro","twitter_card":"summary_large_image","twitter_misc":{"Escrito por":"noticiastucuatro","Tiempo de lectura":"3 minutos"},"schema":{"@context":"https:\/\/schema.org","@graph":[{"@type":"Article","@id":"https:\/\/tucuatro.com\/camburpinton\/manuel-rangel-estrena-en-caracas-pataruco-concierto-para-maracas-y-orquesta\/#article","isPartOf":{"@id":"https:\/\/tucuatro.com\/camburpinton\/manuel-rangel-estrena-en-caracas-pataruco-concierto-para-maracas-y-orquesta\/"},"author":{"name":"noticiastucuatro","@id":"https:\/\/tucuatro.com\/camburpinton\/#\/schema\/person\/bfbf34069d0728d153d7624713ba0f73"},"headline":"Manuel Rangel estrena en Caracas Pataruco: Concierto para Maracas y Orquesta","datePublished":"2017-03-24T22:01:14+00:00","dateModified":"2020-02-22T17:28:18+00:00","mainEntityOfPage":{"@id":"https:\/\/tucuatro.com\/camburpinton\/manuel-rangel-estrena-en-caracas-pataruco-concierto-para-maracas-y-orquesta\/"},"wordCount":692,"commentCount":0,"publisher":{"@id":"https:\/\/tucuatro.com\/camburpinton\/#organization"},"image":{"@id":"https:\/\/tucuatro.com\/camburpinton\/manuel-rangel-estrena-en-caracas-pataruco-concierto-para-maracas-y-orquesta\/#primaryimage"},"thumbnailUrl":"","keywords":["concierto"],"articleSection":["Noticias"],"inLanguage":"es","potentialAction":[{"@type":"CommentAction","name":"Comment","target":["https:\/\/tucuatro.com\/camburpinton\/manuel-rangel-estrena-en-caracas-pataruco-concierto-para-maracas-y-orquesta\/#respond"]}]},{"@type":"WebPage","@id":"https:\/\/tucuatro.com\/camburpinton\/manuel-rangel-estrena-en-caracas-pataruco-concierto-para-maracas-y-orquesta\/","url":"https:\/\/tucuatro.com\/camburpinton\/manuel-rangel-estrena-en-caracas-pataruco-concierto-para-maracas-y-orquesta\/","name":"Manuel Rangel estrena en Caracas Pataruco: Concierto para Maracas y Orquesta - CamburPinton","isPartOf":{"@id":"https:\/\/tucuatro.com\/camburpinton\/#website"},"primaryImageOfPage":{"@id":"https:\/\/tucuatro.com\/camburpinton\/manuel-rangel-estrena-en-caracas-pataruco-concierto-para-maracas-y-orquesta\/#primaryimage"},"image":{"@id":"https:\/\/tucuatro.com\/camburpinton\/manuel-rangel-estrena-en-caracas-pataruco-concierto-para-maracas-y-orquesta\/#primaryimage"},"thumbnailUrl":"","datePublished":"2017-03-24T22:01:14+00:00","dateModified":"2020-02-22T17:28:18+00:00","description":"Bajo la direcci\u00f3n de Christian V\u00e1squez","breadcrumb":{"@id":"https:\/\/tucuatro.com\/camburpinton\/manuel-rangel-estrena-en-caracas-pataruco-concierto-para-maracas-y-orquesta\/#breadcrumb"},"inLanguage":"es","potentialAction":[{"@type":"ReadAction","target":["https:\/\/tucuatro.com\/camburpinton\/manuel-rangel-estrena-en-caracas-pataruco-concierto-para-maracas-y-orquesta\/"]}]},{"@type":"ImageObject","inLanguage":"es","@id":"https:\/\/tucuatro.com\/camburpinton\/manuel-rangel-estrena-en-caracas-pataruco-concierto-para-maracas-y-orquesta\/#primaryimage","url":"","contentUrl":""},{"@type":"BreadcrumbList","@id":"https:\/\/tucuatro.com\/camburpinton\/manuel-rangel-estrena-en-caracas-pataruco-concierto-para-maracas-y-orquesta\/#breadcrumb","itemListElement":[{"@type":"ListItem","position":1,"name":"Portada","item":"https:\/\/tucuatro.com\/camburpinton\/"},{"@type":"ListItem","position":2,"name":"Manuel Rangel estrena en Caracas Pataruco: Concierto para Maracas y Orquesta"}]},{"@type":"WebSite","@id":"https:\/\/tucuatro.com\/camburpinton\/#website","url":"https:\/\/tucuatro.com\/camburpinton\/","name":"CamburPinton","description":"El blog del Cuatro Venezolano, por TuCuatro","publisher":{"@id":"https:\/\/tucuatro.com\/camburpinton\/#organization"},"potentialAction":[{"@type":"SearchAction","target":{"@type":"EntryPoint","urlTemplate":"https:\/\/tucuatro.com\/camburpinton\/?s={search_term_string}"},"query-input":{"@type":"PropertyValueSpecification","valueRequired":true,"valueName":"search_term_string"}}],"inLanguage":"es"},{"@type":"Organization","@id":"https:\/\/tucuatro.com\/camburpinton\/#organization","name":"CamburPinton","url":"https:\/\/tucuatro.com\/camburpinton\/","logo":{"@type":"ImageObject","inLanguage":"es","@id":"https:\/\/tucuatro.com\/camburpinton\/#\/schema\/logo\/image\/","url":"https:\/\/tucuatro.com\/camburpinton\/wp-content\/uploads\/sites\/5\/2020\/02\/fretboard_icon_black-64px.png","contentUrl":"https:\/\/tucuatro.com\/camburpinton\/wp-content\/uploads\/sites\/5\/2020\/02\/fretboard_icon_black-64px.png","width":64,"height":107,"caption":"CamburPinton"},"image":{"@id":"https:\/\/tucuatro.com\/camburpinton\/#\/schema\/logo\/image\/"}},{"@type":"Person","@id":"https:\/\/tucuatro.com\/camburpinton\/#\/schema\/person\/bfbf34069d0728d153d7624713ba0f73","name":"noticiastucuatro","image":{"@type":"ImageObject","inLanguage":"es","@id":"https:\/\/secure.gravatar.com\/avatar\/fe802946c5fe8e2e31c544c3648f4a0e025f4e341fb6fecfd30ca95f639cd33e?s=96&d=mm&r=g","url":"https:\/\/secure.gravatar.com\/avatar\/fe802946c5fe8e2e31c544c3648f4a0e025f4e341fb6fecfd30ca95f639cd33e?s=96&d=mm&r=g","contentUrl":"https:\/\/secure.gravatar.com\/avatar\/fe802946c5fe8e2e31c544c3648f4a0e025f4e341fb6fecfd30ca95f639cd33e?s=96&d=mm&r=g","caption":"noticiastucuatro"},"url":"https:\/\/tucuatro.com\/camburpinton\/author\/noticiastucuatro\/"}]}},"_links":{"self":[{"href":"https:\/\/tucuatro.com\/camburpinton\/wp-json\/wp\/v2\/posts\/4075","targetHints":{"allow":["GET"]}}],"collection":[{"href":"https:\/\/tucuatro.com\/camburpinton\/wp-json\/wp\/v2\/posts"}],"about":[{"href":"https:\/\/tucuatro.com\/camburpinton\/wp-json\/wp\/v2\/types\/post"}],"author":[{"embeddable":true,"href":"https:\/\/tucuatro.com\/camburpinton\/wp-json\/wp\/v2\/users\/5823"}],"replies":[{"embeddable":true,"href":"https:\/\/tucuatro.com\/camburpinton\/wp-json\/wp\/v2\/comments?post=4075"}],"version-history":[{"count":0,"href":"https:\/\/tucuatro.com\/camburpinton\/wp-json\/wp\/v2\/posts\/4075\/revisions"}],"wp:featuredmedia":[{"embeddable":true,"href":"https:\/\/tucuatro.com\/camburpinton\/wp-json\/"}],"wp:attachment":[{"href":"https:\/\/tucuatro.com\/camburpinton\/wp-json\/wp\/v2\/media?parent=4075"}],"wp:term":[{"taxonomy":"category","embeddable":true,"href":"https:\/\/tucuatro.com\/camburpinton\/wp-json\/wp\/v2\/categories?post=4075"},{"taxonomy":"post_tag","embeddable":true,"href":"https:\/\/tucuatro.com\/camburpinton\/wp-json\/wp\/v2\/tags?post=4075"}],"curies":[{"name":"wp","href":"https:\/\/api.w.org\/{rel}","templated":true}]}}