{"id":4500,"date":"2017-12-12T12:48:37","date_gmt":"2017-12-12T16:48:37","guid":{"rendered":"https:\/\/tucuatro.com\/info\/?p=4500"},"modified":"2020-02-22T15:02:15","modified_gmt":"2020-02-22T19:02:15","slug":"la-gran-fiesta-del-instrumento-nacional-celebra-su-gala-final","status":"publish","type":"post","link":"https:\/\/tucuatro.com\/camburpinton\/la-gran-fiesta-del-instrumento-nacional-celebra-su-gala-final\/","title":{"rendered":"La gran fiesta del instrumento nacional celebra su gala final"},"content":{"rendered":"<h3><em>El pr\u00f3ximo jueves 14 de diciembre, a la 1 de la tarde, los once concursantes clasificados se presentar\u00e1n ante el jurado<\/em>,<em>\u00a0<\/em><em>quien definir\u00e1 los ganadores de los tres primeros lugares de la sexta versi\u00f3n competitiva de este prestigioso festival internacional.<\/em><\/h3>\n<p>&nbsp;<\/p>\n<h3><em>Ensamble Gurruf\u00edo, el Parrand\u00f3n de La Siembra del Cuatro y Daniel Requena, ganador de la edici\u00f3n 2013, participar\u00e1n como invitados especiales.<\/em><\/h3>\n<h3><\/h3>\n<p><img fetchpriority=\"high\" decoding=\"async\" class=\"aligncenter size-large wp-image-4502\" src=\"https:\/\/tucuatro.com\/wp-content\/uploads\/sites\/3\/2017\/12\/logo-siembra-del-cuatro-570x402.png\" alt=\"\" width=\"570\" height=\"402\" \/><\/p>\n<p style=\"font-weight: 400\">La riqueza sonora y versatilidad del instrumento nacional volver\u00e1n a conquistar al p\u00fablico venezolano en la gala final del VIII Festival Internacional La Siembra del Cuatro, el pr\u00f3ximo jueves 14 de diciembre, a la 1:00 p.m. en el Auditorio del Banco Central de Venezuela, esquina de Carmelitas, Caracas.<\/p>\n<p style=\"font-weight: 400\">All\u00ed se dar\u00e1n cita los once clasificados a la final en las categor\u00edas Ejecuci\u00f3n y Composici\u00f3n de este importante certamen internacional creado en 2004 por el Maestro\u00a0<strong>Cheo Hurtado<\/strong>\u00a0y el Prof.\u00a0<strong>Marco Tulio Mendoza<\/strong>:\u00a0<strong>Alirio Barrera, Alis Cruces, Carlos Su\u00e1rez, Daniel Molina, F\u00e9lix Crudele, F\u00e9lix Farf\u00e1n, \u00a0Fichard Pinto, Isidro Landaeta,\u00a0 Jes\u00fas Rebolledo, Jes\u00fas Su\u00e1rez\u00a0<\/strong>y<strong>\u00a0Ricardo Carrillo<\/strong>.<\/p>\n<p style=\"font-weight: 400\">Este grupo de finalistas fue seleccionado por un jurado integrado por el colombiano\u00a0<strong>Ricardo Zapata<\/strong>, el destacado cuatrista y cantante\u00a0<strong>Rafael \u201cPollo\u201d Brito<\/strong>\u00a0y los cinco ganadores del Festival en sus ediciones anteriores:\u00a0<strong>Carlos Capacho<\/strong>\u00a0(2004),\u00a0<strong>Jorge Glem<\/strong>\u00a0(2005),\u00a0<strong>Miguel Siso<\/strong>\u00a0(2007),\u00a0<strong>Nelson Gonz\u00e1lez\u00a0<\/strong>(2012) y\u00a0<strong>Daniel Requena<\/strong>(2013).\u00a0\u00a0En la jornada final, la responsabilidad de evaluar a los concursantes y seleccionar al ganador recaer\u00e1 en los respetados m\u00fasicos venezolanos\u00a0<strong>Al\u00ed Aguero<\/strong>,\u00a0<strong>Henry Rubio<\/strong>\u00a0y\u00a0<strong>Orlando Cardozo<\/strong>.<\/p>\n<p><iframe title=\"Cheo Hurtado - Cari Cari con Pajarillo. Celebraci\u00f3n 50 a\u00f1os de vida art\u00edstica\" width=\"800\" height=\"450\" src=\"https:\/\/www.youtube.com\/embed\/liBTOH54Zso?feature=oembed\" frameborder=\"0\" allow=\"accelerometer; autoplay; encrypted-media; gyroscope; picture-in-picture\" allowfullscreen><\/iframe><\/p>\n<p>&nbsp;<\/p>\n<p style=\"font-weight: 400\">Sobre la din\u00e1mica elegida para este a\u00f1o, explica Hurtado: \u201cDecidimos establecer una modalidad de participaci\u00f3n m\u00e1s abierta y participativa, permitiendo al p\u00fablico votar por sus favoritos en <a href=\"https:\/\/www.youtube.com\/channel\/UC1x9q6eoeF5DsKgs3YTMlmQ\/videos\">nuestro canal de Youtube<\/a>, preservando la calidad y el nivel de la competencia que han caracterizado a este evento, convertido en importante plataforma para el conocimiento y proyecci\u00f3n de los nuevos talentos en la ejecuci\u00f3n de nuestro instrumento. Premiaremos en las categor\u00edas Afinaci\u00f3n Tradicional y Afinaci\u00f3n Aguda\u00bb.<\/p>\n<p style=\"font-weight: 400\">Agrega el emblem\u00e1tico maestro de las cuatro cuerdas que desde ahora, los premios llevar\u00e1n el nombre de Hern\u00e1n Gamboa y Fredy Reyna, respectivamente,\u00a0\u00a0grandes cultores de estas formas de afinaci\u00f3n. Adem\u00e1s, el ganador del primer premio recibir\u00e1 un cuatro donado por el reconocido luthier internacional\u00a0<strong>Edgar Ram\u00edrez Roa<\/strong>.<\/p>\n<h3><\/h3>\n<h3><a href=\"https:\/\/www.youtube.com\/channel\/UC1x9q6eoeF5DsKgs3YTMlmQ\/videos\"><img decoding=\"async\" class=\"size-large wp-image-4506 aligncenter\" src=\"https:\/\/tucuatro.com\/wp-content\/uploads\/sites\/3\/2017\/12\/siembra-videos-youtube.jpg\" alt=\"\" width=\"800\" \/><\/a><\/h3>\n<p>&nbsp;<\/p>\n<p style=\"font-weight: 400\"><strong>Cosecha de talentos<\/strong><\/p>\n<p style=\"font-weight: 400\">Uno \u00a0de los grandes atractivos de esta edici\u00f3n ser\u00e1 la presentaci\u00f3n, como invitados especiales, de\u00a0<strong>Ensamble Gurruf\u00edo\u00a0<\/strong>y del\u00a0<strong>Parrand\u00f3n La Siembra del Cuatro<\/strong>, integrado por concursantes de las diversas ediciones del festival. Tambi\u00e9n destaca el bautizo de la producci\u00f3n discogr\u00e1fica como\u00a0solista de\u00a0<strong>Daniel Requena<\/strong>, primer lugar de la edici\u00f3n 2013 del certamen quien ha logrado proyectar exitosamente su carrera.<\/p>\n<p style=\"font-weight: 400\">Y es que, desde su concepci\u00f3n, La Siembra del Cuatro ha sido terreno f\u00e9rtil para una inmejorable cosecha de instrumentistas que, tras su participaci\u00f3n en el evento han emprendido su carrera musical, bien sea como solista o como acompa\u00f1ante.<\/p>\n<figure id=\"attachment_2603\" aria-describedby=\"caption-attachment-2603\" style=\"width: 300px\" class=\"wp-caption alignleft\"><img decoding=\"async\" class=\"size-thumbnail wp-image-2603\" src=\"https:\/\/tucuatro.com\/wp-content\/uploads\/sites\/5\/Carlos-Capacho-Profile-Facebook-300x200.jpg\" alt=\"\" width=\"300\" height=\"200\" \/><figcaption id=\"caption-attachment-2603\" class=\"wp-caption-text\">Profile en Facebook del cuatrista Carlos Capacho. Cr\u00e9ditos Carlos Capacho<\/figcaption><\/figure>\n<p style=\"font-weight: 400\">Con 15 a\u00f1os de edad,\u00a0<strong>Carlos Capacho<\/strong>\u00a0gan\u00f3 en julio de 2004 \u00a0la primera edici\u00f3n del evento. Hoy brilla con su talento en el Berkllee College de Boston, de donde egres\u00f3 con honores en 2016 y hoy imparte clases. Reconocido por haber introducido en sus conciertos el cuatro el\u00e9ctrico, antes de salir a perfeccionar sus estudios musicales en el exterior, dirigi\u00f3 la c\u00e1tedra de cuatro en el Conservatorio Sim\u00f3n Bol\u00edvar, la c\u00e1tedra de m\u00fasica venezolana y dirige la Orquesta de M\u00fasica Venezolana Sim\u00f3n Bol\u00edvar del Sistema Nacional de Orquestas.<\/p>\n<p style=\"font-weight: 400\"><strong>Jorge Glem<\/strong>, entretanto, ganador del segundo concurso, realizado en noviembre de 2005, es uno de los instrumentistas de mayor proyecci\u00f3n del pa\u00eds, trascendiendo fronteras con un virtuosismo y creatividad que lo han llevado a explorar las posibilidades del cuatro en g\u00e9neros como el jazz. Con su disco \u00abEn el Cerrito\u00bb, conquist\u00f3 numerosos premios. Residenciado en Nueva York desde el a\u00f1o pasado, produce actualmente un documental sobre el cuatro: #FlyingFish.<\/p>\n<p style=\"font-weight: 400\">Invitado frecuente de grandes solistas internacionales, su carrera solista se ha consolidado en paralelo a la carrera de\u00a0<strong>C4 Tr\u00edo<\/strong>, agrupaci\u00f3n que fund\u00f3 en 2005 junto a\u00a0<strong>Edward Ram\u00edrez<\/strong>\u00a0(tercer lugar en la primera y segunda edici\u00f3n del evento) y\u00a0<strong>H\u00e9ctor Molina<\/strong>\u00a0(clasificado en la primera versi\u00f3n), cuyos talentos se unieron a partir de su participaci\u00f3n en la primera Siembra del Cuatro y que hoy ven sus frutos con dos nominaciones al Grammy Latino y una postulaci\u00f3n\u00a0 al Grammy 2018 junto a Desorden P\u00fablico.<\/p>\n<figure id=\"attachment_1320\" aria-describedby=\"caption-attachment-1320\" style=\"width: 300px\" class=\"wp-caption alignright\"><img decoding=\"async\" class=\"size-thumbnail wp-image-1320\" src=\"https:\/\/tucuatro.com\/wp-content\/uploads\/sites\/5\/Siembra-del-Cuatro-Gran-Final-2013-Miguel-Siso-300x200.jpg\" alt=\"\" width=\"300\" height=\"200\" \/><figcaption id=\"caption-attachment-1320\" class=\"wp-caption-text\">Miguel Siso tocando el cuatro en la final de la Siembra del Cuatro 2013. Cr\u00e9ditos TuCuatro. Fotograf\u00eda Rui Cordovez.<\/figcaption><\/figure>\n<p style=\"font-weight: 400\"><strong>Miguel Siso<\/strong>, ganador del tercer concurso, celebrado en noviembre de 2007, tambi\u00e9n ha destacado como solista y acompa\u00f1ante de grandes artistas. Algo similar ocurre con\u00a0<strong>Nelson Gonz\u00e1lez<\/strong>, primer lugar en la cuarta edici\u00f3n del concurso, realizada en diciembre de 2012, quien est\u00e1 pr\u00f3ximo a lanzar al mercado su primer disco solista donde muestra su gusto y talento para los m\u00e1s diversos g\u00e9neros de la m\u00fasica nacional.<\/p>\n<p style=\"font-weight: 400\"><strong>Albert Hern\u00e1ndez, Roney Silva y Jos\u00e9 Luis Lara<\/strong>, ganadores del primer lugar en la categor\u00eda Afinaci\u00f3n Aguda en las versiones \u00a02004, 2005 y 2007 del concurso, respectivamente;<strong>\u00a0Liceth Hern\u00e1ndez<\/strong>, ganadora del concurso en 2004 en la categor\u00eda femenina;\u00a0<strong>Leonidas Rond\u00f3n<\/strong>,<strong>\u00a0Luis Pino, H\u00e9ctor Medina, Fernando Rodr\u00edguez<\/strong>\u00a0son otros de los muchos talentos surgidos del evento.<\/p>\n<p style=\"font-weight: 400\">El sexto Concurso Internacional y s\u00e9ptima edici\u00f3n del Festival, impulsado desde su creaci\u00f3n por la Fundaci\u00f3n Guayana Es cuenta con el patrocinio de Seguros Universitas.<\/p>\n<p style=\"font-weight: 400\">La entrada para la gala final del jueves 14 de diciembre est\u00e1 abiertas a todo p\u00fablico y es gratuita.<\/p>\n<p style=\"font-weight: 400\"><strong>\u00a0\u00a0\u00a0\u00a0\u00a0\u00a0\u00a0\u00a0\u00a0\u00a0\u00a0\u00a0\u00a0\u00a0\u00a0\u00a0\u00a0\u00a0\u00a0\u00a0\u00a0\u00a0\u00a0\u00a0\u00a0\u00a0\u00a0\u00a0\u00a0\u00a0\u00a0\u00a0\u00a0\u00a0\u00a0\u00a0\u00a0\u00a0\u00a0\u00a0\u00a0\u00a0\u00a0\u00a0\u00a0\u00a0\u00a0\u00a0\u00a0\u00a0\u00a0\u00a0\u00a0\u00a0\u00a0\u00a0\u00a0\u00a0\u00a0\u00a0\u00a0\u00a0\u00a0\u00a0\u00a0\u00a0\u00a0\u00a0\u00a0\u00a0\u00a0\u00a0\u00a0\u00a0\u00a0\u00a0\u00a0\u00a0\u00a0\u00a0\u00a0\u00a0\u00a0\u00a0\u00a0\u00a0<\/strong><\/p>\n<p style=\"font-weight: 400\"><strong>PRENSA:<\/strong><\/p>\n<p style=\"font-weight: 400\"><strong>Tel\u00e9fono:\u00a0<\/strong>0416. 6386050<\/p>\n<p style=\"font-weight: 400\"><strong>Correo electr\u00f3nico:\u00a0<\/strong><a href=\"mailto:lasiembradel4@gmail.com\">lasiembradel4@gmail.com<\/a><\/p>\n<p style=\"font-weight: 400\">Twitter:\u00a0<a href=\"https:\/\/twitter.com\/LaSiembraCuatro\"><strong>@LaSiembraCuatro<\/strong><\/a><\/p>\n<p>Instagram:<strong>\u00a0<\/strong><strong>@SiembraCuatros<\/strong><\/p>\n<p>YouTube:<strong>\u00a0\/LaSiembraDelCuatro<\/strong><\/p>\n","protected":false},"excerpt":{"rendered":"<p>La Gran final de la Siembra del Cuatro 2017. Ensamble Gurruf\u00edo, el Parrand\u00f3n de La Siembra del Cuatro y Daniel Requena, ganador de la edici\u00f3n 2013, participar\u00e1n como invitados especiales.<\/p>\n","protected":false},"author":5823,"featured_media":9269,"comment_status":"open","ping_status":"open","sticky":false,"template":"","format":"standard","meta":{"content-type":"","footnotes":""},"categories":[1,30],"tags":[423,70,21,63,1023,328,185,77,90,59,95,157,656],"class_list":["post-4500","post","type-post","status-publish","format-standard","has-post-thumbnail","hentry","category-general","category-noticias","tag-c4-trio","tag-carlos-capacho","tag-cheo-hurtado","tag-concierto","tag-documentales","tag-edward-ramirez","tag-ensamble-gurrufio","tag-fredy-reyna","tag-hernan-gamboa","tag-jorge-glem","tag-luis-pino","tag-miguel-siso","tag-siembra-de-cuatro"],"yoast_head":"<!-- This site is optimized with the Yoast SEO plugin v27.2 - https:\/\/yoast.com\/product\/yoast-seo-wordpress\/ -->\n<title>La gran fiesta del instrumento nacional celebra su gala final - CamburPinton<\/title>\n<meta name=\"description\" content=\"La Gran final de la Siembra del Cuatro 2017. Ensamble Gurruf\u00edo, el Parrand\u00f3n de La Siembra del Cuatro y Daniel Requena, ganador de la edici\u00f3n 2013, participar\u00e1n como invitados especiales.\" \/>\n<meta name=\"robots\" content=\"index, follow, max-snippet:-1, max-image-preview:large, max-video-preview:-1\" \/>\n<link rel=\"canonical\" href=\"https:\/\/tucuatro.com\/camburpinton\/la-gran-fiesta-del-instrumento-nacional-celebra-su-gala-final\/\" \/>\n<meta property=\"og:locale\" content=\"es_ES\" \/>\n<meta property=\"og:type\" content=\"article\" \/>\n<meta property=\"og:title\" content=\"La gran fiesta del instrumento nacional celebra su gala final - CamburPinton\" \/>\n<meta property=\"og:description\" content=\"La Gran final de la Siembra del Cuatro 2017. Ensamble Gurruf\u00edo, el Parrand\u00f3n de La Siembra del Cuatro y Daniel Requena, ganador de la edici\u00f3n 2013, participar\u00e1n como invitados especiales.\" \/>\n<meta property=\"og:url\" content=\"https:\/\/tucuatro.com\/camburpinton\/la-gran-fiesta-del-instrumento-nacional-celebra-su-gala-final\/\" \/>\n<meta property=\"og:site_name\" content=\"CamburPinton\" \/>\n<meta property=\"article:published_time\" content=\"2017-12-12T16:48:37+00:00\" \/>\n<meta property=\"article:modified_time\" content=\"2020-02-22T19:02:15+00:00\" \/>\n<meta name=\"author\" content=\"noticiastucuatro\" \/>\n<meta name=\"twitter:card\" content=\"summary_large_image\" \/>\n<meta name=\"twitter:label1\" content=\"Escrito por\" \/>\n\t<meta name=\"twitter:data1\" content=\"noticiastucuatro\" \/>\n\t<meta name=\"twitter:label2\" content=\"Tiempo de lectura\" \/>\n\t<meta name=\"twitter:data2\" content=\"5 minutos\" \/>\n<script type=\"application\/ld+json\" class=\"yoast-schema-graph\">{\"@context\":\"https:\/\/schema.org\",\"@graph\":[{\"@type\":\"Article\",\"@id\":\"https:\/\/tucuatro.com\/camburpinton\/la-gran-fiesta-del-instrumento-nacional-celebra-su-gala-final\/#article\",\"isPartOf\":{\"@id\":\"https:\/\/tucuatro.com\/camburpinton\/la-gran-fiesta-del-instrumento-nacional-celebra-su-gala-final\/\"},\"author\":{\"name\":\"noticiastucuatro\",\"@id\":\"https:\/\/tucuatro.com\/camburpinton\/#\/schema\/person\/bfbf34069d0728d153d7624713ba0f73\"},\"headline\":\"La gran fiesta del instrumento nacional celebra su gala final\",\"datePublished\":\"2017-12-12T16:48:37+00:00\",\"dateModified\":\"2020-02-22T19:02:15+00:00\",\"mainEntityOfPage\":{\"@id\":\"https:\/\/tucuatro.com\/camburpinton\/la-gran-fiesta-del-instrumento-nacional-celebra-su-gala-final\/\"},\"wordCount\":1029,\"commentCount\":1,\"publisher\":{\"@id\":\"https:\/\/tucuatro.com\/camburpinton\/#organization\"},\"image\":{\"@id\":\"https:\/\/tucuatro.com\/camburpinton\/la-gran-fiesta-del-instrumento-nacional-celebra-su-gala-final\/#primaryimage\"},\"thumbnailUrl\":\"\",\"keywords\":[\"c4 trio\",\"carlos capacho\",\"Cheo Hurtado\",\"concierto\",\"documentales\",\"edward ramirez\",\"ensamble gurrufio\",\"fredy reyna\",\"hernan gamboa\",\"jorge glem\",\"luis pino\",\"miguel siso\",\"siembra de cuatro\"],\"articleSection\":[\"General\",\"Noticias\"],\"inLanguage\":\"es\",\"potentialAction\":[{\"@type\":\"CommentAction\",\"name\":\"Comment\",\"target\":[\"https:\/\/tucuatro.com\/camburpinton\/la-gran-fiesta-del-instrumento-nacional-celebra-su-gala-final\/#respond\"]}]},{\"@type\":\"WebPage\",\"@id\":\"https:\/\/tucuatro.com\/camburpinton\/la-gran-fiesta-del-instrumento-nacional-celebra-su-gala-final\/\",\"url\":\"https:\/\/tucuatro.com\/camburpinton\/la-gran-fiesta-del-instrumento-nacional-celebra-su-gala-final\/\",\"name\":\"La gran fiesta del instrumento nacional celebra su gala final - CamburPinton\",\"isPartOf\":{\"@id\":\"https:\/\/tucuatro.com\/camburpinton\/#website\"},\"primaryImageOfPage\":{\"@id\":\"https:\/\/tucuatro.com\/camburpinton\/la-gran-fiesta-del-instrumento-nacional-celebra-su-gala-final\/#primaryimage\"},\"image\":{\"@id\":\"https:\/\/tucuatro.com\/camburpinton\/la-gran-fiesta-del-instrumento-nacional-celebra-su-gala-final\/#primaryimage\"},\"thumbnailUrl\":\"\",\"datePublished\":\"2017-12-12T16:48:37+00:00\",\"dateModified\":\"2020-02-22T19:02:15+00:00\",\"description\":\"La Gran final de la Siembra del Cuatro 2017. Ensamble Gurruf\u00edo, el Parrand\u00f3n de La Siembra del Cuatro y Daniel Requena, ganador de la edici\u00f3n 2013, participar\u00e1n como invitados especiales.\",\"breadcrumb\":{\"@id\":\"https:\/\/tucuatro.com\/camburpinton\/la-gran-fiesta-del-instrumento-nacional-celebra-su-gala-final\/#breadcrumb\"},\"inLanguage\":\"es\",\"potentialAction\":[{\"@type\":\"ReadAction\",\"target\":[\"https:\/\/tucuatro.com\/camburpinton\/la-gran-fiesta-del-instrumento-nacional-celebra-su-gala-final\/\"]}]},{\"@type\":\"ImageObject\",\"inLanguage\":\"es\",\"@id\":\"https:\/\/tucuatro.com\/camburpinton\/la-gran-fiesta-del-instrumento-nacional-celebra-su-gala-final\/#primaryimage\",\"url\":\"\",\"contentUrl\":\"\"},{\"@type\":\"BreadcrumbList\",\"@id\":\"https:\/\/tucuatro.com\/camburpinton\/la-gran-fiesta-del-instrumento-nacional-celebra-su-gala-final\/#breadcrumb\",\"itemListElement\":[{\"@type\":\"ListItem\",\"position\":1,\"name\":\"Portada\",\"item\":\"https:\/\/tucuatro.com\/camburpinton\/\"},{\"@type\":\"ListItem\",\"position\":2,\"name\":\"La gran fiesta del instrumento nacional celebra su gala final\"}]},{\"@type\":\"WebSite\",\"@id\":\"https:\/\/tucuatro.com\/camburpinton\/#website\",\"url\":\"https:\/\/tucuatro.com\/camburpinton\/\",\"name\":\"CamburPinton\",\"description\":\"El blog del Cuatro Venezolano, por TuCuatro\",\"publisher\":{\"@id\":\"https:\/\/tucuatro.com\/camburpinton\/#organization\"},\"potentialAction\":[{\"@type\":\"SearchAction\",\"target\":{\"@type\":\"EntryPoint\",\"urlTemplate\":\"https:\/\/tucuatro.com\/camburpinton\/?s={search_term_string}\"},\"query-input\":{\"@type\":\"PropertyValueSpecification\",\"valueRequired\":true,\"valueName\":\"search_term_string\"}}],\"inLanguage\":\"es\"},{\"@type\":\"Organization\",\"@id\":\"https:\/\/tucuatro.com\/camburpinton\/#organization\",\"name\":\"CamburPinton\",\"url\":\"https:\/\/tucuatro.com\/camburpinton\/\",\"logo\":{\"@type\":\"ImageObject\",\"inLanguage\":\"es\",\"@id\":\"https:\/\/tucuatro.com\/camburpinton\/#\/schema\/logo\/image\/\",\"url\":\"https:\/\/tucuatro.com\/camburpinton\/wp-content\/uploads\/sites\/5\/2020\/02\/fretboard_icon_black-64px.png\",\"contentUrl\":\"https:\/\/tucuatro.com\/camburpinton\/wp-content\/uploads\/sites\/5\/2020\/02\/fretboard_icon_black-64px.png\",\"width\":64,\"height\":107,\"caption\":\"CamburPinton\"},\"image\":{\"@id\":\"https:\/\/tucuatro.com\/camburpinton\/#\/schema\/logo\/image\/\"}},{\"@type\":\"Person\",\"@id\":\"https:\/\/tucuatro.com\/camburpinton\/#\/schema\/person\/bfbf34069d0728d153d7624713ba0f73\",\"name\":\"noticiastucuatro\",\"image\":{\"@type\":\"ImageObject\",\"inLanguage\":\"es\",\"@id\":\"https:\/\/secure.gravatar.com\/avatar\/fe802946c5fe8e2e31c544c3648f4a0e025f4e341fb6fecfd30ca95f639cd33e?s=96&d=mm&r=g\",\"url\":\"https:\/\/secure.gravatar.com\/avatar\/fe802946c5fe8e2e31c544c3648f4a0e025f4e341fb6fecfd30ca95f639cd33e?s=96&d=mm&r=g\",\"contentUrl\":\"https:\/\/secure.gravatar.com\/avatar\/fe802946c5fe8e2e31c544c3648f4a0e025f4e341fb6fecfd30ca95f639cd33e?s=96&d=mm&r=g\",\"caption\":\"noticiastucuatro\"},\"url\":\"https:\/\/tucuatro.com\/camburpinton\/author\/noticiastucuatro\/\"}]}<\/script>\n<!-- \/ Yoast SEO plugin. -->","yoast_head_json":{"title":"La gran fiesta del instrumento nacional celebra su gala final - CamburPinton","description":"La Gran final de la Siembra del Cuatro 2017. Ensamble Gurruf\u00edo, el Parrand\u00f3n de La Siembra del Cuatro y Daniel Requena, ganador de la edici\u00f3n 2013, participar\u00e1n como invitados especiales.","robots":{"index":"index","follow":"follow","max-snippet":"max-snippet:-1","max-image-preview":"max-image-preview:large","max-video-preview":"max-video-preview:-1"},"canonical":"https:\/\/tucuatro.com\/camburpinton\/la-gran-fiesta-del-instrumento-nacional-celebra-su-gala-final\/","og_locale":"es_ES","og_type":"article","og_title":"La gran fiesta del instrumento nacional celebra su gala final - CamburPinton","og_description":"La Gran final de la Siembra del Cuatro 2017. Ensamble Gurruf\u00edo, el Parrand\u00f3n de La Siembra del Cuatro y Daniel Requena, ganador de la edici\u00f3n 2013, participar\u00e1n como invitados especiales.","og_url":"https:\/\/tucuatro.com\/camburpinton\/la-gran-fiesta-del-instrumento-nacional-celebra-su-gala-final\/","og_site_name":"CamburPinton","article_published_time":"2017-12-12T16:48:37+00:00","article_modified_time":"2020-02-22T19:02:15+00:00","author":"noticiastucuatro","twitter_card":"summary_large_image","twitter_misc":{"Escrito por":"noticiastucuatro","Tiempo de lectura":"5 minutos"},"schema":{"@context":"https:\/\/schema.org","@graph":[{"@type":"Article","@id":"https:\/\/tucuatro.com\/camburpinton\/la-gran-fiesta-del-instrumento-nacional-celebra-su-gala-final\/#article","isPartOf":{"@id":"https:\/\/tucuatro.com\/camburpinton\/la-gran-fiesta-del-instrumento-nacional-celebra-su-gala-final\/"},"author":{"name":"noticiastucuatro","@id":"https:\/\/tucuatro.com\/camburpinton\/#\/schema\/person\/bfbf34069d0728d153d7624713ba0f73"},"headline":"La gran fiesta del instrumento nacional celebra su gala final","datePublished":"2017-12-12T16:48:37+00:00","dateModified":"2020-02-22T19:02:15+00:00","mainEntityOfPage":{"@id":"https:\/\/tucuatro.com\/camburpinton\/la-gran-fiesta-del-instrumento-nacional-celebra-su-gala-final\/"},"wordCount":1029,"commentCount":1,"publisher":{"@id":"https:\/\/tucuatro.com\/camburpinton\/#organization"},"image":{"@id":"https:\/\/tucuatro.com\/camburpinton\/la-gran-fiesta-del-instrumento-nacional-celebra-su-gala-final\/#primaryimage"},"thumbnailUrl":"","keywords":["c4 trio","carlos capacho","Cheo Hurtado","concierto","documentales","edward ramirez","ensamble gurrufio","fredy reyna","hernan gamboa","jorge glem","luis pino","miguel siso","siembra de cuatro"],"articleSection":["General","Noticias"],"inLanguage":"es","potentialAction":[{"@type":"CommentAction","name":"Comment","target":["https:\/\/tucuatro.com\/camburpinton\/la-gran-fiesta-del-instrumento-nacional-celebra-su-gala-final\/#respond"]}]},{"@type":"WebPage","@id":"https:\/\/tucuatro.com\/camburpinton\/la-gran-fiesta-del-instrumento-nacional-celebra-su-gala-final\/","url":"https:\/\/tucuatro.com\/camburpinton\/la-gran-fiesta-del-instrumento-nacional-celebra-su-gala-final\/","name":"La gran fiesta del instrumento nacional celebra su gala final - CamburPinton","isPartOf":{"@id":"https:\/\/tucuatro.com\/camburpinton\/#website"},"primaryImageOfPage":{"@id":"https:\/\/tucuatro.com\/camburpinton\/la-gran-fiesta-del-instrumento-nacional-celebra-su-gala-final\/#primaryimage"},"image":{"@id":"https:\/\/tucuatro.com\/camburpinton\/la-gran-fiesta-del-instrumento-nacional-celebra-su-gala-final\/#primaryimage"},"thumbnailUrl":"","datePublished":"2017-12-12T16:48:37+00:00","dateModified":"2020-02-22T19:02:15+00:00","description":"La Gran final de la Siembra del Cuatro 2017. Ensamble Gurruf\u00edo, el Parrand\u00f3n de La Siembra del Cuatro y Daniel Requena, ganador de la edici\u00f3n 2013, participar\u00e1n como invitados especiales.","breadcrumb":{"@id":"https:\/\/tucuatro.com\/camburpinton\/la-gran-fiesta-del-instrumento-nacional-celebra-su-gala-final\/#breadcrumb"},"inLanguage":"es","potentialAction":[{"@type":"ReadAction","target":["https:\/\/tucuatro.com\/camburpinton\/la-gran-fiesta-del-instrumento-nacional-celebra-su-gala-final\/"]}]},{"@type":"ImageObject","inLanguage":"es","@id":"https:\/\/tucuatro.com\/camburpinton\/la-gran-fiesta-del-instrumento-nacional-celebra-su-gala-final\/#primaryimage","url":"","contentUrl":""},{"@type":"BreadcrumbList","@id":"https:\/\/tucuatro.com\/camburpinton\/la-gran-fiesta-del-instrumento-nacional-celebra-su-gala-final\/#breadcrumb","itemListElement":[{"@type":"ListItem","position":1,"name":"Portada","item":"https:\/\/tucuatro.com\/camburpinton\/"},{"@type":"ListItem","position":2,"name":"La gran fiesta del instrumento nacional celebra su gala final"}]},{"@type":"WebSite","@id":"https:\/\/tucuatro.com\/camburpinton\/#website","url":"https:\/\/tucuatro.com\/camburpinton\/","name":"CamburPinton","description":"El blog del Cuatro Venezolano, por TuCuatro","publisher":{"@id":"https:\/\/tucuatro.com\/camburpinton\/#organization"},"potentialAction":[{"@type":"SearchAction","target":{"@type":"EntryPoint","urlTemplate":"https:\/\/tucuatro.com\/camburpinton\/?s={search_term_string}"},"query-input":{"@type":"PropertyValueSpecification","valueRequired":true,"valueName":"search_term_string"}}],"inLanguage":"es"},{"@type":"Organization","@id":"https:\/\/tucuatro.com\/camburpinton\/#organization","name":"CamburPinton","url":"https:\/\/tucuatro.com\/camburpinton\/","logo":{"@type":"ImageObject","inLanguage":"es","@id":"https:\/\/tucuatro.com\/camburpinton\/#\/schema\/logo\/image\/","url":"https:\/\/tucuatro.com\/camburpinton\/wp-content\/uploads\/sites\/5\/2020\/02\/fretboard_icon_black-64px.png","contentUrl":"https:\/\/tucuatro.com\/camburpinton\/wp-content\/uploads\/sites\/5\/2020\/02\/fretboard_icon_black-64px.png","width":64,"height":107,"caption":"CamburPinton"},"image":{"@id":"https:\/\/tucuatro.com\/camburpinton\/#\/schema\/logo\/image\/"}},{"@type":"Person","@id":"https:\/\/tucuatro.com\/camburpinton\/#\/schema\/person\/bfbf34069d0728d153d7624713ba0f73","name":"noticiastucuatro","image":{"@type":"ImageObject","inLanguage":"es","@id":"https:\/\/secure.gravatar.com\/avatar\/fe802946c5fe8e2e31c544c3648f4a0e025f4e341fb6fecfd30ca95f639cd33e?s=96&d=mm&r=g","url":"https:\/\/secure.gravatar.com\/avatar\/fe802946c5fe8e2e31c544c3648f4a0e025f4e341fb6fecfd30ca95f639cd33e?s=96&d=mm&r=g","contentUrl":"https:\/\/secure.gravatar.com\/avatar\/fe802946c5fe8e2e31c544c3648f4a0e025f4e341fb6fecfd30ca95f639cd33e?s=96&d=mm&r=g","caption":"noticiastucuatro"},"url":"https:\/\/tucuatro.com\/camburpinton\/author\/noticiastucuatro\/"}]}},"_links":{"self":[{"href":"https:\/\/tucuatro.com\/camburpinton\/wp-json\/wp\/v2\/posts\/4500","targetHints":{"allow":["GET"]}}],"collection":[{"href":"https:\/\/tucuatro.com\/camburpinton\/wp-json\/wp\/v2\/posts"}],"about":[{"href":"https:\/\/tucuatro.com\/camburpinton\/wp-json\/wp\/v2\/types\/post"}],"author":[{"embeddable":true,"href":"https:\/\/tucuatro.com\/camburpinton\/wp-json\/wp\/v2\/users\/5823"}],"replies":[{"embeddable":true,"href":"https:\/\/tucuatro.com\/camburpinton\/wp-json\/wp\/v2\/comments?post=4500"}],"version-history":[{"count":0,"href":"https:\/\/tucuatro.com\/camburpinton\/wp-json\/wp\/v2\/posts\/4500\/revisions"}],"wp:featuredmedia":[{"embeddable":true,"href":"https:\/\/tucuatro.com\/camburpinton\/wp-json\/"}],"wp:attachment":[{"href":"https:\/\/tucuatro.com\/camburpinton\/wp-json\/wp\/v2\/media?parent=4500"}],"wp:term":[{"taxonomy":"category","embeddable":true,"href":"https:\/\/tucuatro.com\/camburpinton\/wp-json\/wp\/v2\/categories?post=4500"},{"taxonomy":"post_tag","embeddable":true,"href":"https:\/\/tucuatro.com\/camburpinton\/wp-json\/wp\/v2\/tags?post=4500"}],"curies":[{"name":"wp","href":"https:\/\/api.w.org\/{rel}","templated":true}]}}