{"id":464,"date":"2022-12-13T00:10:01","date_gmt":"2022-12-13T04:10:01","guid":{"rendered":"https:\/\/tucuatro.com\/camburpinton\/?p=464"},"modified":"2022-12-13T00:11:30","modified_gmt":"2022-12-13T04:11:30","slug":"jorge-polanco-ateneo","status":"publish","type":"post","link":"https:\/\/tucuatro.com\/camburpinton\/jorge-polanco-ateneo\/","title":{"rendered":"Jorge Polanco junto a Ricardo Cepeda &#8211; Mi Cuatro Gaitero"},"content":{"rendered":"\n<p>Jorge Polanco es un m\u00fasico venezolano que ha ganado reconocimiento por su habilidad en la improvisaci\u00f3n y su dominio de los g\u00e9neros musicales en el Cuatro. En este video, grabado en 2019, Polanco nos presenta parte de <a href=\"https:\/\/tucuatro.com\/camburpinton\/jorge-polanco-presenta-el-disco-mi-cuatro-gaitero\/\">su \u00e1lbum MI CUATRO GAITERO<\/a>, un \u00e1lbum de gaitas instrumentales en el que s\u00f3lo se utiliza el cuatro venezolano y las voces.<\/p>\n\n\n\n<p>A Jorge Polanco lo hemos visto en varios videos tocando con artistas del calibre de Huascar Barradas y muchos otros. Incluso en uno de ellos, recordamos como tocaba junto a Huascar un Pajarillo a velocidades extraordinarias y su capacidad de improvisaci\u00f3n, pues, deja impresionado a cualquiera. Polanco es un verdadero maestro del cuatro venezolano, y su habilidad para interpretar piezas cl\u00e1sicas y crear nuevas improvisaciones es realmente impresionante. <\/p>\n\n\n\n<p><\/p>\n\n\n\n<figure class=\"wp-block-embed is-type-video is-provider-youtube wp-block-embed-youtube wp-embed-aspect-16-9 wp-has-aspect-ratio\"><div class=\"wp-block-embed__wrapper\">\n<iframe title=\"JORGE POLANCO Y RICARDO CEPEDA - MI CUATRO GAITERO\" width=\"800\" height=\"450\" src=\"https:\/\/www.youtube.com\/embed\/BxRWQXJ39vs?feature=oembed\" frameborder=\"0\" allow=\"accelerometer; autoplay; clipboard-write; encrypted-media; gyroscope; picture-in-picture\" allowfullscreen><\/iframe>\n<\/div><\/figure>\n\n\n\n<p>Adem\u00e1s de su trabajo en colaboraci\u00f3n con otros artistas, Polanco ha lanzado varios \u00e1lbumes como solista, incluyendo esta producci\u00f3n discogr\u00e1fica MI CUATRO GAITERO, un \u00e1lbum de gaita zuliana instrumental que muestra su habilidad y su amor por este g\u00e9nero folcl\u00f3rico venezolano.<\/p>\n\n\n\n<p>Esperamos que disfruten del video y que se animen a conocer m\u00e1s sobre la m\u00fasica de Jorge Polanco y el g\u00e9nero de la gaita zuliana. \u00a1Disfruten!<\/p>\n","protected":false},"excerpt":{"rendered":"<p style=\"text-align: justify\">A Jorge Polanco lo hemos visto en varios videos tocando con Huascar Barradas. Incluso en uno de ellos toca junto a Huascar un Pajarillo y su capacidad de improvisaci\u00f3n deja impresionado a cualquiera.<\/p>\n","protected":false},"author":23,"featured_media":14290,"comment_status":"open","ping_status":"open","sticky":false,"template":"","format":"standard","meta":{"content-type":"","footnotes":""},"categories":[43,2],"tags":[19,182,52],"class_list":["post-464","post","type-post","status-publish","format-standard","has-post-thumbnail","hentry","category-artistas","category-cuatro","tag-cuatrista","tag-jorge-polanco","tag-video"],"yoast_head":"<!-- This site is optimized with the Yoast SEO plugin v27.2 - https:\/\/yoast.com\/product\/yoast-seo-wordpress\/ -->\n<title>Jorge Polanco junto a Ricardo Cepeda - Mi Cuatro Gaitero - CamburPinton<\/title>\n<meta name=\"description\" content=\"Jorge Polanco, cuatrista venezolano de alt\u00edsima calidad\" \/>\n<meta name=\"robots\" content=\"index, follow, max-snippet:-1, max-image-preview:large, max-video-preview:-1\" \/>\n<link rel=\"canonical\" href=\"https:\/\/tucuatro.com\/camburpinton\/jorge-polanco-ateneo\/\" \/>\n<meta property=\"og:locale\" content=\"es_ES\" \/>\n<meta property=\"og:type\" content=\"article\" \/>\n<meta property=\"og:title\" content=\"Jorge Polanco junto a Ricardo Cepeda - Mi Cuatro Gaitero - CamburPinton\" \/>\n<meta property=\"og:description\" content=\"Jorge Polanco, cuatrista venezolano de alt\u00edsima calidad\" \/>\n<meta property=\"og:url\" content=\"https:\/\/tucuatro.com\/camburpinton\/jorge-polanco-ateneo\/\" \/>\n<meta property=\"og:site_name\" content=\"CamburPinton\" \/>\n<meta property=\"article:published_time\" content=\"2022-12-13T04:10:01+00:00\" \/>\n<meta property=\"article:modified_time\" content=\"2022-12-13T04:11:30+00:00\" \/>\n<meta property=\"og:image\" content=\"https:\/\/tucuatro.com\/camburpinton\/wp-content\/uploads\/sites\/5\/2022\/12\/jorge-polanco-ricardo-cepeda.jpg\" \/>\n\t<meta property=\"og:image:width\" content=\"1654\" \/>\n\t<meta property=\"og:image:height\" content=\"832\" \/>\n\t<meta property=\"og:image:type\" content=\"image\/jpeg\" \/>\n<meta name=\"author\" content=\"Adrian Toro\" \/>\n<meta name=\"twitter:card\" content=\"summary_large_image\" \/>\n<meta name=\"twitter:label1\" content=\"Escrito por\" \/>\n\t<meta name=\"twitter:data1\" content=\"Adrian Toro\" \/>\n\t<meta name=\"twitter:label2\" content=\"Tiempo de lectura\" \/>\n\t<meta name=\"twitter:data2\" content=\"1 minuto\" \/>\n<script type=\"application\/ld+json\" class=\"yoast-schema-graph\">{\"@context\":\"https:\/\/schema.org\",\"@graph\":[{\"@type\":\"Article\",\"@id\":\"https:\/\/tucuatro.com\/camburpinton\/jorge-polanco-ateneo\/#article\",\"isPartOf\":{\"@id\":\"https:\/\/tucuatro.com\/camburpinton\/jorge-polanco-ateneo\/\"},\"author\":{\"name\":\"Adrian Toro\",\"@id\":\"https:\/\/tucuatro.com\/camburpinton\/#\/schema\/person\/182f36d7f076c0e15716be890bb6d074\"},\"headline\":\"Jorge Polanco junto a Ricardo Cepeda &#8211; Mi Cuatro Gaitero\",\"datePublished\":\"2022-12-13T04:10:01+00:00\",\"dateModified\":\"2022-12-13T04:11:30+00:00\",\"mainEntityOfPage\":{\"@id\":\"https:\/\/tucuatro.com\/camburpinton\/jorge-polanco-ateneo\/\"},\"wordCount\":226,\"commentCount\":0,\"publisher\":{\"@id\":\"https:\/\/tucuatro.com\/camburpinton\/#organization\"},\"image\":{\"@id\":\"https:\/\/tucuatro.com\/camburpinton\/jorge-polanco-ateneo\/#primaryimage\"},\"thumbnailUrl\":\"https:\/\/tucuatro.com\/camburpinton\/wp-content\/uploads\/sites\/5\/2022\/12\/jorge-polanco-ricardo-cepeda.jpg\",\"keywords\":[\"cuatrista\",\"jorge polanco\",\"video\"],\"articleSection\":[\"Artistas y Cantantes\",\"Cuatro Instrumento Musical\"],\"inLanguage\":\"es\",\"potentialAction\":[{\"@type\":\"CommentAction\",\"name\":\"Comment\",\"target\":[\"https:\/\/tucuatro.com\/camburpinton\/jorge-polanco-ateneo\/#respond\"]}]},{\"@type\":\"WebPage\",\"@id\":\"https:\/\/tucuatro.com\/camburpinton\/jorge-polanco-ateneo\/\",\"url\":\"https:\/\/tucuatro.com\/camburpinton\/jorge-polanco-ateneo\/\",\"name\":\"Jorge Polanco junto a Ricardo Cepeda - Mi Cuatro Gaitero - CamburPinton\",\"isPartOf\":{\"@id\":\"https:\/\/tucuatro.com\/camburpinton\/#website\"},\"primaryImageOfPage\":{\"@id\":\"https:\/\/tucuatro.com\/camburpinton\/jorge-polanco-ateneo\/#primaryimage\"},\"image\":{\"@id\":\"https:\/\/tucuatro.com\/camburpinton\/jorge-polanco-ateneo\/#primaryimage\"},\"thumbnailUrl\":\"https:\/\/tucuatro.com\/camburpinton\/wp-content\/uploads\/sites\/5\/2022\/12\/jorge-polanco-ricardo-cepeda.jpg\",\"datePublished\":\"2022-12-13T04:10:01+00:00\",\"dateModified\":\"2022-12-13T04:11:30+00:00\",\"description\":\"Jorge Polanco, cuatrista venezolano de alt\u00edsima calidad\",\"breadcrumb\":{\"@id\":\"https:\/\/tucuatro.com\/camburpinton\/jorge-polanco-ateneo\/#breadcrumb\"},\"inLanguage\":\"es\",\"potentialAction\":[{\"@type\":\"ReadAction\",\"target\":[\"https:\/\/tucuatro.com\/camburpinton\/jorge-polanco-ateneo\/\"]}]},{\"@type\":\"ImageObject\",\"inLanguage\":\"es\",\"@id\":\"https:\/\/tucuatro.com\/camburpinton\/jorge-polanco-ateneo\/#primaryimage\",\"url\":\"https:\/\/tucuatro.com\/camburpinton\/wp-content\/uploads\/sites\/5\/2022\/12\/jorge-polanco-ricardo-cepeda.jpg\",\"contentUrl\":\"https:\/\/tucuatro.com\/camburpinton\/wp-content\/uploads\/sites\/5\/2022\/12\/jorge-polanco-ricardo-cepeda.jpg\",\"width\":1654,\"height\":832},{\"@type\":\"BreadcrumbList\",\"@id\":\"https:\/\/tucuatro.com\/camburpinton\/jorge-polanco-ateneo\/#breadcrumb\",\"itemListElement\":[{\"@type\":\"ListItem\",\"position\":1,\"name\":\"Portada\",\"item\":\"https:\/\/tucuatro.com\/camburpinton\/\"},{\"@type\":\"ListItem\",\"position\":2,\"name\":\"Jorge Polanco junto a Ricardo Cepeda &#8211; Mi Cuatro Gaitero\"}]},{\"@type\":\"WebSite\",\"@id\":\"https:\/\/tucuatro.com\/camburpinton\/#website\",\"url\":\"https:\/\/tucuatro.com\/camburpinton\/\",\"name\":\"CamburPinton\",\"description\":\"El blog del Cuatro Venezolano, por TuCuatro\",\"publisher\":{\"@id\":\"https:\/\/tucuatro.com\/camburpinton\/#organization\"},\"potentialAction\":[{\"@type\":\"SearchAction\",\"target\":{\"@type\":\"EntryPoint\",\"urlTemplate\":\"https:\/\/tucuatro.com\/camburpinton\/?s={search_term_string}\"},\"query-input\":{\"@type\":\"PropertyValueSpecification\",\"valueRequired\":true,\"valueName\":\"search_term_string\"}}],\"inLanguage\":\"es\"},{\"@type\":\"Organization\",\"@id\":\"https:\/\/tucuatro.com\/camburpinton\/#organization\",\"name\":\"CamburPinton\",\"url\":\"https:\/\/tucuatro.com\/camburpinton\/\",\"logo\":{\"@type\":\"ImageObject\",\"inLanguage\":\"es\",\"@id\":\"https:\/\/tucuatro.com\/camburpinton\/#\/schema\/logo\/image\/\",\"url\":\"https:\/\/tucuatro.com\/camburpinton\/wp-content\/uploads\/sites\/5\/2020\/02\/fretboard_icon_black-64px.png\",\"contentUrl\":\"https:\/\/tucuatro.com\/camburpinton\/wp-content\/uploads\/sites\/5\/2020\/02\/fretboard_icon_black-64px.png\",\"width\":64,\"height\":107,\"caption\":\"CamburPinton\"},\"image\":{\"@id\":\"https:\/\/tucuatro.com\/camburpinton\/#\/schema\/logo\/image\/\"}},{\"@type\":\"Person\",\"@id\":\"https:\/\/tucuatro.com\/camburpinton\/#\/schema\/person\/182f36d7f076c0e15716be890bb6d074\",\"name\":\"Adrian Toro\",\"image\":{\"@type\":\"ImageObject\",\"inLanguage\":\"es\",\"@id\":\"https:\/\/lh3.googleusercontent.com\/a\/ACg8ocLwLCmGuaPjDUjycH1soWxJ2CWxtdwwxTMhw7SjMADBmZbcikz5ww=s96-c?sz=50\",\"url\":\"https:\/\/lh3.googleusercontent.com\/a\/ACg8ocLwLCmGuaPjDUjycH1soWxJ2CWxtdwwxTMhw7SjMADBmZbcikz5ww=s96-c?sz=50\",\"contentUrl\":\"https:\/\/lh3.googleusercontent.com\/a\/ACg8ocLwLCmGuaPjDUjycH1soWxJ2CWxtdwwxTMhw7SjMADBmZbcikz5ww=s96-c?sz=50\",\"caption\":\"Adrian Toro\"},\"description\":\"Adri\u00e1n Toro es el fundador de TuCuatro Corp., una empresa dedicada a la difusi\u00f3n y ense\u00f1anza de instrumentos folkl\u00f3ricos, con un enfoque especial en el cuatro venezolano. Apasionado por la m\u00fasica y la educaci\u00f3n, ha trabajado durante a\u00f1os para conectar a m\u00fasicos, estudiantes y aficionados con recursos innovadores para aprender y perfeccionar su t\u00e9cnica. Bajo su liderazgo, TuCuatro se ha convertido en una plataforma de referencia internacional, promoviendo la riqueza cultural de los instrumentos de cuerda ex\u00f3ticos. Su misi\u00f3n es garantizar que estas tradiciones musicales sigan vivas y accesibles para futuras generaciones.\",\"sameAs\":[\"https:\/\/tucuatro.com\"],\"url\":\"https:\/\/tucuatro.com\/camburpinton\/author\/adrianifero\/\"}]}<\/script>\n<!-- \/ Yoast SEO plugin. -->","yoast_head_json":{"title":"Jorge Polanco junto a Ricardo Cepeda - Mi Cuatro Gaitero - CamburPinton","description":"Jorge Polanco, cuatrista venezolano de alt\u00edsima calidad","robots":{"index":"index","follow":"follow","max-snippet":"max-snippet:-1","max-image-preview":"max-image-preview:large","max-video-preview":"max-video-preview:-1"},"canonical":"https:\/\/tucuatro.com\/camburpinton\/jorge-polanco-ateneo\/","og_locale":"es_ES","og_type":"article","og_title":"Jorge Polanco junto a Ricardo Cepeda - Mi Cuatro Gaitero - CamburPinton","og_description":"Jorge Polanco, cuatrista venezolano de alt\u00edsima calidad","og_url":"https:\/\/tucuatro.com\/camburpinton\/jorge-polanco-ateneo\/","og_site_name":"CamburPinton","article_published_time":"2022-12-13T04:10:01+00:00","article_modified_time":"2022-12-13T04:11:30+00:00","og_image":[{"width":1654,"height":832,"url":"https:\/\/tucuatro.com\/camburpinton\/wp-content\/uploads\/sites\/5\/2022\/12\/jorge-polanco-ricardo-cepeda.jpg","type":"image\/jpeg"}],"author":"Adrian Toro","twitter_card":"summary_large_image","twitter_misc":{"Escrito por":"Adrian Toro","Tiempo de lectura":"1 minuto"},"schema":{"@context":"https:\/\/schema.org","@graph":[{"@type":"Article","@id":"https:\/\/tucuatro.com\/camburpinton\/jorge-polanco-ateneo\/#article","isPartOf":{"@id":"https:\/\/tucuatro.com\/camburpinton\/jorge-polanco-ateneo\/"},"author":{"name":"Adrian Toro","@id":"https:\/\/tucuatro.com\/camburpinton\/#\/schema\/person\/182f36d7f076c0e15716be890bb6d074"},"headline":"Jorge Polanco junto a Ricardo Cepeda &#8211; Mi Cuatro Gaitero","datePublished":"2022-12-13T04:10:01+00:00","dateModified":"2022-12-13T04:11:30+00:00","mainEntityOfPage":{"@id":"https:\/\/tucuatro.com\/camburpinton\/jorge-polanco-ateneo\/"},"wordCount":226,"commentCount":0,"publisher":{"@id":"https:\/\/tucuatro.com\/camburpinton\/#organization"},"image":{"@id":"https:\/\/tucuatro.com\/camburpinton\/jorge-polanco-ateneo\/#primaryimage"},"thumbnailUrl":"https:\/\/tucuatro.com\/camburpinton\/wp-content\/uploads\/sites\/5\/2022\/12\/jorge-polanco-ricardo-cepeda.jpg","keywords":["cuatrista","jorge polanco","video"],"articleSection":["Artistas y Cantantes","Cuatro Instrumento Musical"],"inLanguage":"es","potentialAction":[{"@type":"CommentAction","name":"Comment","target":["https:\/\/tucuatro.com\/camburpinton\/jorge-polanco-ateneo\/#respond"]}]},{"@type":"WebPage","@id":"https:\/\/tucuatro.com\/camburpinton\/jorge-polanco-ateneo\/","url":"https:\/\/tucuatro.com\/camburpinton\/jorge-polanco-ateneo\/","name":"Jorge Polanco junto a Ricardo Cepeda - Mi Cuatro Gaitero - CamburPinton","isPartOf":{"@id":"https:\/\/tucuatro.com\/camburpinton\/#website"},"primaryImageOfPage":{"@id":"https:\/\/tucuatro.com\/camburpinton\/jorge-polanco-ateneo\/#primaryimage"},"image":{"@id":"https:\/\/tucuatro.com\/camburpinton\/jorge-polanco-ateneo\/#primaryimage"},"thumbnailUrl":"https:\/\/tucuatro.com\/camburpinton\/wp-content\/uploads\/sites\/5\/2022\/12\/jorge-polanco-ricardo-cepeda.jpg","datePublished":"2022-12-13T04:10:01+00:00","dateModified":"2022-12-13T04:11:30+00:00","description":"Jorge Polanco, cuatrista venezolano de alt\u00edsima calidad","breadcrumb":{"@id":"https:\/\/tucuatro.com\/camburpinton\/jorge-polanco-ateneo\/#breadcrumb"},"inLanguage":"es","potentialAction":[{"@type":"ReadAction","target":["https:\/\/tucuatro.com\/camburpinton\/jorge-polanco-ateneo\/"]}]},{"@type":"ImageObject","inLanguage":"es","@id":"https:\/\/tucuatro.com\/camburpinton\/jorge-polanco-ateneo\/#primaryimage","url":"https:\/\/tucuatro.com\/camburpinton\/wp-content\/uploads\/sites\/5\/2022\/12\/jorge-polanco-ricardo-cepeda.jpg","contentUrl":"https:\/\/tucuatro.com\/camburpinton\/wp-content\/uploads\/sites\/5\/2022\/12\/jorge-polanco-ricardo-cepeda.jpg","width":1654,"height":832},{"@type":"BreadcrumbList","@id":"https:\/\/tucuatro.com\/camburpinton\/jorge-polanco-ateneo\/#breadcrumb","itemListElement":[{"@type":"ListItem","position":1,"name":"Portada","item":"https:\/\/tucuatro.com\/camburpinton\/"},{"@type":"ListItem","position":2,"name":"Jorge Polanco junto a Ricardo Cepeda &#8211; Mi Cuatro Gaitero"}]},{"@type":"WebSite","@id":"https:\/\/tucuatro.com\/camburpinton\/#website","url":"https:\/\/tucuatro.com\/camburpinton\/","name":"CamburPinton","description":"El blog del Cuatro Venezolano, por TuCuatro","publisher":{"@id":"https:\/\/tucuatro.com\/camburpinton\/#organization"},"potentialAction":[{"@type":"SearchAction","target":{"@type":"EntryPoint","urlTemplate":"https:\/\/tucuatro.com\/camburpinton\/?s={search_term_string}"},"query-input":{"@type":"PropertyValueSpecification","valueRequired":true,"valueName":"search_term_string"}}],"inLanguage":"es"},{"@type":"Organization","@id":"https:\/\/tucuatro.com\/camburpinton\/#organization","name":"CamburPinton","url":"https:\/\/tucuatro.com\/camburpinton\/","logo":{"@type":"ImageObject","inLanguage":"es","@id":"https:\/\/tucuatro.com\/camburpinton\/#\/schema\/logo\/image\/","url":"https:\/\/tucuatro.com\/camburpinton\/wp-content\/uploads\/sites\/5\/2020\/02\/fretboard_icon_black-64px.png","contentUrl":"https:\/\/tucuatro.com\/camburpinton\/wp-content\/uploads\/sites\/5\/2020\/02\/fretboard_icon_black-64px.png","width":64,"height":107,"caption":"CamburPinton"},"image":{"@id":"https:\/\/tucuatro.com\/camburpinton\/#\/schema\/logo\/image\/"}},{"@type":"Person","@id":"https:\/\/tucuatro.com\/camburpinton\/#\/schema\/person\/182f36d7f076c0e15716be890bb6d074","name":"Adrian Toro","image":{"@type":"ImageObject","inLanguage":"es","@id":"https:\/\/lh3.googleusercontent.com\/a\/ACg8ocLwLCmGuaPjDUjycH1soWxJ2CWxtdwwxTMhw7SjMADBmZbcikz5ww=s96-c?sz=50","url":"https:\/\/lh3.googleusercontent.com\/a\/ACg8ocLwLCmGuaPjDUjycH1soWxJ2CWxtdwwxTMhw7SjMADBmZbcikz5ww=s96-c?sz=50","contentUrl":"https:\/\/lh3.googleusercontent.com\/a\/ACg8ocLwLCmGuaPjDUjycH1soWxJ2CWxtdwwxTMhw7SjMADBmZbcikz5ww=s96-c?sz=50","caption":"Adrian Toro"},"description":"Adri\u00e1n Toro es el fundador de TuCuatro Corp., una empresa dedicada a la difusi\u00f3n y ense\u00f1anza de instrumentos folkl\u00f3ricos, con un enfoque especial en el cuatro venezolano. Apasionado por la m\u00fasica y la educaci\u00f3n, ha trabajado durante a\u00f1os para conectar a m\u00fasicos, estudiantes y aficionados con recursos innovadores para aprender y perfeccionar su t\u00e9cnica. Bajo su liderazgo, TuCuatro se ha convertido en una plataforma de referencia internacional, promoviendo la riqueza cultural de los instrumentos de cuerda ex\u00f3ticos. Su misi\u00f3n es garantizar que estas tradiciones musicales sigan vivas y accesibles para futuras generaciones.","sameAs":["https:\/\/tucuatro.com"],"url":"https:\/\/tucuatro.com\/camburpinton\/author\/adrianifero\/"}]}},"_links":{"self":[{"href":"https:\/\/tucuatro.com\/camburpinton\/wp-json\/wp\/v2\/posts\/464","targetHints":{"allow":["GET"]}}],"collection":[{"href":"https:\/\/tucuatro.com\/camburpinton\/wp-json\/wp\/v2\/posts"}],"about":[{"href":"https:\/\/tucuatro.com\/camburpinton\/wp-json\/wp\/v2\/types\/post"}],"author":[{"embeddable":true,"href":"https:\/\/tucuatro.com\/camburpinton\/wp-json\/wp\/v2\/users\/23"}],"replies":[{"embeddable":true,"href":"https:\/\/tucuatro.com\/camburpinton\/wp-json\/wp\/v2\/comments?post=464"}],"version-history":[{"count":0,"href":"https:\/\/tucuatro.com\/camburpinton\/wp-json\/wp\/v2\/posts\/464\/revisions"}],"wp:featuredmedia":[{"embeddable":true,"href":"https:\/\/tucuatro.com\/camburpinton\/wp-json\/wp\/v2\/media\/14290"}],"wp:attachment":[{"href":"https:\/\/tucuatro.com\/camburpinton\/wp-json\/wp\/v2\/media?parent=464"}],"wp:term":[{"taxonomy":"category","embeddable":true,"href":"https:\/\/tucuatro.com\/camburpinton\/wp-json\/wp\/v2\/categories?post=464"},{"taxonomy":"post_tag","embeddable":true,"href":"https:\/\/tucuatro.com\/camburpinton\/wp-json\/wp\/v2\/tags?post=464"}],"curies":[{"name":"wp","href":"https:\/\/api.w.org\/{rel}","templated":true}]}}