{"id":5808,"date":"2013-04-15T21:56:09","date_gmt":"2013-04-16T02:26:09","guid":{"rendered":"https:\/\/tucuatro.com\/camburpinton\/?p=5808"},"modified":"2020-08-09T15:51:47","modified_gmt":"2020-08-09T19:51:47","slug":"aqui-las-fotos-de-la-declaratoria-del-cuatro-como-patrimonio-cultural","status":"publish","type":"post","link":"https:\/\/tucuatro.com\/camburpinton\/aqui-las-fotos-de-la-declaratoria-del-cuatro-como-patrimonio-cultural\/","title":{"rendered":"La declaratoria del cuatro como patrimonio cultural (fotos)"},"content":{"rendered":"\n<p><em>El 9 de Abril de 2013 se realiz\u00f3 el acto formal para anunciar la declaratoria del cuatro como patrimonio cultural de venezuela.<\/em><\/p>\n\n\n\n<p>No podr\u00edamos estar m\u00e1s contentos&#8230; &nbsp;El cuatro va en buen camino a ser declarado como un patrimonio cultural en Venezuela. &nbsp;Esto significa que el cuatro pasar\u00e1 a ser el instrumento m\u00e1s valioso y m\u00e1s apoyado por las instituciones gubernamentales e instituciones que apoyan el movimiento musical venezolano.<\/p>\n\n\n\n<p>En los \u00faltimos a\u00f1os el cuatro no ha dejado de subir y de darse a conocer dentro y fuera de Venezuela como un instrumento moderno y de grandes posibilidades, a pesar de su peque\u00f1o tama\u00f1o y de s\u00f3lo contar con cuatro cuerdas. &nbsp;Este a\u00f1o parece venir en grande con los diversos talleres, conciertos, audiciones, eventos, seminarios y actividades que se realizar\u00e1n en torno a esta declaratoria como patrimonio cultural.<\/p>\n\n\n\n<p>Aqu\u00ed les dejamos parte de lo que fue el acto donde se present\u00f3 al cuatro como nuevo patrimonio y se dio a conocer los detalles de lo que est\u00e1 planeado para este a\u00f1o 2013<\/p>\n\n\n\n<p>Primero un video donde se toca una canci\u00f3n que ya es cl\u00e1sica del cuatro venezolano, \u00abEl norte es una quimera\u00bb, una de las primeras canciones que se aprende a puntear en el cuatro cuando se est\u00e1 aprendiendo cuatro instrumental solista a nivel intermedio:<\/p>\n\n\n\n<figure class=\"wp-block-embed-youtube wp-block-embed is-type-video is-provider-youtube wp-embed-aspect-4-3 wp-has-aspect-ratio\"><div class=\"wp-block-embed__wrapper\">\n<iframe title=\"El Cuatro Venezolano: Patrimonio Cultural (Evento)\" width=\"800\" height=\"600\" src=\"https:\/\/www.youtube.com\/embed\/SoKx7Gp67Uc?feature=oembed\" frameborder=\"0\" allow=\"accelerometer; autoplay; encrypted-media; gyroscope; picture-in-picture\" allowfullscreen><\/iframe>\n<\/div><\/figure>\n\n\n\n<p>Celebrando el acto de la declaratoria del cuatro como patrimonio cultural de Venezuela con los cuatros en alto.<\/p>\n\n\n\n<p>Cheo Hurtado tocando con uno de los cuatristas m\u00e1s prodigiosos y m\u00e1s innovadores de la actualizada, el j\u00f3ven Marcel Montcourt.<\/p>\n\n\n\n<p>Marcel Montcourt tocando un solo de cuatro instrumental.<\/p>\n\n\n\n<p>Este es el a\u00f1o del cuatro, el a\u00f1o de nuestro instrumento m\u00e1s querido. &nbsp;En este acto se anunci\u00f3 a toda la prensa nacional que el a\u00f1o del cuatro viene lleno de eventos y conciertos para celebrar. &nbsp;En el acto participaron grandes personajes de la m\u00fasica y del cuatro venezolano como lo son \u00c1ngel Mart\u00ednez, Gustavo Colina, Luis Pino, Cheo Hurtado, Marcel Montcourt y Cecilia Todd.<\/p>\n\n\n\n<p>Adicionalmente, se realizar\u00e1 la pr\u00f3xima declaratoria del Cuatro como <a href=\"https:\/\/tucuatro.com\/camburpinton\/el-instrumento-nacional-de-venezuela\/\">patrimonio nacional<\/a> y cultural. Todo un hito para la historia <a href=\"https:\/\/tucuatro.com\/camburpinton\/folklore-o-folclore\/\">del folklore de nuestras tierras<\/a>.<\/p>\n","protected":false},"excerpt":{"rendered":"<p>El 9 de Abril de 2013 se realiz\u00f3 el acto formal para anunciar la declaratoria del cuatro como patrimonio cultural de venezuela. No podr\u00edamos estar m\u00e1s contentos&#8230; &nbsp;El cuatro va en buen camino a ser declarado como un patrimonio cultural en Venezuela. &nbsp;Esto significa que el cuatro pasar\u00e1 a ser el instrumento m\u00e1s valioso y [&hellip;]<\/p>\n","protected":false},"author":30,"featured_media":0,"comment_status":"open","ping_status":"open","sticky":false,"template":"","format":"standard","meta":{"content-type":"","footnotes":""},"categories":[30],"tags":[478,21,23,95,132],"class_list":["post-5808","post","type-post","status-publish","format-standard","hentry","category-noticias","tag-angel-martinez","tag-cheo-hurtado","tag-eventos","tag-luis-pino","tag-resena"],"yoast_head":"<!-- This site is optimized with the Yoast SEO plugin v27.2 - https:\/\/yoast.com\/product\/yoast-seo-wordpress\/ -->\n<title>La declaratoria del cuatro como patrimonio cultural (fotos) - CamburPinton<\/title>\n<meta name=\"description\" content=\"Mira las fotos del acto del a\u00f1o del cuatro venezolano con \u00c1ngel Mart\u00ednez, Gustavo Colina, Luis Pino, Cheo Hurtado, Marcel Montcourt y Cecilia Todd.\" \/>\n<meta name=\"robots\" content=\"index, follow, max-snippet:-1, max-image-preview:large, max-video-preview:-1\" \/>\n<link rel=\"canonical\" href=\"https:\/\/tucuatro.com\/camburpinton\/aqui-las-fotos-de-la-declaratoria-del-cuatro-como-patrimonio-cultural\/\" \/>\n<meta property=\"og:locale\" content=\"es_ES\" \/>\n<meta property=\"og:type\" content=\"article\" \/>\n<meta property=\"og:title\" content=\"La declaratoria del cuatro como patrimonio cultural (fotos) - CamburPinton\" \/>\n<meta property=\"og:description\" content=\"Mira las fotos del acto del a\u00f1o del cuatro venezolano con \u00c1ngel Mart\u00ednez, Gustavo Colina, Luis Pino, Cheo Hurtado, Marcel Montcourt y Cecilia Todd.\" \/>\n<meta property=\"og:url\" content=\"https:\/\/tucuatro.com\/camburpinton\/aqui-las-fotos-de-la-declaratoria-del-cuatro-como-patrimonio-cultural\/\" \/>\n<meta property=\"og:site_name\" content=\"CamburPinton\" \/>\n<meta property=\"article:published_time\" content=\"2013-04-16T02:26:09+00:00\" \/>\n<meta property=\"article:modified_time\" content=\"2020-08-09T19:51:47+00:00\" \/>\n<meta name=\"author\" content=\"Cambur Pinton\" \/>\n<meta name=\"twitter:card\" content=\"summary_large_image\" \/>\n<meta name=\"twitter:label1\" content=\"Escrito por\" \/>\n\t<meta name=\"twitter:data1\" content=\"Cambur Pinton\" \/>\n\t<meta name=\"twitter:label2\" content=\"Tiempo de lectura\" \/>\n\t<meta name=\"twitter:data2\" content=\"2 minutos\" \/>\n<script type=\"application\/ld+json\" class=\"yoast-schema-graph\">{\"@context\":\"https:\/\/schema.org\",\"@graph\":[{\"@type\":\"Article\",\"@id\":\"https:\/\/tucuatro.com\/camburpinton\/aqui-las-fotos-de-la-declaratoria-del-cuatro-como-patrimonio-cultural\/#article\",\"isPartOf\":{\"@id\":\"https:\/\/tucuatro.com\/camburpinton\/aqui-las-fotos-de-la-declaratoria-del-cuatro-como-patrimonio-cultural\/\"},\"author\":{\"name\":\"Cambur Pinton\",\"@id\":\"https:\/\/tucuatro.com\/camburpinton\/#\/schema\/person\/68ea61a1649e800be7dd6ae72475d1af\"},\"headline\":\"La declaratoria del cuatro como patrimonio cultural (fotos)\",\"datePublished\":\"2013-04-16T02:26:09+00:00\",\"dateModified\":\"2020-08-09T19:51:47+00:00\",\"mainEntityOfPage\":{\"@id\":\"https:\/\/tucuatro.com\/camburpinton\/aqui-las-fotos-de-la-declaratoria-del-cuatro-como-patrimonio-cultural\/\"},\"wordCount\":392,\"commentCount\":2,\"publisher\":{\"@id\":\"https:\/\/tucuatro.com\/camburpinton\/#organization\"},\"keywords\":[\"Angel Martinez\",\"Cheo Hurtado\",\"eventos\",\"luis pino\",\"rese\u00f1a\"],\"articleSection\":[\"Noticias\"],\"inLanguage\":\"es\",\"potentialAction\":[{\"@type\":\"CommentAction\",\"name\":\"Comment\",\"target\":[\"https:\/\/tucuatro.com\/camburpinton\/aqui-las-fotos-de-la-declaratoria-del-cuatro-como-patrimonio-cultural\/#respond\"]}]},{\"@type\":\"WebPage\",\"@id\":\"https:\/\/tucuatro.com\/camburpinton\/aqui-las-fotos-de-la-declaratoria-del-cuatro-como-patrimonio-cultural\/\",\"url\":\"https:\/\/tucuatro.com\/camburpinton\/aqui-las-fotos-de-la-declaratoria-del-cuatro-como-patrimonio-cultural\/\",\"name\":\"La declaratoria del cuatro como patrimonio cultural (fotos) - CamburPinton\",\"isPartOf\":{\"@id\":\"https:\/\/tucuatro.com\/camburpinton\/#website\"},\"datePublished\":\"2013-04-16T02:26:09+00:00\",\"dateModified\":\"2020-08-09T19:51:47+00:00\",\"description\":\"Mira las fotos del acto del a\u00f1o del cuatro venezolano con \u00c1ngel Mart\u00ednez, Gustavo Colina, Luis Pino, Cheo Hurtado, Marcel Montcourt y Cecilia Todd.\",\"breadcrumb\":{\"@id\":\"https:\/\/tucuatro.com\/camburpinton\/aqui-las-fotos-de-la-declaratoria-del-cuatro-como-patrimonio-cultural\/#breadcrumb\"},\"inLanguage\":\"es\",\"potentialAction\":[{\"@type\":\"ReadAction\",\"target\":[\"https:\/\/tucuatro.com\/camburpinton\/aqui-las-fotos-de-la-declaratoria-del-cuatro-como-patrimonio-cultural\/\"]}]},{\"@type\":\"BreadcrumbList\",\"@id\":\"https:\/\/tucuatro.com\/camburpinton\/aqui-las-fotos-de-la-declaratoria-del-cuatro-como-patrimonio-cultural\/#breadcrumb\",\"itemListElement\":[{\"@type\":\"ListItem\",\"position\":1,\"name\":\"Portada\",\"item\":\"https:\/\/tucuatro.com\/camburpinton\/\"},{\"@type\":\"ListItem\",\"position\":2,\"name\":\"La declaratoria del cuatro como patrimonio cultural (fotos)\"}]},{\"@type\":\"WebSite\",\"@id\":\"https:\/\/tucuatro.com\/camburpinton\/#website\",\"url\":\"https:\/\/tucuatro.com\/camburpinton\/\",\"name\":\"CamburPinton\",\"description\":\"El blog del Cuatro Venezolano, por TuCuatro\",\"publisher\":{\"@id\":\"https:\/\/tucuatro.com\/camburpinton\/#organization\"},\"potentialAction\":[{\"@type\":\"SearchAction\",\"target\":{\"@type\":\"EntryPoint\",\"urlTemplate\":\"https:\/\/tucuatro.com\/camburpinton\/?s={search_term_string}\"},\"query-input\":{\"@type\":\"PropertyValueSpecification\",\"valueRequired\":true,\"valueName\":\"search_term_string\"}}],\"inLanguage\":\"es\"},{\"@type\":\"Organization\",\"@id\":\"https:\/\/tucuatro.com\/camburpinton\/#organization\",\"name\":\"CamburPinton\",\"url\":\"https:\/\/tucuatro.com\/camburpinton\/\",\"logo\":{\"@type\":\"ImageObject\",\"inLanguage\":\"es\",\"@id\":\"https:\/\/tucuatro.com\/camburpinton\/#\/schema\/logo\/image\/\",\"url\":\"https:\/\/tucuatro.com\/camburpinton\/wp-content\/uploads\/sites\/5\/2020\/02\/fretboard_icon_black-64px.png\",\"contentUrl\":\"https:\/\/tucuatro.com\/camburpinton\/wp-content\/uploads\/sites\/5\/2020\/02\/fretboard_icon_black-64px.png\",\"width\":64,\"height\":107,\"caption\":\"CamburPinton\"},\"image\":{\"@id\":\"https:\/\/tucuatro.com\/camburpinton\/#\/schema\/logo\/image\/\"}},{\"@type\":\"Person\",\"@id\":\"https:\/\/tucuatro.com\/camburpinton\/#\/schema\/person\/68ea61a1649e800be7dd6ae72475d1af\",\"name\":\"Cambur Pinton\",\"image\":{\"@type\":\"ImageObject\",\"inLanguage\":\"es\",\"@id\":\"https:\/\/lh3.googleusercontent.com\/a\/AEdFTp4NQMwimY1QASsobdRfn2FegjEgYm4GD7ArdNpX=s96-c?sz=50\",\"url\":\"https:\/\/lh3.googleusercontent.com\/a\/AEdFTp4NQMwimY1QASsobdRfn2FegjEgYm4GD7ArdNpX=s96-c?sz=50\",\"contentUrl\":\"https:\/\/lh3.googleusercontent.com\/a\/AEdFTp4NQMwimY1QASsobdRfn2FegjEgYm4GD7ArdNpX=s96-c?sz=50\",\"caption\":\"Cambur Pinton\"},\"url\":\"https:\/\/tucuatro.com\/camburpinton\/author\/camburpinton\/\"}]}<\/script>\n<!-- \/ Yoast SEO plugin. -->","yoast_head_json":{"title":"La declaratoria del cuatro como patrimonio cultural (fotos) - CamburPinton","description":"Mira las fotos del acto del a\u00f1o del cuatro venezolano con \u00c1ngel Mart\u00ednez, Gustavo Colina, Luis Pino, Cheo Hurtado, Marcel Montcourt y Cecilia Todd.","robots":{"index":"index","follow":"follow","max-snippet":"max-snippet:-1","max-image-preview":"max-image-preview:large","max-video-preview":"max-video-preview:-1"},"canonical":"https:\/\/tucuatro.com\/camburpinton\/aqui-las-fotos-de-la-declaratoria-del-cuatro-como-patrimonio-cultural\/","og_locale":"es_ES","og_type":"article","og_title":"La declaratoria del cuatro como patrimonio cultural (fotos) - CamburPinton","og_description":"Mira las fotos del acto del a\u00f1o del cuatro venezolano con \u00c1ngel Mart\u00ednez, Gustavo Colina, Luis Pino, Cheo Hurtado, Marcel Montcourt y Cecilia Todd.","og_url":"https:\/\/tucuatro.com\/camburpinton\/aqui-las-fotos-de-la-declaratoria-del-cuatro-como-patrimonio-cultural\/","og_site_name":"CamburPinton","article_published_time":"2013-04-16T02:26:09+00:00","article_modified_time":"2020-08-09T19:51:47+00:00","author":"Cambur Pinton","twitter_card":"summary_large_image","twitter_misc":{"Escrito por":"Cambur Pinton","Tiempo de lectura":"2 minutos"},"schema":{"@context":"https:\/\/schema.org","@graph":[{"@type":"Article","@id":"https:\/\/tucuatro.com\/camburpinton\/aqui-las-fotos-de-la-declaratoria-del-cuatro-como-patrimonio-cultural\/#article","isPartOf":{"@id":"https:\/\/tucuatro.com\/camburpinton\/aqui-las-fotos-de-la-declaratoria-del-cuatro-como-patrimonio-cultural\/"},"author":{"name":"Cambur Pinton","@id":"https:\/\/tucuatro.com\/camburpinton\/#\/schema\/person\/68ea61a1649e800be7dd6ae72475d1af"},"headline":"La declaratoria del cuatro como patrimonio cultural (fotos)","datePublished":"2013-04-16T02:26:09+00:00","dateModified":"2020-08-09T19:51:47+00:00","mainEntityOfPage":{"@id":"https:\/\/tucuatro.com\/camburpinton\/aqui-las-fotos-de-la-declaratoria-del-cuatro-como-patrimonio-cultural\/"},"wordCount":392,"commentCount":2,"publisher":{"@id":"https:\/\/tucuatro.com\/camburpinton\/#organization"},"keywords":["Angel Martinez","Cheo Hurtado","eventos","luis pino","rese\u00f1a"],"articleSection":["Noticias"],"inLanguage":"es","potentialAction":[{"@type":"CommentAction","name":"Comment","target":["https:\/\/tucuatro.com\/camburpinton\/aqui-las-fotos-de-la-declaratoria-del-cuatro-como-patrimonio-cultural\/#respond"]}]},{"@type":"WebPage","@id":"https:\/\/tucuatro.com\/camburpinton\/aqui-las-fotos-de-la-declaratoria-del-cuatro-como-patrimonio-cultural\/","url":"https:\/\/tucuatro.com\/camburpinton\/aqui-las-fotos-de-la-declaratoria-del-cuatro-como-patrimonio-cultural\/","name":"La declaratoria del cuatro como patrimonio cultural (fotos) - CamburPinton","isPartOf":{"@id":"https:\/\/tucuatro.com\/camburpinton\/#website"},"datePublished":"2013-04-16T02:26:09+00:00","dateModified":"2020-08-09T19:51:47+00:00","description":"Mira las fotos del acto del a\u00f1o del cuatro venezolano con \u00c1ngel Mart\u00ednez, Gustavo Colina, Luis Pino, Cheo Hurtado, Marcel Montcourt y Cecilia Todd.","breadcrumb":{"@id":"https:\/\/tucuatro.com\/camburpinton\/aqui-las-fotos-de-la-declaratoria-del-cuatro-como-patrimonio-cultural\/#breadcrumb"},"inLanguage":"es","potentialAction":[{"@type":"ReadAction","target":["https:\/\/tucuatro.com\/camburpinton\/aqui-las-fotos-de-la-declaratoria-del-cuatro-como-patrimonio-cultural\/"]}]},{"@type":"BreadcrumbList","@id":"https:\/\/tucuatro.com\/camburpinton\/aqui-las-fotos-de-la-declaratoria-del-cuatro-como-patrimonio-cultural\/#breadcrumb","itemListElement":[{"@type":"ListItem","position":1,"name":"Portada","item":"https:\/\/tucuatro.com\/camburpinton\/"},{"@type":"ListItem","position":2,"name":"La declaratoria del cuatro como patrimonio cultural (fotos)"}]},{"@type":"WebSite","@id":"https:\/\/tucuatro.com\/camburpinton\/#website","url":"https:\/\/tucuatro.com\/camburpinton\/","name":"CamburPinton","description":"El blog del Cuatro Venezolano, por TuCuatro","publisher":{"@id":"https:\/\/tucuatro.com\/camburpinton\/#organization"},"potentialAction":[{"@type":"SearchAction","target":{"@type":"EntryPoint","urlTemplate":"https:\/\/tucuatro.com\/camburpinton\/?s={search_term_string}"},"query-input":{"@type":"PropertyValueSpecification","valueRequired":true,"valueName":"search_term_string"}}],"inLanguage":"es"},{"@type":"Organization","@id":"https:\/\/tucuatro.com\/camburpinton\/#organization","name":"CamburPinton","url":"https:\/\/tucuatro.com\/camburpinton\/","logo":{"@type":"ImageObject","inLanguage":"es","@id":"https:\/\/tucuatro.com\/camburpinton\/#\/schema\/logo\/image\/","url":"https:\/\/tucuatro.com\/camburpinton\/wp-content\/uploads\/sites\/5\/2020\/02\/fretboard_icon_black-64px.png","contentUrl":"https:\/\/tucuatro.com\/camburpinton\/wp-content\/uploads\/sites\/5\/2020\/02\/fretboard_icon_black-64px.png","width":64,"height":107,"caption":"CamburPinton"},"image":{"@id":"https:\/\/tucuatro.com\/camburpinton\/#\/schema\/logo\/image\/"}},{"@type":"Person","@id":"https:\/\/tucuatro.com\/camburpinton\/#\/schema\/person\/68ea61a1649e800be7dd6ae72475d1af","name":"Cambur Pinton","image":{"@type":"ImageObject","inLanguage":"es","@id":"https:\/\/lh3.googleusercontent.com\/a\/AEdFTp4NQMwimY1QASsobdRfn2FegjEgYm4GD7ArdNpX=s96-c?sz=50","url":"https:\/\/lh3.googleusercontent.com\/a\/AEdFTp4NQMwimY1QASsobdRfn2FegjEgYm4GD7ArdNpX=s96-c?sz=50","contentUrl":"https:\/\/lh3.googleusercontent.com\/a\/AEdFTp4NQMwimY1QASsobdRfn2FegjEgYm4GD7ArdNpX=s96-c?sz=50","caption":"Cambur Pinton"},"url":"https:\/\/tucuatro.com\/camburpinton\/author\/camburpinton\/"}]}},"_links":{"self":[{"href":"https:\/\/tucuatro.com\/camburpinton\/wp-json\/wp\/v2\/posts\/5808","targetHints":{"allow":["GET"]}}],"collection":[{"href":"https:\/\/tucuatro.com\/camburpinton\/wp-json\/wp\/v2\/posts"}],"about":[{"href":"https:\/\/tucuatro.com\/camburpinton\/wp-json\/wp\/v2\/types\/post"}],"author":[{"embeddable":true,"href":"https:\/\/tucuatro.com\/camburpinton\/wp-json\/wp\/v2\/users\/30"}],"replies":[{"embeddable":true,"href":"https:\/\/tucuatro.com\/camburpinton\/wp-json\/wp\/v2\/comments?post=5808"}],"version-history":[{"count":0,"href":"https:\/\/tucuatro.com\/camburpinton\/wp-json\/wp\/v2\/posts\/5808\/revisions"}],"wp:attachment":[{"href":"https:\/\/tucuatro.com\/camburpinton\/wp-json\/wp\/v2\/media?parent=5808"}],"wp:term":[{"taxonomy":"category","embeddable":true,"href":"https:\/\/tucuatro.com\/camburpinton\/wp-json\/wp\/v2\/categories?post=5808"},{"taxonomy":"post_tag","embeddable":true,"href":"https:\/\/tucuatro.com\/camburpinton\/wp-json\/wp\/v2\/tags?post=5808"}],"curies":[{"name":"wp","href":"https:\/\/api.w.org\/{rel}","templated":true}]}}