{"id":694,"date":"2013-08-04T19:27:33","date_gmt":"2013-08-04T23:27:33","guid":{"rendered":"http:\/\/info.tucuatro.com\/?p=694"},"modified":"2021-08-03T18:40:16","modified_gmt":"2021-08-03T22:40:16","slug":"c4-trio-realizo-taller-de-cuatro-contemporaneo-en-cultura-chacao","status":"publish","type":"post","link":"https:\/\/tucuatro.com\/camburpinton\/c4-trio-realizo-taller-de-cuatro-contemporaneo-en-cultura-chacao\/","title":{"rendered":"C4 Trio realiz\u00f3 taller de Cuatro Contempor\u00e1neo en Cultura Chacao"},"content":{"rendered":"<p>Recordando los comentarios que se hicieron en internet el dia que se realiz\u00f3 el taller de cuatro \u00abEl Cuatro Contempor\u00e1neo\u00bb dirigido por los cuatristas de C4 Trio. \u00a0Mira las fotos (lamentablemente, ya no disponibles en twitter) que publicara el festival Caracas en Contratiempo en Instagram, como parte de lo que sucedi\u00f3 durante el taller:<\/p>\n<p><a href=\"http:\/\/instagram.com\/p\/ckXAduytSG\/\">\u00a0<\/a><\/p>\n<blockquote><p>El futuro de un pa\u00eds reflejado en un ni\u00f1o inquieto y seguro de s\u00ed, que toca junto a\u00a0<a id=\".reactRoot[0].[0].[1].[0].0.[0].0.0.[0].[1].[1].[0].[0].0.[0].[1].[2][1].[1]\" href=\"http:\/\/instagram.com\/c4trio\">@c4trio<\/a>\u00a0en ek Taller de Cuatro contempor\u00e1neo\u00a0<a id=\".reactRoot[0].[0].[1].[0].0.[0].0.0.[0].[1].[1].[0].[0].0.[0].[1].[2][1].[3]\" href=\"http:\/\/instagram.com\/cculturalchacao\">@cculturalchacao<\/a>#EnContratiempo<br \/>\n#Musica\u00a0#cultura\u00a0#caracas#Venezuela<\/p><\/blockquote>\n<p><a href=\"http:\/\/distilleryimage9.ak.instagram.com\/aac757ccfc8811e2b88d22000a1fd1dd_7.jpg\">\u00a0<\/a><\/p>\n<blockquote><p>Los ni\u00f1os tambi\u00e9n comparten con\u00a0<a id=\".reactRoot[0].[0].[1].[0].0.[0].0.0.[0].[1].[1].[0].[0].0.[0].[1].[2][1].[1]\" href=\"http:\/\/instagram.com\/C4trio\">@C4trio<\/a>\u00a0en el Taller de Cuatro contempor\u00e1neo\u00a0<a id=\".reactRoot[0].[0].[1].[0].0.[0].0.0.[0].[1].[1].[0].[0].0.[0].[1].[2][1].[3]\" href=\"http:\/\/instagram.com\/cculturalchacao\">@cculturalchacao<\/a>#EnContratiempo<br \/>\n#Musica\u00a0#cultura\u00a0#caracas#Venezuela\u00a0#igersvenezuela<br \/>\n#igers\u00a0#musicos\u00a0<span style=\"font-size: 14px; font-weight: bold; line-height: 24px;\">#alegria#amor\u00a0#music<\/span><\/p><\/blockquote>\n<p>Todo el mundo estuvo presente con su cuatro tocando junto al grupo C4 Trio:<\/p>\n<p><a href=\"http:\/\/instagram.com\/p\/ckN6QgNZMy\/\">\u00a0<\/a><\/p>\n<blockquote><p>Los grandes del cuatro\u00a0<a id=\".reactRoot[0].[0].[1].[0].0.[0].0.0.[0].[1].[1].[0].[0].0.[0].[1].[2][1].[1]\" href=\"http:\/\/instagram.com\/c4trio\">@c4trio<\/a><\/p><\/blockquote>\n<div><\/div>\n<div>\n<blockquote><p><a href=\"https:\/\/twitter.com\/c4trio\">@c4trio<\/a> <a href=\"https:\/\/twitter.com\/HectorCuatrista\">@HectorCuatrista<\/a> en el taller de cuatro <a href=\"https:\/\/twitter.com\/ccscontratiempo\">@ccscontratiempo<\/a>.<\/p><\/blockquote>\n<\/div>\n<blockquote><p>Nuestra incre\u00edble audiencia de hoy en <a href=\"https:\/\/twitter.com\/ccscontratiempo\">@ccscontratiempo<\/a> Taller de <a href=\"https:\/\/twitter.com\/c4trio\">@c4trio<\/a> q tarde tan sabrosa!!<\/p><\/blockquote>\n<p>Jorge Glem tambi\u00e9n public\u00f3 en su instagram un bonito collage de lo que fue el taller de cuatro contempor\u00e1neo:<\/p>\n<p><a href=\"https:\/\/tucuatro.com\/info\/wp-content\/uploads\/sites\/5\/el-cuatro-contemporaneo-c4-trio.jpg\"><br \/>\n<\/a>La foto la comparte el mismo Jorge Glem quien expuso lo que fue el desarrollo del taller con sus propias palabras:<\/p>\n<blockquote><p>\u00abAyer fue un d\u00eda muy especial para @c4vzla compartir con tantos chamos enamorados de nuestro hermoso cuatro venezolano @ccscontratiempo gracias a todos los que asistieron al taller\u00bb<\/p><\/blockquote>\n","protected":false},"excerpt":{"rendered":"<p>Recordando los comentarios que se hicieron en internet el dia que se realiz\u00f3 el taller de cuatro \u00abEl Cuatro Contempor\u00e1neo\u00bb dirigido por los cuatristas de C4 Trio. \u00a0Mira las fotos (lamentablemente, ya no disponibles en twitter) que publicara el festival Caracas en Contratiempo en Instagram, como parte de lo que sucedi\u00f3 durante el taller: \u00a0 [&hellip;]<\/p>\n","protected":false},"author":5823,"featured_media":695,"comment_status":"open","ping_status":"open","sticky":false,"template":"","format":"standard","meta":{"content-type":"","footnotes":""},"categories":[30],"tags":[423,443,59],"class_list":["post-694","post","type-post","status-publish","format-standard","has-post-thumbnail","hentry","category-noticias","tag-c4-trio","tag-caracas-en-contratiempo","tag-jorge-glem"],"yoast_head":"<!-- This site is optimized with the Yoast SEO plugin v27.2 - https:\/\/yoast.com\/product\/yoast-seo-wordpress\/ -->\n<title>C4 Trio realiz\u00f3 taller de Cuatro Contempor\u00e1neo en Cultura Chacao - CamburPinton<\/title>\n<meta name=\"description\" content=\"Recordando los comentarios que se hicieron en internet el dia que se realiz\u00f3 el taller de cuatro &quot;El Cuatro Contempor\u00e1neo&quot; dirigido por los cuatristas de\" \/>\n<meta name=\"robots\" content=\"index, follow, max-snippet:-1, max-image-preview:large, max-video-preview:-1\" \/>\n<link rel=\"canonical\" href=\"https:\/\/tucuatro.com\/camburpinton\/c4-trio-realizo-taller-de-cuatro-contemporaneo-en-cultura-chacao\/\" \/>\n<meta property=\"og:locale\" content=\"es_ES\" \/>\n<meta property=\"og:type\" content=\"article\" \/>\n<meta property=\"og:title\" content=\"C4 Trio realiz\u00f3 taller de Cuatro Contempor\u00e1neo en Cultura Chacao - CamburPinton\" \/>\n<meta property=\"og:description\" content=\"Recordando los comentarios que se hicieron en internet el dia que se realiz\u00f3 el taller de cuatro &quot;El Cuatro Contempor\u00e1neo&quot; dirigido por los cuatristas de\" \/>\n<meta property=\"og:url\" content=\"https:\/\/tucuatro.com\/camburpinton\/c4-trio-realizo-taller-de-cuatro-contemporaneo-en-cultura-chacao\/\" \/>\n<meta property=\"og:site_name\" content=\"CamburPinton\" \/>\n<meta property=\"article:published_time\" content=\"2013-08-04T23:27:33+00:00\" \/>\n<meta property=\"article:modified_time\" content=\"2021-08-03T22:40:16+00:00\" \/>\n<meta name=\"author\" content=\"noticiastucuatro\" \/>\n<meta name=\"twitter:card\" content=\"summary_large_image\" \/>\n<meta name=\"twitter:label1\" content=\"Escrito por\" \/>\n\t<meta name=\"twitter:data1\" content=\"noticiastucuatro\" \/>\n\t<meta name=\"twitter:label2\" content=\"Tiempo de lectura\" \/>\n\t<meta name=\"twitter:data2\" content=\"1 minuto\" \/>\n<script type=\"application\/ld+json\" class=\"yoast-schema-graph\">{\"@context\":\"https:\/\/schema.org\",\"@graph\":[{\"@type\":\"Article\",\"@id\":\"https:\/\/tucuatro.com\/camburpinton\/c4-trio-realizo-taller-de-cuatro-contemporaneo-en-cultura-chacao\/#article\",\"isPartOf\":{\"@id\":\"https:\/\/tucuatro.com\/camburpinton\/c4-trio-realizo-taller-de-cuatro-contemporaneo-en-cultura-chacao\/\"},\"author\":{\"name\":\"noticiastucuatro\",\"@id\":\"https:\/\/tucuatro.com\/camburpinton\/#\/schema\/person\/bfbf34069d0728d153d7624713ba0f73\"},\"headline\":\"C4 Trio realiz\u00f3 taller de Cuatro Contempor\u00e1neo en Cultura Chacao\",\"datePublished\":\"2013-08-04T23:27:33+00:00\",\"dateModified\":\"2021-08-03T22:40:16+00:00\",\"mainEntityOfPage\":{\"@id\":\"https:\/\/tucuatro.com\/camburpinton\/c4-trio-realizo-taller-de-cuatro-contemporaneo-en-cultura-chacao\/\"},\"wordCount\":245,\"commentCount\":1,\"publisher\":{\"@id\":\"https:\/\/tucuatro.com\/camburpinton\/#organization\"},\"image\":{\"@id\":\"https:\/\/tucuatro.com\/camburpinton\/c4-trio-realizo-taller-de-cuatro-contemporaneo-en-cultura-chacao\/#primaryimage\"},\"thumbnailUrl\":\"\",\"keywords\":[\"c4 trio\",\"caracas en contratiempo\",\"jorge glem\"],\"articleSection\":[\"Noticias\"],\"inLanguage\":\"es\",\"potentialAction\":[{\"@type\":\"CommentAction\",\"name\":\"Comment\",\"target\":[\"https:\/\/tucuatro.com\/camburpinton\/c4-trio-realizo-taller-de-cuatro-contemporaneo-en-cultura-chacao\/#respond\"]}]},{\"@type\":\"WebPage\",\"@id\":\"https:\/\/tucuatro.com\/camburpinton\/c4-trio-realizo-taller-de-cuatro-contemporaneo-en-cultura-chacao\/\",\"url\":\"https:\/\/tucuatro.com\/camburpinton\/c4-trio-realizo-taller-de-cuatro-contemporaneo-en-cultura-chacao\/\",\"name\":\"C4 Trio realiz\u00f3 taller de Cuatro Contempor\u00e1neo en Cultura Chacao - CamburPinton\",\"isPartOf\":{\"@id\":\"https:\/\/tucuatro.com\/camburpinton\/#website\"},\"primaryImageOfPage\":{\"@id\":\"https:\/\/tucuatro.com\/camburpinton\/c4-trio-realizo-taller-de-cuatro-contemporaneo-en-cultura-chacao\/#primaryimage\"},\"image\":{\"@id\":\"https:\/\/tucuatro.com\/camburpinton\/c4-trio-realizo-taller-de-cuatro-contemporaneo-en-cultura-chacao\/#primaryimage\"},\"thumbnailUrl\":\"\",\"datePublished\":\"2013-08-04T23:27:33+00:00\",\"dateModified\":\"2021-08-03T22:40:16+00:00\",\"description\":\"Recordando los comentarios que se hicieron en internet el dia que se realiz\u00f3 el taller de cuatro \\\"El Cuatro Contempor\u00e1neo\\\" dirigido por los cuatristas de\",\"breadcrumb\":{\"@id\":\"https:\/\/tucuatro.com\/camburpinton\/c4-trio-realizo-taller-de-cuatro-contemporaneo-en-cultura-chacao\/#breadcrumb\"},\"inLanguage\":\"es\",\"potentialAction\":[{\"@type\":\"ReadAction\",\"target\":[\"https:\/\/tucuatro.com\/camburpinton\/c4-trio-realizo-taller-de-cuatro-contemporaneo-en-cultura-chacao\/\"]}]},{\"@type\":\"ImageObject\",\"inLanguage\":\"es\",\"@id\":\"https:\/\/tucuatro.com\/camburpinton\/c4-trio-realizo-taller-de-cuatro-contemporaneo-en-cultura-chacao\/#primaryimage\",\"url\":\"\",\"contentUrl\":\"\"},{\"@type\":\"BreadcrumbList\",\"@id\":\"https:\/\/tucuatro.com\/camburpinton\/c4-trio-realizo-taller-de-cuatro-contemporaneo-en-cultura-chacao\/#breadcrumb\",\"itemListElement\":[{\"@type\":\"ListItem\",\"position\":1,\"name\":\"Portada\",\"item\":\"https:\/\/tucuatro.com\/camburpinton\/\"},{\"@type\":\"ListItem\",\"position\":2,\"name\":\"C4 Trio realiz\u00f3 taller de Cuatro Contempor\u00e1neo en Cultura Chacao\"}]},{\"@type\":\"WebSite\",\"@id\":\"https:\/\/tucuatro.com\/camburpinton\/#website\",\"url\":\"https:\/\/tucuatro.com\/camburpinton\/\",\"name\":\"CamburPinton\",\"description\":\"El blog del Cuatro Venezolano, por TuCuatro\",\"publisher\":{\"@id\":\"https:\/\/tucuatro.com\/camburpinton\/#organization\"},\"potentialAction\":[{\"@type\":\"SearchAction\",\"target\":{\"@type\":\"EntryPoint\",\"urlTemplate\":\"https:\/\/tucuatro.com\/camburpinton\/?s={search_term_string}\"},\"query-input\":{\"@type\":\"PropertyValueSpecification\",\"valueRequired\":true,\"valueName\":\"search_term_string\"}}],\"inLanguage\":\"es\"},{\"@type\":\"Organization\",\"@id\":\"https:\/\/tucuatro.com\/camburpinton\/#organization\",\"name\":\"CamburPinton\",\"url\":\"https:\/\/tucuatro.com\/camburpinton\/\",\"logo\":{\"@type\":\"ImageObject\",\"inLanguage\":\"es\",\"@id\":\"https:\/\/tucuatro.com\/camburpinton\/#\/schema\/logo\/image\/\",\"url\":\"https:\/\/tucuatro.com\/camburpinton\/wp-content\/uploads\/sites\/5\/2020\/02\/fretboard_icon_black-64px.png\",\"contentUrl\":\"https:\/\/tucuatro.com\/camburpinton\/wp-content\/uploads\/sites\/5\/2020\/02\/fretboard_icon_black-64px.png\",\"width\":64,\"height\":107,\"caption\":\"CamburPinton\"},\"image\":{\"@id\":\"https:\/\/tucuatro.com\/camburpinton\/#\/schema\/logo\/image\/\"}},{\"@type\":\"Person\",\"@id\":\"https:\/\/tucuatro.com\/camburpinton\/#\/schema\/person\/bfbf34069d0728d153d7624713ba0f73\",\"name\":\"noticiastucuatro\",\"image\":{\"@type\":\"ImageObject\",\"inLanguage\":\"es\",\"@id\":\"https:\/\/secure.gravatar.com\/avatar\/fe802946c5fe8e2e31c544c3648f4a0e025f4e341fb6fecfd30ca95f639cd33e?s=96&d=mm&r=g\",\"url\":\"https:\/\/secure.gravatar.com\/avatar\/fe802946c5fe8e2e31c544c3648f4a0e025f4e341fb6fecfd30ca95f639cd33e?s=96&d=mm&r=g\",\"contentUrl\":\"https:\/\/secure.gravatar.com\/avatar\/fe802946c5fe8e2e31c544c3648f4a0e025f4e341fb6fecfd30ca95f639cd33e?s=96&d=mm&r=g\",\"caption\":\"noticiastucuatro\"},\"url\":\"https:\/\/tucuatro.com\/camburpinton\/author\/noticiastucuatro\/\"}]}<\/script>\n<!-- \/ Yoast SEO plugin. -->","yoast_head_json":{"title":"C4 Trio realiz\u00f3 taller de Cuatro Contempor\u00e1neo en Cultura Chacao - CamburPinton","description":"Recordando los comentarios que se hicieron en internet el dia que se realiz\u00f3 el taller de cuatro \"El Cuatro Contempor\u00e1neo\" dirigido por los cuatristas de","robots":{"index":"index","follow":"follow","max-snippet":"max-snippet:-1","max-image-preview":"max-image-preview:large","max-video-preview":"max-video-preview:-1"},"canonical":"https:\/\/tucuatro.com\/camburpinton\/c4-trio-realizo-taller-de-cuatro-contemporaneo-en-cultura-chacao\/","og_locale":"es_ES","og_type":"article","og_title":"C4 Trio realiz\u00f3 taller de Cuatro Contempor\u00e1neo en Cultura Chacao - CamburPinton","og_description":"Recordando los comentarios que se hicieron en internet el dia que se realiz\u00f3 el taller de cuatro \"El Cuatro Contempor\u00e1neo\" dirigido por los cuatristas de","og_url":"https:\/\/tucuatro.com\/camburpinton\/c4-trio-realizo-taller-de-cuatro-contemporaneo-en-cultura-chacao\/","og_site_name":"CamburPinton","article_published_time":"2013-08-04T23:27:33+00:00","article_modified_time":"2021-08-03T22:40:16+00:00","author":"noticiastucuatro","twitter_card":"summary_large_image","twitter_misc":{"Escrito por":"noticiastucuatro","Tiempo de lectura":"1 minuto"},"schema":{"@context":"https:\/\/schema.org","@graph":[{"@type":"Article","@id":"https:\/\/tucuatro.com\/camburpinton\/c4-trio-realizo-taller-de-cuatro-contemporaneo-en-cultura-chacao\/#article","isPartOf":{"@id":"https:\/\/tucuatro.com\/camburpinton\/c4-trio-realizo-taller-de-cuatro-contemporaneo-en-cultura-chacao\/"},"author":{"name":"noticiastucuatro","@id":"https:\/\/tucuatro.com\/camburpinton\/#\/schema\/person\/bfbf34069d0728d153d7624713ba0f73"},"headline":"C4 Trio realiz\u00f3 taller de Cuatro Contempor\u00e1neo en Cultura Chacao","datePublished":"2013-08-04T23:27:33+00:00","dateModified":"2021-08-03T22:40:16+00:00","mainEntityOfPage":{"@id":"https:\/\/tucuatro.com\/camburpinton\/c4-trio-realizo-taller-de-cuatro-contemporaneo-en-cultura-chacao\/"},"wordCount":245,"commentCount":1,"publisher":{"@id":"https:\/\/tucuatro.com\/camburpinton\/#organization"},"image":{"@id":"https:\/\/tucuatro.com\/camburpinton\/c4-trio-realizo-taller-de-cuatro-contemporaneo-en-cultura-chacao\/#primaryimage"},"thumbnailUrl":"","keywords":["c4 trio","caracas en contratiempo","jorge glem"],"articleSection":["Noticias"],"inLanguage":"es","potentialAction":[{"@type":"CommentAction","name":"Comment","target":["https:\/\/tucuatro.com\/camburpinton\/c4-trio-realizo-taller-de-cuatro-contemporaneo-en-cultura-chacao\/#respond"]}]},{"@type":"WebPage","@id":"https:\/\/tucuatro.com\/camburpinton\/c4-trio-realizo-taller-de-cuatro-contemporaneo-en-cultura-chacao\/","url":"https:\/\/tucuatro.com\/camburpinton\/c4-trio-realizo-taller-de-cuatro-contemporaneo-en-cultura-chacao\/","name":"C4 Trio realiz\u00f3 taller de Cuatro Contempor\u00e1neo en Cultura Chacao - CamburPinton","isPartOf":{"@id":"https:\/\/tucuatro.com\/camburpinton\/#website"},"primaryImageOfPage":{"@id":"https:\/\/tucuatro.com\/camburpinton\/c4-trio-realizo-taller-de-cuatro-contemporaneo-en-cultura-chacao\/#primaryimage"},"image":{"@id":"https:\/\/tucuatro.com\/camburpinton\/c4-trio-realizo-taller-de-cuatro-contemporaneo-en-cultura-chacao\/#primaryimage"},"thumbnailUrl":"","datePublished":"2013-08-04T23:27:33+00:00","dateModified":"2021-08-03T22:40:16+00:00","description":"Recordando los comentarios que se hicieron en internet el dia que se realiz\u00f3 el taller de cuatro \"El Cuatro Contempor\u00e1neo\" dirigido por los cuatristas de","breadcrumb":{"@id":"https:\/\/tucuatro.com\/camburpinton\/c4-trio-realizo-taller-de-cuatro-contemporaneo-en-cultura-chacao\/#breadcrumb"},"inLanguage":"es","potentialAction":[{"@type":"ReadAction","target":["https:\/\/tucuatro.com\/camburpinton\/c4-trio-realizo-taller-de-cuatro-contemporaneo-en-cultura-chacao\/"]}]},{"@type":"ImageObject","inLanguage":"es","@id":"https:\/\/tucuatro.com\/camburpinton\/c4-trio-realizo-taller-de-cuatro-contemporaneo-en-cultura-chacao\/#primaryimage","url":"","contentUrl":""},{"@type":"BreadcrumbList","@id":"https:\/\/tucuatro.com\/camburpinton\/c4-trio-realizo-taller-de-cuatro-contemporaneo-en-cultura-chacao\/#breadcrumb","itemListElement":[{"@type":"ListItem","position":1,"name":"Portada","item":"https:\/\/tucuatro.com\/camburpinton\/"},{"@type":"ListItem","position":2,"name":"C4 Trio realiz\u00f3 taller de Cuatro Contempor\u00e1neo en Cultura Chacao"}]},{"@type":"WebSite","@id":"https:\/\/tucuatro.com\/camburpinton\/#website","url":"https:\/\/tucuatro.com\/camburpinton\/","name":"CamburPinton","description":"El blog del Cuatro Venezolano, por TuCuatro","publisher":{"@id":"https:\/\/tucuatro.com\/camburpinton\/#organization"},"potentialAction":[{"@type":"SearchAction","target":{"@type":"EntryPoint","urlTemplate":"https:\/\/tucuatro.com\/camburpinton\/?s={search_term_string}"},"query-input":{"@type":"PropertyValueSpecification","valueRequired":true,"valueName":"search_term_string"}}],"inLanguage":"es"},{"@type":"Organization","@id":"https:\/\/tucuatro.com\/camburpinton\/#organization","name":"CamburPinton","url":"https:\/\/tucuatro.com\/camburpinton\/","logo":{"@type":"ImageObject","inLanguage":"es","@id":"https:\/\/tucuatro.com\/camburpinton\/#\/schema\/logo\/image\/","url":"https:\/\/tucuatro.com\/camburpinton\/wp-content\/uploads\/sites\/5\/2020\/02\/fretboard_icon_black-64px.png","contentUrl":"https:\/\/tucuatro.com\/camburpinton\/wp-content\/uploads\/sites\/5\/2020\/02\/fretboard_icon_black-64px.png","width":64,"height":107,"caption":"CamburPinton"},"image":{"@id":"https:\/\/tucuatro.com\/camburpinton\/#\/schema\/logo\/image\/"}},{"@type":"Person","@id":"https:\/\/tucuatro.com\/camburpinton\/#\/schema\/person\/bfbf34069d0728d153d7624713ba0f73","name":"noticiastucuatro","image":{"@type":"ImageObject","inLanguage":"es","@id":"https:\/\/secure.gravatar.com\/avatar\/fe802946c5fe8e2e31c544c3648f4a0e025f4e341fb6fecfd30ca95f639cd33e?s=96&d=mm&r=g","url":"https:\/\/secure.gravatar.com\/avatar\/fe802946c5fe8e2e31c544c3648f4a0e025f4e341fb6fecfd30ca95f639cd33e?s=96&d=mm&r=g","contentUrl":"https:\/\/secure.gravatar.com\/avatar\/fe802946c5fe8e2e31c544c3648f4a0e025f4e341fb6fecfd30ca95f639cd33e?s=96&d=mm&r=g","caption":"noticiastucuatro"},"url":"https:\/\/tucuatro.com\/camburpinton\/author\/noticiastucuatro\/"}]}},"_links":{"self":[{"href":"https:\/\/tucuatro.com\/camburpinton\/wp-json\/wp\/v2\/posts\/694","targetHints":{"allow":["GET"]}}],"collection":[{"href":"https:\/\/tucuatro.com\/camburpinton\/wp-json\/wp\/v2\/posts"}],"about":[{"href":"https:\/\/tucuatro.com\/camburpinton\/wp-json\/wp\/v2\/types\/post"}],"author":[{"embeddable":true,"href":"https:\/\/tucuatro.com\/camburpinton\/wp-json\/wp\/v2\/users\/5823"}],"replies":[{"embeddable":true,"href":"https:\/\/tucuatro.com\/camburpinton\/wp-json\/wp\/v2\/comments?post=694"}],"version-history":[{"count":0,"href":"https:\/\/tucuatro.com\/camburpinton\/wp-json\/wp\/v2\/posts\/694\/revisions"}],"wp:featuredmedia":[{"embeddable":true,"href":"https:\/\/tucuatro.com\/camburpinton\/wp-json\/"}],"wp:attachment":[{"href":"https:\/\/tucuatro.com\/camburpinton\/wp-json\/wp\/v2\/media?parent=694"}],"wp:term":[{"taxonomy":"category","embeddable":true,"href":"https:\/\/tucuatro.com\/camburpinton\/wp-json\/wp\/v2\/categories?post=694"},{"taxonomy":"post_tag","embeddable":true,"href":"https:\/\/tucuatro.com\/camburpinton\/wp-json\/wp\/v2\/tags?post=694"}],"curies":[{"name":"wp","href":"https:\/\/api.w.org\/{rel}","templated":true}]}}