{"id":6941,"date":"2014-06-01T12:28:34","date_gmt":"2014-06-01T16:58:34","guid":{"rendered":"https:\/\/tucuatro.com\/camburpinton\/?p=6941"},"modified":"2020-08-09T14:39:50","modified_gmt":"2020-08-09T18:39:50","slug":"tonada-del-cabrestero-de-simon-diaz-por-eloy-miranda","status":"publish","type":"post","link":"https:\/\/tucuatro.com\/camburpinton\/tonada-del-cabrestero-de-simon-diaz-por-eloy-miranda\/","title":{"rendered":"Tonada del cabrestero de Sim\u00f3n D\u00edaz por Eloy Miranda"},"content":{"rendered":"\n<p>En este video podr\u00e1s observar al cuatrista y profesor Eloy Miranda interpretando la Tonada del Cabrestero de Sim\u00f3n D\u00edaz<\/p>\n\n\n\n<figure class=\"wp-block-embed-youtube wp-block-embed is-type-video is-provider-youtube wp-embed-aspect-16-9 wp-has-aspect-ratio\"><div class=\"wp-block-embed__wrapper\">\n<iframe title=\"Tonada Llanera Mitos y Realidades\" width=\"800\" height=\"450\" src=\"https:\/\/www.youtube.com\/embed\/BoZCGGqF7Cs?feature=oembed\" frameborder=\"0\" allow=\"accelerometer; autoplay; encrypted-media; gyroscope; picture-in-picture\" allowfullscreen><\/iframe>\n<\/div><\/figure>\n\n\n\n<h3 class=\"wp-block-heading\">Camino del llano viene, puntero en la soledad&#8230;<\/h3>\n\n\n\n<p>La interpretaci\u00f3n de Eloy Miranda es&nbsp;una bonita versi\u00f3n para cuatro solista de su creaci\u00f3n&nbsp;para el disfrute de todos nosotros.<\/p>\n\n\n\n<p>Vale la pena acotar que esta&nbsp;canci\u00f3n de Sim\u00f3n D\u00edaz fue presentada en la pel\u00edcula \u00abIsla de Sal\u00bb en el a\u00f1o 1964, de la cual se guarda un recuerdo en video. &nbsp;Puedes ver la participaci\u00f3n de&nbsp;Sim\u00f3n D\u00edaz cantando su tonada del Cabrestero en el siguiente&nbsp;video:<\/p>\n\n\n\n<figure class=\"wp-block-embed-youtube wp-block-embed is-type-video is-provider-youtube wp-embed-aspect-4-3 wp-has-aspect-ratio\"><div class=\"wp-block-embed__wrapper\">\n<iframe title=\"Simon Diaz-Tonada del cabestrero\" width=\"800\" height=\"600\" src=\"https:\/\/www.youtube.com\/embed\/xsee-3S-Lok?feature=oembed\" frameborder=\"0\" allow=\"accelerometer; autoplay; encrypted-media; gyroscope; picture-in-picture\" allowfullscreen><\/iframe>\n<\/div><\/figure>\n\n\n\n<p>Adem\u00e1s si quieres sacarte los acordes de esta canci\u00f3n, entra a MiCuatro para que puedas ver c\u00f3mo tocarla con tu cuatro venezolano:<\/p>\n\n\n\n<figure class=\"wp-block-embed\"><div class=\"wp-block-embed__wrapper\">\nhttps:\/\/micuatro.com\/acordes\/2010\/03\/tonada-del-cabrestero\/\n<\/div><\/figure>\n\n\n\n<p>Lee las noticias del 2014 con respecto a <a href=\"https:\/\/tucuatro.com\/camburpinton\/el-homenaje-al-tio-simon-que-todos-estabamos-esperando\/\">los homenajes que se le hicieron al Tio Sim\u00f3n<\/a>.<\/p>\n\n\n\n<p>Tambi\u00e9n puedes entrar ac\u00e1 para <a href=\"https:\/\/tucuatro.com\/camburpinton\/letras-y-acordes-de-simon-diaz\/\">aprender las letras y acordes de las canciones de Sim\u00f3n D\u00edaz.<\/a><\/p>\n","protected":false},"excerpt":{"rendered":"<p>En este video podr\u00e1s observar al cuatrista y profesor Eloy Miranda interpretando la Tonada del Cabrestero de Sim\u00f3n D\u00edaz Camino del llano viene, puntero en la soledad&#8230; La interpretaci\u00f3n de Eloy Miranda es&nbsp;una bonita versi\u00f3n para cuatro solista de su creaci\u00f3n&nbsp;para el disfrute de todos nosotros. Vale la pena acotar que esta&nbsp;canci\u00f3n de Sim\u00f3n D\u00edaz [&hellip;]<\/p>\n","protected":false},"author":30,"featured_media":0,"comment_status":"open","ping_status":"open","sticky":false,"template":"","format":"standard","meta":{"content-type":"","footnotes":""},"categories":[2],"tags":[519,139,415,52],"class_list":["post-6941","post","type-post","status-publish","format-standard","hentry","category-cuatro","tag-cabrestero","tag-eloy-miranda","tag-simon-diaz","tag-video"],"yoast_head":"<!-- This site is optimized with the Yoast SEO plugin v27.2 - https:\/\/yoast.com\/product\/yoast-seo-wordpress\/ -->\n<title>Tonada del cabrestero de Sim\u00f3n D\u00edaz por Eloy Miranda - CamburPinton<\/title>\n<meta name=\"description\" content=\"Escucha esta hermosa canci\u00f3n de Sim\u00f3n D\u00edaz tocada en el cuatro por el cu\" \/>\n<meta name=\"robots\" content=\"index, follow, max-snippet:-1, max-image-preview:large, max-video-preview:-1\" \/>\n<link rel=\"canonical\" href=\"https:\/\/tucuatro.com\/camburpinton\/tonada-del-cabrestero-de-simon-diaz-por-eloy-miranda\/\" \/>\n<meta property=\"og:locale\" content=\"es_ES\" \/>\n<meta property=\"og:type\" content=\"article\" \/>\n<meta property=\"og:title\" content=\"Tonada del cabrestero de Sim\u00f3n D\u00edaz por Eloy Miranda - CamburPinton\" \/>\n<meta property=\"og:description\" content=\"Escucha esta hermosa canci\u00f3n de Sim\u00f3n D\u00edaz tocada en el cuatro por el cu\" \/>\n<meta property=\"og:url\" content=\"https:\/\/tucuatro.com\/camburpinton\/tonada-del-cabrestero-de-simon-diaz-por-eloy-miranda\/\" \/>\n<meta property=\"og:site_name\" content=\"CamburPinton\" \/>\n<meta property=\"article:published_time\" content=\"2014-06-01T16:58:34+00:00\" \/>\n<meta property=\"article:modified_time\" content=\"2020-08-09T18:39:50+00:00\" \/>\n<meta name=\"author\" content=\"Cambur Pinton\" \/>\n<meta name=\"twitter:card\" content=\"summary_large_image\" \/>\n<meta name=\"twitter:label1\" content=\"Escrito por\" \/>\n\t<meta name=\"twitter:data1\" content=\"Cambur Pinton\" \/>\n\t<meta name=\"twitter:label2\" content=\"Tiempo de lectura\" \/>\n\t<meta name=\"twitter:data2\" content=\"1 minuto\" \/>\n<script type=\"application\/ld+json\" class=\"yoast-schema-graph\">{\"@context\":\"https:\/\/schema.org\",\"@graph\":[{\"@type\":\"Article\",\"@id\":\"https:\/\/tucuatro.com\/camburpinton\/tonada-del-cabrestero-de-simon-diaz-por-eloy-miranda\/#article\",\"isPartOf\":{\"@id\":\"https:\/\/tucuatro.com\/camburpinton\/tonada-del-cabrestero-de-simon-diaz-por-eloy-miranda\/\"},\"author\":{\"name\":\"Cambur Pinton\",\"@id\":\"https:\/\/tucuatro.com\/camburpinton\/#\/schema\/person\/68ea61a1649e800be7dd6ae72475d1af\"},\"headline\":\"Tonada del cabrestero de Sim\u00f3n D\u00edaz por Eloy Miranda\",\"datePublished\":\"2014-06-01T16:58:34+00:00\",\"dateModified\":\"2020-08-09T18:39:50+00:00\",\"mainEntityOfPage\":{\"@id\":\"https:\/\/tucuatro.com\/camburpinton\/tonada-del-cabrestero-de-simon-diaz-por-eloy-miranda\/\"},\"wordCount\":207,\"commentCount\":2,\"publisher\":{\"@id\":\"https:\/\/tucuatro.com\/camburpinton\/#organization\"},\"keywords\":[\"Cabrestero\",\"eloy miranda\",\"simon diaz\",\"video\"],\"articleSection\":[\"Cuatro Instrumento Musical\"],\"inLanguage\":\"es\",\"potentialAction\":[{\"@type\":\"CommentAction\",\"name\":\"Comment\",\"target\":[\"https:\/\/tucuatro.com\/camburpinton\/tonada-del-cabrestero-de-simon-diaz-por-eloy-miranda\/#respond\"]}]},{\"@type\":\"WebPage\",\"@id\":\"https:\/\/tucuatro.com\/camburpinton\/tonada-del-cabrestero-de-simon-diaz-por-eloy-miranda\/\",\"url\":\"https:\/\/tucuatro.com\/camburpinton\/tonada-del-cabrestero-de-simon-diaz-por-eloy-miranda\/\",\"name\":\"Tonada del cabrestero de Sim\u00f3n D\u00edaz por Eloy Miranda - CamburPinton\",\"isPartOf\":{\"@id\":\"https:\/\/tucuatro.com\/camburpinton\/#website\"},\"datePublished\":\"2014-06-01T16:58:34+00:00\",\"dateModified\":\"2020-08-09T18:39:50+00:00\",\"description\":\"Escucha esta hermosa canci\u00f3n de Sim\u00f3n D\u00edaz tocada en el cuatro por el cu\",\"breadcrumb\":{\"@id\":\"https:\/\/tucuatro.com\/camburpinton\/tonada-del-cabrestero-de-simon-diaz-por-eloy-miranda\/#breadcrumb\"},\"inLanguage\":\"es\",\"potentialAction\":[{\"@type\":\"ReadAction\",\"target\":[\"https:\/\/tucuatro.com\/camburpinton\/tonada-del-cabrestero-de-simon-diaz-por-eloy-miranda\/\"]}]},{\"@type\":\"BreadcrumbList\",\"@id\":\"https:\/\/tucuatro.com\/camburpinton\/tonada-del-cabrestero-de-simon-diaz-por-eloy-miranda\/#breadcrumb\",\"itemListElement\":[{\"@type\":\"ListItem\",\"position\":1,\"name\":\"Portada\",\"item\":\"https:\/\/tucuatro.com\/camburpinton\/\"},{\"@type\":\"ListItem\",\"position\":2,\"name\":\"Tonada del cabrestero de Sim\u00f3n D\u00edaz por Eloy Miranda\"}]},{\"@type\":\"WebSite\",\"@id\":\"https:\/\/tucuatro.com\/camburpinton\/#website\",\"url\":\"https:\/\/tucuatro.com\/camburpinton\/\",\"name\":\"CamburPinton\",\"description\":\"El blog del Cuatro Venezolano, por TuCuatro\",\"publisher\":{\"@id\":\"https:\/\/tucuatro.com\/camburpinton\/#organization\"},\"potentialAction\":[{\"@type\":\"SearchAction\",\"target\":{\"@type\":\"EntryPoint\",\"urlTemplate\":\"https:\/\/tucuatro.com\/camburpinton\/?s={search_term_string}\"},\"query-input\":{\"@type\":\"PropertyValueSpecification\",\"valueRequired\":true,\"valueName\":\"search_term_string\"}}],\"inLanguage\":\"es\"},{\"@type\":\"Organization\",\"@id\":\"https:\/\/tucuatro.com\/camburpinton\/#organization\",\"name\":\"CamburPinton\",\"url\":\"https:\/\/tucuatro.com\/camburpinton\/\",\"logo\":{\"@type\":\"ImageObject\",\"inLanguage\":\"es\",\"@id\":\"https:\/\/tucuatro.com\/camburpinton\/#\/schema\/logo\/image\/\",\"url\":\"https:\/\/tucuatro.com\/camburpinton\/wp-content\/uploads\/sites\/5\/2020\/02\/fretboard_icon_black-64px.png\",\"contentUrl\":\"https:\/\/tucuatro.com\/camburpinton\/wp-content\/uploads\/sites\/5\/2020\/02\/fretboard_icon_black-64px.png\",\"width\":64,\"height\":107,\"caption\":\"CamburPinton\"},\"image\":{\"@id\":\"https:\/\/tucuatro.com\/camburpinton\/#\/schema\/logo\/image\/\"}},{\"@type\":\"Person\",\"@id\":\"https:\/\/tucuatro.com\/camburpinton\/#\/schema\/person\/68ea61a1649e800be7dd6ae72475d1af\",\"name\":\"Cambur Pinton\",\"image\":{\"@type\":\"ImageObject\",\"inLanguage\":\"es\",\"@id\":\"https:\/\/lh3.googleusercontent.com\/a\/AEdFTp4NQMwimY1QASsobdRfn2FegjEgYm4GD7ArdNpX=s96-c?sz=50\",\"url\":\"https:\/\/lh3.googleusercontent.com\/a\/AEdFTp4NQMwimY1QASsobdRfn2FegjEgYm4GD7ArdNpX=s96-c?sz=50\",\"contentUrl\":\"https:\/\/lh3.googleusercontent.com\/a\/AEdFTp4NQMwimY1QASsobdRfn2FegjEgYm4GD7ArdNpX=s96-c?sz=50\",\"caption\":\"Cambur Pinton\"},\"url\":\"https:\/\/tucuatro.com\/camburpinton\/author\/camburpinton\/\"}]}<\/script>\n<!-- \/ Yoast SEO plugin. -->","yoast_head_json":{"title":"Tonada del cabrestero de Sim\u00f3n D\u00edaz por Eloy Miranda - CamburPinton","description":"Escucha esta hermosa canci\u00f3n de Sim\u00f3n D\u00edaz tocada en el cuatro por el cu","robots":{"index":"index","follow":"follow","max-snippet":"max-snippet:-1","max-image-preview":"max-image-preview:large","max-video-preview":"max-video-preview:-1"},"canonical":"https:\/\/tucuatro.com\/camburpinton\/tonada-del-cabrestero-de-simon-diaz-por-eloy-miranda\/","og_locale":"es_ES","og_type":"article","og_title":"Tonada del cabrestero de Sim\u00f3n D\u00edaz por Eloy Miranda - CamburPinton","og_description":"Escucha esta hermosa canci\u00f3n de Sim\u00f3n D\u00edaz tocada en el cuatro por el cu","og_url":"https:\/\/tucuatro.com\/camburpinton\/tonada-del-cabrestero-de-simon-diaz-por-eloy-miranda\/","og_site_name":"CamburPinton","article_published_time":"2014-06-01T16:58:34+00:00","article_modified_time":"2020-08-09T18:39:50+00:00","author":"Cambur Pinton","twitter_card":"summary_large_image","twitter_misc":{"Escrito por":"Cambur Pinton","Tiempo de lectura":"1 minuto"},"schema":{"@context":"https:\/\/schema.org","@graph":[{"@type":"Article","@id":"https:\/\/tucuatro.com\/camburpinton\/tonada-del-cabrestero-de-simon-diaz-por-eloy-miranda\/#article","isPartOf":{"@id":"https:\/\/tucuatro.com\/camburpinton\/tonada-del-cabrestero-de-simon-diaz-por-eloy-miranda\/"},"author":{"name":"Cambur Pinton","@id":"https:\/\/tucuatro.com\/camburpinton\/#\/schema\/person\/68ea61a1649e800be7dd6ae72475d1af"},"headline":"Tonada del cabrestero de Sim\u00f3n D\u00edaz por Eloy Miranda","datePublished":"2014-06-01T16:58:34+00:00","dateModified":"2020-08-09T18:39:50+00:00","mainEntityOfPage":{"@id":"https:\/\/tucuatro.com\/camburpinton\/tonada-del-cabrestero-de-simon-diaz-por-eloy-miranda\/"},"wordCount":207,"commentCount":2,"publisher":{"@id":"https:\/\/tucuatro.com\/camburpinton\/#organization"},"keywords":["Cabrestero","eloy miranda","simon diaz","video"],"articleSection":["Cuatro Instrumento Musical"],"inLanguage":"es","potentialAction":[{"@type":"CommentAction","name":"Comment","target":["https:\/\/tucuatro.com\/camburpinton\/tonada-del-cabrestero-de-simon-diaz-por-eloy-miranda\/#respond"]}]},{"@type":"WebPage","@id":"https:\/\/tucuatro.com\/camburpinton\/tonada-del-cabrestero-de-simon-diaz-por-eloy-miranda\/","url":"https:\/\/tucuatro.com\/camburpinton\/tonada-del-cabrestero-de-simon-diaz-por-eloy-miranda\/","name":"Tonada del cabrestero de Sim\u00f3n D\u00edaz por Eloy Miranda - CamburPinton","isPartOf":{"@id":"https:\/\/tucuatro.com\/camburpinton\/#website"},"datePublished":"2014-06-01T16:58:34+00:00","dateModified":"2020-08-09T18:39:50+00:00","description":"Escucha esta hermosa canci\u00f3n de Sim\u00f3n D\u00edaz tocada en el cuatro por el cu","breadcrumb":{"@id":"https:\/\/tucuatro.com\/camburpinton\/tonada-del-cabrestero-de-simon-diaz-por-eloy-miranda\/#breadcrumb"},"inLanguage":"es","potentialAction":[{"@type":"ReadAction","target":["https:\/\/tucuatro.com\/camburpinton\/tonada-del-cabrestero-de-simon-diaz-por-eloy-miranda\/"]}]},{"@type":"BreadcrumbList","@id":"https:\/\/tucuatro.com\/camburpinton\/tonada-del-cabrestero-de-simon-diaz-por-eloy-miranda\/#breadcrumb","itemListElement":[{"@type":"ListItem","position":1,"name":"Portada","item":"https:\/\/tucuatro.com\/camburpinton\/"},{"@type":"ListItem","position":2,"name":"Tonada del cabrestero de Sim\u00f3n D\u00edaz por Eloy Miranda"}]},{"@type":"WebSite","@id":"https:\/\/tucuatro.com\/camburpinton\/#website","url":"https:\/\/tucuatro.com\/camburpinton\/","name":"CamburPinton","description":"El blog del Cuatro Venezolano, por TuCuatro","publisher":{"@id":"https:\/\/tucuatro.com\/camburpinton\/#organization"},"potentialAction":[{"@type":"SearchAction","target":{"@type":"EntryPoint","urlTemplate":"https:\/\/tucuatro.com\/camburpinton\/?s={search_term_string}"},"query-input":{"@type":"PropertyValueSpecification","valueRequired":true,"valueName":"search_term_string"}}],"inLanguage":"es"},{"@type":"Organization","@id":"https:\/\/tucuatro.com\/camburpinton\/#organization","name":"CamburPinton","url":"https:\/\/tucuatro.com\/camburpinton\/","logo":{"@type":"ImageObject","inLanguage":"es","@id":"https:\/\/tucuatro.com\/camburpinton\/#\/schema\/logo\/image\/","url":"https:\/\/tucuatro.com\/camburpinton\/wp-content\/uploads\/sites\/5\/2020\/02\/fretboard_icon_black-64px.png","contentUrl":"https:\/\/tucuatro.com\/camburpinton\/wp-content\/uploads\/sites\/5\/2020\/02\/fretboard_icon_black-64px.png","width":64,"height":107,"caption":"CamburPinton"},"image":{"@id":"https:\/\/tucuatro.com\/camburpinton\/#\/schema\/logo\/image\/"}},{"@type":"Person","@id":"https:\/\/tucuatro.com\/camburpinton\/#\/schema\/person\/68ea61a1649e800be7dd6ae72475d1af","name":"Cambur Pinton","image":{"@type":"ImageObject","inLanguage":"es","@id":"https:\/\/lh3.googleusercontent.com\/a\/AEdFTp4NQMwimY1QASsobdRfn2FegjEgYm4GD7ArdNpX=s96-c?sz=50","url":"https:\/\/lh3.googleusercontent.com\/a\/AEdFTp4NQMwimY1QASsobdRfn2FegjEgYm4GD7ArdNpX=s96-c?sz=50","contentUrl":"https:\/\/lh3.googleusercontent.com\/a\/AEdFTp4NQMwimY1QASsobdRfn2FegjEgYm4GD7ArdNpX=s96-c?sz=50","caption":"Cambur Pinton"},"url":"https:\/\/tucuatro.com\/camburpinton\/author\/camburpinton\/"}]}},"_links":{"self":[{"href":"https:\/\/tucuatro.com\/camburpinton\/wp-json\/wp\/v2\/posts\/6941","targetHints":{"allow":["GET"]}}],"collection":[{"href":"https:\/\/tucuatro.com\/camburpinton\/wp-json\/wp\/v2\/posts"}],"about":[{"href":"https:\/\/tucuatro.com\/camburpinton\/wp-json\/wp\/v2\/types\/post"}],"author":[{"embeddable":true,"href":"https:\/\/tucuatro.com\/camburpinton\/wp-json\/wp\/v2\/users\/30"}],"replies":[{"embeddable":true,"href":"https:\/\/tucuatro.com\/camburpinton\/wp-json\/wp\/v2\/comments?post=6941"}],"version-history":[{"count":0,"href":"https:\/\/tucuatro.com\/camburpinton\/wp-json\/wp\/v2\/posts\/6941\/revisions"}],"wp:attachment":[{"href":"https:\/\/tucuatro.com\/camburpinton\/wp-json\/wp\/v2\/media?parent=6941"}],"wp:term":[{"taxonomy":"category","embeddable":true,"href":"https:\/\/tucuatro.com\/camburpinton\/wp-json\/wp\/v2\/categories?post=6941"},{"taxonomy":"post_tag","embeddable":true,"href":"https:\/\/tucuatro.com\/camburpinton\/wp-json\/wp\/v2\/tags?post=6941"}],"curies":[{"name":"wp","href":"https:\/\/api.w.org\/{rel}","templated":true}]}}