{"id":7173,"date":"2014-11-24T18:17:30","date_gmt":"2014-11-24T22:47:30","guid":{"rendered":"https:\/\/tucuatro.com\/camburpinton\/?p=7173"},"modified":"2020-02-22T13:29:06","modified_gmt":"2020-02-22T17:29:06","slug":"disfruta-de-la-dimension-latina-en-la-plaza-diego-ibarra","status":"publish","type":"post","link":"https:\/\/tucuatro.com\/camburpinton\/disfruta-de-la-dimension-latina-en-la-plaza-diego-ibarra\/","title":{"rendered":"Disfruta de La Dimensi\u00f3n Latina en la Plaza Diego Ibarra"},"content":{"rendered":"<p>A agrupaci\u00f3n venezolana de salsa La Dimensi\u00f3n Latina se estar\u00e1 presentando en la Plaza Diego Ibarra este domingo 30 de Noviembre a las 5:00pm.<\/p>\n<p>La entrada es gratuita y puedes asistir para verlos tocar junto a otras agrupaciones como La Charanga Habanera, Oscarcito, Salsarria y Vivctor Manuelle, quienes tambi\u00e9n se estar\u00e1n presentando como parte del Festival Suena Caracs 2014.<\/p>\n<figure id=\"attachment_7228\" aria-describedby=\"caption-attachment-7228\" style=\"width: 500px\" class=\"wp-caption aligncenter\"><img fetchpriority=\"high\" decoding=\"async\" class=\"size-full wp-image-7228\" src=\"https:\/\/tucuatro.com\/wp-content\/uploads\/sites\/3\/2014\/11\/Dimensi\u00f3n-Latina.jpg\" alt=\"Dimensi\u00f3n Latina\" width=\"500\" height=\"341\" \/><figcaption id=\"caption-attachment-7228\" class=\"wp-caption-text\">Dimensi\u00f3n Latina. Cr\u00e9ditos Foto: salserodeacero<\/figcaption><\/figure>\n<h3>Sobre La Dimensi\u00f3n Latina<\/h3>\n<p>Es una agrupaci\u00f3n venezolana de salsa fundada en Caracas en 1972. Es uno de los m\u00e1s exitosos e influyentes grupos musicales formados en Venezuela y el representante m\u00e1s reconocido del pa\u00eds en el g\u00e9nero salsa.<\/p>\n<p>Durante los a\u00f1os 1970 y 1980 la Dimensi\u00f3n Latina fue la agrupaci\u00f3n bandera de Venezuela en la llamada edad de la oro de la salsa, produciendo una larga discograf\u00eda que generaron extensas giras internacionales.<\/p>\n<figure id=\"attachment_7227\" aria-describedby=\"caption-attachment-7227\" style=\"width: 460px\" class=\"wp-caption aligncenter\"><img decoding=\"async\" class=\"size-full wp-image-7227\" src=\"https:\/\/tucuatro.com\/wp-content\/uploads\/sites\/3\/2014\/11\/La-Dimensi\u00f3n-Latina.png\" alt=\"Dimensi\u00f3n Latina. Cr\u00e9ditos Foto: El Nacional\" width=\"460\" height=\"257\" \/><figcaption id=\"caption-attachment-7227\" class=\"wp-caption-text\">Dimensi\u00f3n Latina. Cr\u00e9ditos Foto: El Nacional<\/figcaption><\/figure>\n<p>Adquiere los discos de la Dimensi\u00f3n Latina en iTunes:<\/p>\n<ul>\n<li><a href=\"https:\/\/itunes.apple.com\/ca\/album\/cinco-estrellas-con-la-dimension\/id264063167?uo=4&amp;at=11lNUE\">Cinco Estrellas Con la Dimension Latina &#8211; Dimensi\u00f3n Latina<\/a><\/li>\n<li><a href=\"https:\/\/itunes.apple.com\/ca\/album\/los-generales-de-la-salsa\/id264064516?uo=4&amp;at=11lNUE\">Los Generales de la Salsa &#8211; Dimensi\u00f3n Latina<\/a><\/li>\n<li><a href=\"https:\/\/itunes.apple.com\/ca\/album\/la-dimension-latina-los-anos\/id428600413?uo=4&amp;at=11lNUE\">La Dimensi\u00f3n Latina: Los A\u00f1os de Oro, 30 Cl\u00e1sicos &#8211; Dimensi\u00f3n Latina<\/a><\/li>\n<\/ul>\n<p>&nbsp;<\/p>\n<p>&nbsp;<\/p>\n","protected":false},"excerpt":{"rendered":"<p>A agrupaci\u00f3n venezolana de salsa La Dimensi\u00f3n Latina se estar\u00e1 presentando en la Plaza Diego Ibarra este domingo 30 de Noviembre a las 5:00pm. La entrada es gratuita y puedes asistir para verlos tocar junto a otras agrupaciones como La Charanga Habanera, Oscarcito, Salsarria y Vivctor Manuelle, quienes tambi\u00e9n se estar\u00e1n presentando como parte del [&hellip;]<\/p>\n","protected":false},"author":30,"featured_media":0,"comment_status":"open","ping_status":"open","sticky":false,"template":"","format":"standard","meta":{"content-type":"","footnotes":""},"categories":[30],"tags":[457,63,569,563,564],"class_list":["post-7173","post","type-post","status-publish","format-standard","hentry","category-noticias","tag-caracas","tag-concierto","tag-dimension-latina","tag-suena-caracas","tag-suena-caracas-2014"],"yoast_head":"<!-- This site is optimized with the Yoast SEO plugin v27.2 - https:\/\/yoast.com\/product\/yoast-seo-wordpress\/ -->\n<title>Disfruta de La Dimensi\u00f3n Latina en la Plaza Diego Ibarra - CamburPinton<\/title>\n<meta name=\"description\" content=\"A agrupaci\u00f3n venezolana de salsa La Dimensi\u00f3n Latina se estar\u00e1 presentando en la Plaza Diego Ibarra este domingo 30 de Noviembre a las 5:00pm. La entrada\" \/>\n<meta name=\"robots\" content=\"index, follow, max-snippet:-1, max-image-preview:large, max-video-preview:-1\" \/>\n<link rel=\"canonical\" href=\"https:\/\/tucuatro.com\/camburpinton\/disfruta-de-la-dimension-latina-en-la-plaza-diego-ibarra\/\" \/>\n<meta property=\"og:locale\" content=\"es_ES\" \/>\n<meta property=\"og:type\" content=\"article\" \/>\n<meta property=\"og:title\" content=\"Disfruta de La Dimensi\u00f3n Latina en la Plaza Diego Ibarra - CamburPinton\" \/>\n<meta property=\"og:description\" content=\"A agrupaci\u00f3n venezolana de salsa La Dimensi\u00f3n Latina se estar\u00e1 presentando en la Plaza Diego Ibarra este domingo 30 de Noviembre a las 5:00pm. La entrada\" \/>\n<meta property=\"og:url\" content=\"https:\/\/tucuatro.com\/camburpinton\/disfruta-de-la-dimension-latina-en-la-plaza-diego-ibarra\/\" \/>\n<meta property=\"og:site_name\" content=\"CamburPinton\" \/>\n<meta property=\"article:published_time\" content=\"2014-11-24T22:47:30+00:00\" \/>\n<meta property=\"article:modified_time\" content=\"2020-02-22T17:29:06+00:00\" \/>\n<meta name=\"author\" content=\"Cambur Pinton\" \/>\n<meta name=\"twitter:card\" content=\"summary_large_image\" \/>\n<meta name=\"twitter:label1\" content=\"Escrito por\" \/>\n\t<meta name=\"twitter:data1\" content=\"Cambur Pinton\" \/>\n\t<meta name=\"twitter:label2\" content=\"Tiempo de lectura\" \/>\n\t<meta name=\"twitter:data2\" content=\"1 minuto\" \/>\n<script type=\"application\/ld+json\" class=\"yoast-schema-graph\">{\"@context\":\"https:\/\/schema.org\",\"@graph\":[{\"@type\":\"Article\",\"@id\":\"https:\/\/tucuatro.com\/camburpinton\/disfruta-de-la-dimension-latina-en-la-plaza-diego-ibarra\/#article\",\"isPartOf\":{\"@id\":\"https:\/\/tucuatro.com\/camburpinton\/disfruta-de-la-dimension-latina-en-la-plaza-diego-ibarra\/\"},\"author\":{\"name\":\"Cambur Pinton\",\"@id\":\"https:\/\/tucuatro.com\/camburpinton\/#\/schema\/person\/68ea61a1649e800be7dd6ae72475d1af\"},\"headline\":\"Disfruta de La Dimensi\u00f3n Latina en la Plaza Diego Ibarra\",\"datePublished\":\"2014-11-24T22:47:30+00:00\",\"dateModified\":\"2020-02-22T17:29:06+00:00\",\"mainEntityOfPage\":{\"@id\":\"https:\/\/tucuatro.com\/camburpinton\/disfruta-de-la-dimension-latina-en-la-plaza-diego-ibarra\/\"},\"wordCount\":227,\"commentCount\":0,\"publisher\":{\"@id\":\"https:\/\/tucuatro.com\/camburpinton\/#organization\"},\"keywords\":[\"Caracas\",\"concierto\",\"Dimensi\u00f3n Latina\",\"Suena Caracas\",\"Suena Caracas 2014\"],\"articleSection\":[\"Noticias\"],\"inLanguage\":\"es\",\"potentialAction\":[{\"@type\":\"CommentAction\",\"name\":\"Comment\",\"target\":[\"https:\/\/tucuatro.com\/camburpinton\/disfruta-de-la-dimension-latina-en-la-plaza-diego-ibarra\/#respond\"]}]},{\"@type\":\"WebPage\",\"@id\":\"https:\/\/tucuatro.com\/camburpinton\/disfruta-de-la-dimension-latina-en-la-plaza-diego-ibarra\/\",\"url\":\"https:\/\/tucuatro.com\/camburpinton\/disfruta-de-la-dimension-latina-en-la-plaza-diego-ibarra\/\",\"name\":\"Disfruta de La Dimensi\u00f3n Latina en la Plaza Diego Ibarra - CamburPinton\",\"isPartOf\":{\"@id\":\"https:\/\/tucuatro.com\/camburpinton\/#website\"},\"datePublished\":\"2014-11-24T22:47:30+00:00\",\"dateModified\":\"2020-02-22T17:29:06+00:00\",\"description\":\"A agrupaci\u00f3n venezolana de salsa La Dimensi\u00f3n Latina se estar\u00e1 presentando en la Plaza Diego Ibarra este domingo 30 de Noviembre a las 5:00pm. La entrada\",\"breadcrumb\":{\"@id\":\"https:\/\/tucuatro.com\/camburpinton\/disfruta-de-la-dimension-latina-en-la-plaza-diego-ibarra\/#breadcrumb\"},\"inLanguage\":\"es\",\"potentialAction\":[{\"@type\":\"ReadAction\",\"target\":[\"https:\/\/tucuatro.com\/camburpinton\/disfruta-de-la-dimension-latina-en-la-plaza-diego-ibarra\/\"]}]},{\"@type\":\"BreadcrumbList\",\"@id\":\"https:\/\/tucuatro.com\/camburpinton\/disfruta-de-la-dimension-latina-en-la-plaza-diego-ibarra\/#breadcrumb\",\"itemListElement\":[{\"@type\":\"ListItem\",\"position\":1,\"name\":\"Portada\",\"item\":\"https:\/\/tucuatro.com\/camburpinton\/\"},{\"@type\":\"ListItem\",\"position\":2,\"name\":\"Disfruta de La Dimensi\u00f3n Latina en la Plaza Diego Ibarra\"}]},{\"@type\":\"WebSite\",\"@id\":\"https:\/\/tucuatro.com\/camburpinton\/#website\",\"url\":\"https:\/\/tucuatro.com\/camburpinton\/\",\"name\":\"CamburPinton\",\"description\":\"El blog del Cuatro Venezolano, por TuCuatro\",\"publisher\":{\"@id\":\"https:\/\/tucuatro.com\/camburpinton\/#organization\"},\"potentialAction\":[{\"@type\":\"SearchAction\",\"target\":{\"@type\":\"EntryPoint\",\"urlTemplate\":\"https:\/\/tucuatro.com\/camburpinton\/?s={search_term_string}\"},\"query-input\":{\"@type\":\"PropertyValueSpecification\",\"valueRequired\":true,\"valueName\":\"search_term_string\"}}],\"inLanguage\":\"es\"},{\"@type\":\"Organization\",\"@id\":\"https:\/\/tucuatro.com\/camburpinton\/#organization\",\"name\":\"CamburPinton\",\"url\":\"https:\/\/tucuatro.com\/camburpinton\/\",\"logo\":{\"@type\":\"ImageObject\",\"inLanguage\":\"es\",\"@id\":\"https:\/\/tucuatro.com\/camburpinton\/#\/schema\/logo\/image\/\",\"url\":\"https:\/\/tucuatro.com\/camburpinton\/wp-content\/uploads\/sites\/5\/2020\/02\/fretboard_icon_black-64px.png\",\"contentUrl\":\"https:\/\/tucuatro.com\/camburpinton\/wp-content\/uploads\/sites\/5\/2020\/02\/fretboard_icon_black-64px.png\",\"width\":64,\"height\":107,\"caption\":\"CamburPinton\"},\"image\":{\"@id\":\"https:\/\/tucuatro.com\/camburpinton\/#\/schema\/logo\/image\/\"}},{\"@type\":\"Person\",\"@id\":\"https:\/\/tucuatro.com\/camburpinton\/#\/schema\/person\/68ea61a1649e800be7dd6ae72475d1af\",\"name\":\"Cambur Pinton\",\"image\":{\"@type\":\"ImageObject\",\"inLanguage\":\"es\",\"@id\":\"https:\/\/lh3.googleusercontent.com\/a\/AEdFTp4NQMwimY1QASsobdRfn2FegjEgYm4GD7ArdNpX=s96-c?sz=50\",\"url\":\"https:\/\/lh3.googleusercontent.com\/a\/AEdFTp4NQMwimY1QASsobdRfn2FegjEgYm4GD7ArdNpX=s96-c?sz=50\",\"contentUrl\":\"https:\/\/lh3.googleusercontent.com\/a\/AEdFTp4NQMwimY1QASsobdRfn2FegjEgYm4GD7ArdNpX=s96-c?sz=50\",\"caption\":\"Cambur Pinton\"},\"url\":\"https:\/\/tucuatro.com\/camburpinton\/author\/camburpinton\/\"}]}<\/script>\n<!-- \/ Yoast SEO plugin. -->","yoast_head_json":{"title":"Disfruta de La Dimensi\u00f3n Latina en la Plaza Diego Ibarra - CamburPinton","description":"A agrupaci\u00f3n venezolana de salsa La Dimensi\u00f3n Latina se estar\u00e1 presentando en la Plaza Diego Ibarra este domingo 30 de Noviembre a las 5:00pm. La entrada","robots":{"index":"index","follow":"follow","max-snippet":"max-snippet:-1","max-image-preview":"max-image-preview:large","max-video-preview":"max-video-preview:-1"},"canonical":"https:\/\/tucuatro.com\/camburpinton\/disfruta-de-la-dimension-latina-en-la-plaza-diego-ibarra\/","og_locale":"es_ES","og_type":"article","og_title":"Disfruta de La Dimensi\u00f3n Latina en la Plaza Diego Ibarra - CamburPinton","og_description":"A agrupaci\u00f3n venezolana de salsa La Dimensi\u00f3n Latina se estar\u00e1 presentando en la Plaza Diego Ibarra este domingo 30 de Noviembre a las 5:00pm. La entrada","og_url":"https:\/\/tucuatro.com\/camburpinton\/disfruta-de-la-dimension-latina-en-la-plaza-diego-ibarra\/","og_site_name":"CamburPinton","article_published_time":"2014-11-24T22:47:30+00:00","article_modified_time":"2020-02-22T17:29:06+00:00","author":"Cambur Pinton","twitter_card":"summary_large_image","twitter_misc":{"Escrito por":"Cambur Pinton","Tiempo de lectura":"1 minuto"},"schema":{"@context":"https:\/\/schema.org","@graph":[{"@type":"Article","@id":"https:\/\/tucuatro.com\/camburpinton\/disfruta-de-la-dimension-latina-en-la-plaza-diego-ibarra\/#article","isPartOf":{"@id":"https:\/\/tucuatro.com\/camburpinton\/disfruta-de-la-dimension-latina-en-la-plaza-diego-ibarra\/"},"author":{"name":"Cambur Pinton","@id":"https:\/\/tucuatro.com\/camburpinton\/#\/schema\/person\/68ea61a1649e800be7dd6ae72475d1af"},"headline":"Disfruta de La Dimensi\u00f3n Latina en la Plaza Diego Ibarra","datePublished":"2014-11-24T22:47:30+00:00","dateModified":"2020-02-22T17:29:06+00:00","mainEntityOfPage":{"@id":"https:\/\/tucuatro.com\/camburpinton\/disfruta-de-la-dimension-latina-en-la-plaza-diego-ibarra\/"},"wordCount":227,"commentCount":0,"publisher":{"@id":"https:\/\/tucuatro.com\/camburpinton\/#organization"},"keywords":["Caracas","concierto","Dimensi\u00f3n Latina","Suena Caracas","Suena Caracas 2014"],"articleSection":["Noticias"],"inLanguage":"es","potentialAction":[{"@type":"CommentAction","name":"Comment","target":["https:\/\/tucuatro.com\/camburpinton\/disfruta-de-la-dimension-latina-en-la-plaza-diego-ibarra\/#respond"]}]},{"@type":"WebPage","@id":"https:\/\/tucuatro.com\/camburpinton\/disfruta-de-la-dimension-latina-en-la-plaza-diego-ibarra\/","url":"https:\/\/tucuatro.com\/camburpinton\/disfruta-de-la-dimension-latina-en-la-plaza-diego-ibarra\/","name":"Disfruta de La Dimensi\u00f3n Latina en la Plaza Diego Ibarra - CamburPinton","isPartOf":{"@id":"https:\/\/tucuatro.com\/camburpinton\/#website"},"datePublished":"2014-11-24T22:47:30+00:00","dateModified":"2020-02-22T17:29:06+00:00","description":"A agrupaci\u00f3n venezolana de salsa La Dimensi\u00f3n Latina se estar\u00e1 presentando en la Plaza Diego Ibarra este domingo 30 de Noviembre a las 5:00pm. La entrada","breadcrumb":{"@id":"https:\/\/tucuatro.com\/camburpinton\/disfruta-de-la-dimension-latina-en-la-plaza-diego-ibarra\/#breadcrumb"},"inLanguage":"es","potentialAction":[{"@type":"ReadAction","target":["https:\/\/tucuatro.com\/camburpinton\/disfruta-de-la-dimension-latina-en-la-plaza-diego-ibarra\/"]}]},{"@type":"BreadcrumbList","@id":"https:\/\/tucuatro.com\/camburpinton\/disfruta-de-la-dimension-latina-en-la-plaza-diego-ibarra\/#breadcrumb","itemListElement":[{"@type":"ListItem","position":1,"name":"Portada","item":"https:\/\/tucuatro.com\/camburpinton\/"},{"@type":"ListItem","position":2,"name":"Disfruta de La Dimensi\u00f3n Latina en la Plaza Diego Ibarra"}]},{"@type":"WebSite","@id":"https:\/\/tucuatro.com\/camburpinton\/#website","url":"https:\/\/tucuatro.com\/camburpinton\/","name":"CamburPinton","description":"El blog del Cuatro Venezolano, por TuCuatro","publisher":{"@id":"https:\/\/tucuatro.com\/camburpinton\/#organization"},"potentialAction":[{"@type":"SearchAction","target":{"@type":"EntryPoint","urlTemplate":"https:\/\/tucuatro.com\/camburpinton\/?s={search_term_string}"},"query-input":{"@type":"PropertyValueSpecification","valueRequired":true,"valueName":"search_term_string"}}],"inLanguage":"es"},{"@type":"Organization","@id":"https:\/\/tucuatro.com\/camburpinton\/#organization","name":"CamburPinton","url":"https:\/\/tucuatro.com\/camburpinton\/","logo":{"@type":"ImageObject","inLanguage":"es","@id":"https:\/\/tucuatro.com\/camburpinton\/#\/schema\/logo\/image\/","url":"https:\/\/tucuatro.com\/camburpinton\/wp-content\/uploads\/sites\/5\/2020\/02\/fretboard_icon_black-64px.png","contentUrl":"https:\/\/tucuatro.com\/camburpinton\/wp-content\/uploads\/sites\/5\/2020\/02\/fretboard_icon_black-64px.png","width":64,"height":107,"caption":"CamburPinton"},"image":{"@id":"https:\/\/tucuatro.com\/camburpinton\/#\/schema\/logo\/image\/"}},{"@type":"Person","@id":"https:\/\/tucuatro.com\/camburpinton\/#\/schema\/person\/68ea61a1649e800be7dd6ae72475d1af","name":"Cambur Pinton","image":{"@type":"ImageObject","inLanguage":"es","@id":"https:\/\/lh3.googleusercontent.com\/a\/AEdFTp4NQMwimY1QASsobdRfn2FegjEgYm4GD7ArdNpX=s96-c?sz=50","url":"https:\/\/lh3.googleusercontent.com\/a\/AEdFTp4NQMwimY1QASsobdRfn2FegjEgYm4GD7ArdNpX=s96-c?sz=50","contentUrl":"https:\/\/lh3.googleusercontent.com\/a\/AEdFTp4NQMwimY1QASsobdRfn2FegjEgYm4GD7ArdNpX=s96-c?sz=50","caption":"Cambur Pinton"},"url":"https:\/\/tucuatro.com\/camburpinton\/author\/camburpinton\/"}]}},"_links":{"self":[{"href":"https:\/\/tucuatro.com\/camburpinton\/wp-json\/wp\/v2\/posts\/7173","targetHints":{"allow":["GET"]}}],"collection":[{"href":"https:\/\/tucuatro.com\/camburpinton\/wp-json\/wp\/v2\/posts"}],"about":[{"href":"https:\/\/tucuatro.com\/camburpinton\/wp-json\/wp\/v2\/types\/post"}],"author":[{"embeddable":true,"href":"https:\/\/tucuatro.com\/camburpinton\/wp-json\/wp\/v2\/users\/30"}],"replies":[{"embeddable":true,"href":"https:\/\/tucuatro.com\/camburpinton\/wp-json\/wp\/v2\/comments?post=7173"}],"version-history":[{"count":0,"href":"https:\/\/tucuatro.com\/camburpinton\/wp-json\/wp\/v2\/posts\/7173\/revisions"}],"wp:attachment":[{"href":"https:\/\/tucuatro.com\/camburpinton\/wp-json\/wp\/v2\/media?parent=7173"}],"wp:term":[{"taxonomy":"category","embeddable":true,"href":"https:\/\/tucuatro.com\/camburpinton\/wp-json\/wp\/v2\/categories?post=7173"},{"taxonomy":"post_tag","embeddable":true,"href":"https:\/\/tucuatro.com\/camburpinton\/wp-json\/wp\/v2\/tags?post=7173"}],"curies":[{"name":"wp","href":"https:\/\/api.w.org\/{rel}","templated":true}]}}