{"id":7389,"date":"2014-12-17T15:30:05","date_gmt":"2014-12-17T20:00:05","guid":{"rendered":"https:\/\/tucuatro.com\/camburpinton\/?p=7389"},"modified":"2020-02-22T13:52:40","modified_gmt":"2020-02-22T17:52:40","slug":"linda-briceno-arranca-el-ciclo-de-noches-de-guataca-en-nueva-york","status":"publish","type":"post","link":"https:\/\/tucuatro.com\/camburpinton\/linda-briceno-arranca-el-ciclo-de-noches-de-guataca-en-nueva-york\/","title":{"rendered":"Linda Brice\u00f1o arranca el ciclo de Noches de Guataca en Nueva York"},"content":{"rendered":"<p>Hoy\u00a017 de diciembre de 2014 la cantautora y trompetista venezolana\u00a0<strong>Linda Brice\u00f1o\u00a0<\/strong>sacudir\u00e1 la ciudad de Nueva York al ritmo de\u00a0<em>el nuevo sonido de la m\u00fasica venezolana<\/em>, tras alzarse recientemente con dos nominaciones en los\u00a0<strong>Latin Grammy<\/strong>\u00a0en las categor\u00edas \u201cMejor nuevo artista\u201d y \u201cMejor \u00e1lbum pop vocal tradicional\u201d por su \u00e1lbum\u00a0<em>Tiempo<\/em>. Este concierto \u00edntimo, que sin duda alguna no tendr\u00e1 desperdicio, marcar\u00e1 el inicio del ciclo lo que ser\u00e1 \u00a0<strong><em>Noches de Guataca<\/em><\/strong>\u00a0en la ciudad de Nueva York.<\/p>\n<p>Es as\u00ed c\u00f3mo Linda Brice\u00f1o, que con esta distinci\u00f3n de la Academia se consagra indiscutiblemente c\u00f3mo una de las j\u00f3venes promesas de la m\u00fasica latinoamericana, \u00a0estar\u00e1 acompa\u00f1ada durante este inolvidable comienzo\u00a0<strong>Noches<\/strong>\u00a0<strong>de Guataca<\/strong>\u00a0en la ciudad de Nueva York, de m\u00fasicos c\u00f3mo Luisito Quintero en la percusi\u00f3n, Gabriel Chakarjri en el piano, Max Esquivel en el bajo, y la participaci\u00f3n de la cantautora venezolana Maria Virginia Caldera entre otros virtuosos talentos latinoamericanos residenciados en NYC. \u00a0La noche contar\u00e1 adem\u00e1s con la musicalizaci\u00f3n del venezolano Jos\u00e9 Luis Pardo, integrante de la banda Los Amigos Invisibles y mejor conocido c\u00f3mo DJ Afro.<\/p>\n<p><strong>Linda Brice\u00f1o,<\/strong>\u00a0que cuenta con una brillante trayectoria como trompetista y cantante dentro de las fronteras denuestro pa\u00eds, actualmente se abre paso en el extranjero, obteniendo el reconocimiento de importantes personalidades del \u00e1mbito musical, y de la casa \u201cStomvi\u201d, de la cual es artista exclusivo. Adem\u00e1s, acaba de recibir el premio \u201cPepsi Music 2014\u201d como \u201cArtista Jazz\u201d.<\/p>\n<p><strong>Guataca Produciones<\/strong>, es una Asociaci\u00f3n Civil sin fines de lucro que tiene c\u00f3mo finalidad promover la m\u00fasica venezolana a trav\u00e9s de una plataforma de impulso al talento venezolano, brind\u00e1ndole espacio al talento emergente incluso fuera de las fronteras del pa\u00eds, demostrando as\u00ed que el poder de la m\u00fasica es capaz de trascender cualquier l\u00edmite. La cita para presenciar el inicio del ciclo de \u00a0<strong><em>Noches de Guataca<\/em><\/strong>\u00a0en Nueva York ser\u00e1 el pr\u00f3ximo 17 de diciembre a las 8pm en\u00a0<strong><em>Meridiam 23.\u00a0<\/em><\/strong>Las entradas se encuentran disponibles a trav\u00e9s del portal web\u00a0<a href=\"http:\/\/guatacaproducciones.us6.list-manage2.com\/track\/click?u=241e19f5551809feaaaf70bef&amp;id=9e379e59c5&amp;e=e63864367b\" target=\"_blank\" rel=\"noopener noreferrer\">www.lindany.evenbrite.com<\/a>. M\u00e1s informaci\u00f3n en la p\u00e1gina web\u00a0<a href=\"http:\/\/guatacaproducciones.us6.list-manage.com\/track\/click?u=241e19f5551809feaaaf70bef&amp;id=a5be6ac5d4&amp;e=e63864367b\" target=\"_blank\" rel=\"noopener noreferrer\">www.guatacaproducciones.com<\/a>\u00a0y en las redes sociales:\u00a0@guatacap @Meridiam23NYC Facebook: Guataca Producciones.<\/p>\n","protected":false},"excerpt":{"rendered":"<p>Hoy\u00a017 de diciembre de 2014 la cantautora y trompetista venezolana\u00a0Linda Brice\u00f1o\u00a0sacudir\u00e1 la ciudad de Nueva York al ritmo de\u00a0el nuevo sonido de la m\u00fasica venezolana, tras alzarse recientemente con dos nominaciones en los\u00a0Latin Grammy\u00a0en las categor\u00edas \u201cMejor nuevo artista\u201d y \u201cMejor \u00e1lbum pop vocal tradicional\u201d por su \u00e1lbum\u00a0Tiempo. Este concierto \u00edntimo, que sin duda alguna [&hellip;]<\/p>\n","protected":false},"author":30,"featured_media":0,"comment_status":"open","ping_status":"open","sticky":false,"template":"","format":"standard","meta":{"content-type":"","footnotes":""},"categories":[30],"tags":[597,63,602,603,428],"class_list":["post-7389","post","type-post","status-publish","format-standard","hentry","category-noticias","tag-amigos-invisibles","tag-concierto","tag-linda-briceno","tag-new-york","tag-noches-de-guataca"],"yoast_head":"<!-- This site is optimized with the Yoast SEO plugin v27.2 - https:\/\/yoast.com\/product\/yoast-seo-wordpress\/ -->\n<title>Linda Brice\u00f1o arranca el ciclo de Noches de Guataca en Nueva York - CamburPinton<\/title>\n<meta name=\"description\" content=\"Hoy\u00a017 de diciembre de 2014 la cantautora y trompetista venezolana\u00a0Linda Brice\u00f1o\u00a0sacudir\u00e1 la ciudad de Nueva York al ritmo de\u00a0el nuevo sonido de la m\u00fasica\" \/>\n<meta name=\"robots\" content=\"index, follow, max-snippet:-1, max-image-preview:large, max-video-preview:-1\" \/>\n<link rel=\"canonical\" href=\"https:\/\/tucuatro.com\/camburpinton\/linda-briceno-arranca-el-ciclo-de-noches-de-guataca-en-nueva-york\/\" \/>\n<meta property=\"og:locale\" content=\"es_ES\" \/>\n<meta property=\"og:type\" content=\"article\" \/>\n<meta property=\"og:title\" content=\"Linda Brice\u00f1o arranca el ciclo de Noches de Guataca en Nueva York - CamburPinton\" \/>\n<meta property=\"og:description\" content=\"Hoy\u00a017 de diciembre de 2014 la cantautora y trompetista venezolana\u00a0Linda Brice\u00f1o\u00a0sacudir\u00e1 la ciudad de Nueva York al ritmo de\u00a0el nuevo sonido de la m\u00fasica\" \/>\n<meta property=\"og:url\" content=\"https:\/\/tucuatro.com\/camburpinton\/linda-briceno-arranca-el-ciclo-de-noches-de-guataca-en-nueva-york\/\" \/>\n<meta property=\"og:site_name\" content=\"CamburPinton\" \/>\n<meta property=\"article:published_time\" content=\"2014-12-17T20:00:05+00:00\" \/>\n<meta property=\"article:modified_time\" content=\"2020-02-22T17:52:40+00:00\" \/>\n<meta name=\"author\" content=\"Cambur Pinton\" \/>\n<meta name=\"twitter:card\" content=\"summary_large_image\" \/>\n<meta name=\"twitter:label1\" content=\"Escrito por\" \/>\n\t<meta name=\"twitter:data1\" content=\"Cambur Pinton\" \/>\n\t<meta name=\"twitter:label2\" content=\"Tiempo de lectura\" \/>\n\t<meta name=\"twitter:data2\" content=\"2 minutos\" \/>\n<script type=\"application\/ld+json\" class=\"yoast-schema-graph\">{\"@context\":\"https:\/\/schema.org\",\"@graph\":[{\"@type\":\"Article\",\"@id\":\"https:\/\/tucuatro.com\/camburpinton\/linda-briceno-arranca-el-ciclo-de-noches-de-guataca-en-nueva-york\/#article\",\"isPartOf\":{\"@id\":\"https:\/\/tucuatro.com\/camburpinton\/linda-briceno-arranca-el-ciclo-de-noches-de-guataca-en-nueva-york\/\"},\"author\":{\"name\":\"Cambur Pinton\",\"@id\":\"https:\/\/tucuatro.com\/camburpinton\/#\/schema\/person\/68ea61a1649e800be7dd6ae72475d1af\"},\"headline\":\"Linda Brice\u00f1o arranca el ciclo de Noches de Guataca en Nueva York\",\"datePublished\":\"2014-12-17T20:00:05+00:00\",\"dateModified\":\"2020-02-22T17:52:40+00:00\",\"mainEntityOfPage\":{\"@id\":\"https:\/\/tucuatro.com\/camburpinton\/linda-briceno-arranca-el-ciclo-de-noches-de-guataca-en-nueva-york\/\"},\"wordCount\":396,\"commentCount\":0,\"publisher\":{\"@id\":\"https:\/\/tucuatro.com\/camburpinton\/#organization\"},\"keywords\":[\"Amigos Invisibles\",\"concierto\",\"Linda Briceno\",\"New York\",\"noches de guataca\"],\"articleSection\":[\"Noticias\"],\"inLanguage\":\"es\",\"potentialAction\":[{\"@type\":\"CommentAction\",\"name\":\"Comment\",\"target\":[\"https:\/\/tucuatro.com\/camburpinton\/linda-briceno-arranca-el-ciclo-de-noches-de-guataca-en-nueva-york\/#respond\"]}]},{\"@type\":\"WebPage\",\"@id\":\"https:\/\/tucuatro.com\/camburpinton\/linda-briceno-arranca-el-ciclo-de-noches-de-guataca-en-nueva-york\/\",\"url\":\"https:\/\/tucuatro.com\/camburpinton\/linda-briceno-arranca-el-ciclo-de-noches-de-guataca-en-nueva-york\/\",\"name\":\"Linda Brice\u00f1o arranca el ciclo de Noches de Guataca en Nueva York - CamburPinton\",\"isPartOf\":{\"@id\":\"https:\/\/tucuatro.com\/camburpinton\/#website\"},\"datePublished\":\"2014-12-17T20:00:05+00:00\",\"dateModified\":\"2020-02-22T17:52:40+00:00\",\"description\":\"Hoy\u00a017 de diciembre de 2014 la cantautora y trompetista venezolana\u00a0Linda Brice\u00f1o\u00a0sacudir\u00e1 la ciudad de Nueva York al ritmo de\u00a0el nuevo sonido de la m\u00fasica\",\"breadcrumb\":{\"@id\":\"https:\/\/tucuatro.com\/camburpinton\/linda-briceno-arranca-el-ciclo-de-noches-de-guataca-en-nueva-york\/#breadcrumb\"},\"inLanguage\":\"es\",\"potentialAction\":[{\"@type\":\"ReadAction\",\"target\":[\"https:\/\/tucuatro.com\/camburpinton\/linda-briceno-arranca-el-ciclo-de-noches-de-guataca-en-nueva-york\/\"]}]},{\"@type\":\"BreadcrumbList\",\"@id\":\"https:\/\/tucuatro.com\/camburpinton\/linda-briceno-arranca-el-ciclo-de-noches-de-guataca-en-nueva-york\/#breadcrumb\",\"itemListElement\":[{\"@type\":\"ListItem\",\"position\":1,\"name\":\"Portada\",\"item\":\"https:\/\/tucuatro.com\/camburpinton\/\"},{\"@type\":\"ListItem\",\"position\":2,\"name\":\"Linda Brice\u00f1o arranca el ciclo de Noches de Guataca en Nueva York\"}]},{\"@type\":\"WebSite\",\"@id\":\"https:\/\/tucuatro.com\/camburpinton\/#website\",\"url\":\"https:\/\/tucuatro.com\/camburpinton\/\",\"name\":\"CamburPinton\",\"description\":\"El blog del Cuatro Venezolano, por TuCuatro\",\"publisher\":{\"@id\":\"https:\/\/tucuatro.com\/camburpinton\/#organization\"},\"potentialAction\":[{\"@type\":\"SearchAction\",\"target\":{\"@type\":\"EntryPoint\",\"urlTemplate\":\"https:\/\/tucuatro.com\/camburpinton\/?s={search_term_string}\"},\"query-input\":{\"@type\":\"PropertyValueSpecification\",\"valueRequired\":true,\"valueName\":\"search_term_string\"}}],\"inLanguage\":\"es\"},{\"@type\":\"Organization\",\"@id\":\"https:\/\/tucuatro.com\/camburpinton\/#organization\",\"name\":\"CamburPinton\",\"url\":\"https:\/\/tucuatro.com\/camburpinton\/\",\"logo\":{\"@type\":\"ImageObject\",\"inLanguage\":\"es\",\"@id\":\"https:\/\/tucuatro.com\/camburpinton\/#\/schema\/logo\/image\/\",\"url\":\"https:\/\/tucuatro.com\/camburpinton\/wp-content\/uploads\/sites\/5\/2020\/02\/fretboard_icon_black-64px.png\",\"contentUrl\":\"https:\/\/tucuatro.com\/camburpinton\/wp-content\/uploads\/sites\/5\/2020\/02\/fretboard_icon_black-64px.png\",\"width\":64,\"height\":107,\"caption\":\"CamburPinton\"},\"image\":{\"@id\":\"https:\/\/tucuatro.com\/camburpinton\/#\/schema\/logo\/image\/\"}},{\"@type\":\"Person\",\"@id\":\"https:\/\/tucuatro.com\/camburpinton\/#\/schema\/person\/68ea61a1649e800be7dd6ae72475d1af\",\"name\":\"Cambur Pinton\",\"image\":{\"@type\":\"ImageObject\",\"inLanguage\":\"es\",\"@id\":\"https:\/\/lh3.googleusercontent.com\/a\/AEdFTp4NQMwimY1QASsobdRfn2FegjEgYm4GD7ArdNpX=s96-c?sz=50\",\"url\":\"https:\/\/lh3.googleusercontent.com\/a\/AEdFTp4NQMwimY1QASsobdRfn2FegjEgYm4GD7ArdNpX=s96-c?sz=50\",\"contentUrl\":\"https:\/\/lh3.googleusercontent.com\/a\/AEdFTp4NQMwimY1QASsobdRfn2FegjEgYm4GD7ArdNpX=s96-c?sz=50\",\"caption\":\"Cambur Pinton\"},\"url\":\"https:\/\/tucuatro.com\/camburpinton\/author\/camburpinton\/\"}]}<\/script>\n<!-- \/ Yoast SEO plugin. -->","yoast_head_json":{"title":"Linda Brice\u00f1o arranca el ciclo de Noches de Guataca en Nueva York - CamburPinton","description":"Hoy\u00a017 de diciembre de 2014 la cantautora y trompetista venezolana\u00a0Linda Brice\u00f1o\u00a0sacudir\u00e1 la ciudad de Nueva York al ritmo de\u00a0el nuevo sonido de la m\u00fasica","robots":{"index":"index","follow":"follow","max-snippet":"max-snippet:-1","max-image-preview":"max-image-preview:large","max-video-preview":"max-video-preview:-1"},"canonical":"https:\/\/tucuatro.com\/camburpinton\/linda-briceno-arranca-el-ciclo-de-noches-de-guataca-en-nueva-york\/","og_locale":"es_ES","og_type":"article","og_title":"Linda Brice\u00f1o arranca el ciclo de Noches de Guataca en Nueva York - CamburPinton","og_description":"Hoy\u00a017 de diciembre de 2014 la cantautora y trompetista venezolana\u00a0Linda Brice\u00f1o\u00a0sacudir\u00e1 la ciudad de Nueva York al ritmo de\u00a0el nuevo sonido de la m\u00fasica","og_url":"https:\/\/tucuatro.com\/camburpinton\/linda-briceno-arranca-el-ciclo-de-noches-de-guataca-en-nueva-york\/","og_site_name":"CamburPinton","article_published_time":"2014-12-17T20:00:05+00:00","article_modified_time":"2020-02-22T17:52:40+00:00","author":"Cambur Pinton","twitter_card":"summary_large_image","twitter_misc":{"Escrito por":"Cambur Pinton","Tiempo de lectura":"2 minutos"},"schema":{"@context":"https:\/\/schema.org","@graph":[{"@type":"Article","@id":"https:\/\/tucuatro.com\/camburpinton\/linda-briceno-arranca-el-ciclo-de-noches-de-guataca-en-nueva-york\/#article","isPartOf":{"@id":"https:\/\/tucuatro.com\/camburpinton\/linda-briceno-arranca-el-ciclo-de-noches-de-guataca-en-nueva-york\/"},"author":{"name":"Cambur Pinton","@id":"https:\/\/tucuatro.com\/camburpinton\/#\/schema\/person\/68ea61a1649e800be7dd6ae72475d1af"},"headline":"Linda Brice\u00f1o arranca el ciclo de Noches de Guataca en Nueva York","datePublished":"2014-12-17T20:00:05+00:00","dateModified":"2020-02-22T17:52:40+00:00","mainEntityOfPage":{"@id":"https:\/\/tucuatro.com\/camburpinton\/linda-briceno-arranca-el-ciclo-de-noches-de-guataca-en-nueva-york\/"},"wordCount":396,"commentCount":0,"publisher":{"@id":"https:\/\/tucuatro.com\/camburpinton\/#organization"},"keywords":["Amigos Invisibles","concierto","Linda Briceno","New York","noches de guataca"],"articleSection":["Noticias"],"inLanguage":"es","potentialAction":[{"@type":"CommentAction","name":"Comment","target":["https:\/\/tucuatro.com\/camburpinton\/linda-briceno-arranca-el-ciclo-de-noches-de-guataca-en-nueva-york\/#respond"]}]},{"@type":"WebPage","@id":"https:\/\/tucuatro.com\/camburpinton\/linda-briceno-arranca-el-ciclo-de-noches-de-guataca-en-nueva-york\/","url":"https:\/\/tucuatro.com\/camburpinton\/linda-briceno-arranca-el-ciclo-de-noches-de-guataca-en-nueva-york\/","name":"Linda Brice\u00f1o arranca el ciclo de Noches de Guataca en Nueva York - CamburPinton","isPartOf":{"@id":"https:\/\/tucuatro.com\/camburpinton\/#website"},"datePublished":"2014-12-17T20:00:05+00:00","dateModified":"2020-02-22T17:52:40+00:00","description":"Hoy\u00a017 de diciembre de 2014 la cantautora y trompetista venezolana\u00a0Linda Brice\u00f1o\u00a0sacudir\u00e1 la ciudad de Nueva York al ritmo de\u00a0el nuevo sonido de la m\u00fasica","breadcrumb":{"@id":"https:\/\/tucuatro.com\/camburpinton\/linda-briceno-arranca-el-ciclo-de-noches-de-guataca-en-nueva-york\/#breadcrumb"},"inLanguage":"es","potentialAction":[{"@type":"ReadAction","target":["https:\/\/tucuatro.com\/camburpinton\/linda-briceno-arranca-el-ciclo-de-noches-de-guataca-en-nueva-york\/"]}]},{"@type":"BreadcrumbList","@id":"https:\/\/tucuatro.com\/camburpinton\/linda-briceno-arranca-el-ciclo-de-noches-de-guataca-en-nueva-york\/#breadcrumb","itemListElement":[{"@type":"ListItem","position":1,"name":"Portada","item":"https:\/\/tucuatro.com\/camburpinton\/"},{"@type":"ListItem","position":2,"name":"Linda Brice\u00f1o arranca el ciclo de Noches de Guataca en Nueva York"}]},{"@type":"WebSite","@id":"https:\/\/tucuatro.com\/camburpinton\/#website","url":"https:\/\/tucuatro.com\/camburpinton\/","name":"CamburPinton","description":"El blog del Cuatro Venezolano, por TuCuatro","publisher":{"@id":"https:\/\/tucuatro.com\/camburpinton\/#organization"},"potentialAction":[{"@type":"SearchAction","target":{"@type":"EntryPoint","urlTemplate":"https:\/\/tucuatro.com\/camburpinton\/?s={search_term_string}"},"query-input":{"@type":"PropertyValueSpecification","valueRequired":true,"valueName":"search_term_string"}}],"inLanguage":"es"},{"@type":"Organization","@id":"https:\/\/tucuatro.com\/camburpinton\/#organization","name":"CamburPinton","url":"https:\/\/tucuatro.com\/camburpinton\/","logo":{"@type":"ImageObject","inLanguage":"es","@id":"https:\/\/tucuatro.com\/camburpinton\/#\/schema\/logo\/image\/","url":"https:\/\/tucuatro.com\/camburpinton\/wp-content\/uploads\/sites\/5\/2020\/02\/fretboard_icon_black-64px.png","contentUrl":"https:\/\/tucuatro.com\/camburpinton\/wp-content\/uploads\/sites\/5\/2020\/02\/fretboard_icon_black-64px.png","width":64,"height":107,"caption":"CamburPinton"},"image":{"@id":"https:\/\/tucuatro.com\/camburpinton\/#\/schema\/logo\/image\/"}},{"@type":"Person","@id":"https:\/\/tucuatro.com\/camburpinton\/#\/schema\/person\/68ea61a1649e800be7dd6ae72475d1af","name":"Cambur Pinton","image":{"@type":"ImageObject","inLanguage":"es","@id":"https:\/\/lh3.googleusercontent.com\/a\/AEdFTp4NQMwimY1QASsobdRfn2FegjEgYm4GD7ArdNpX=s96-c?sz=50","url":"https:\/\/lh3.googleusercontent.com\/a\/AEdFTp4NQMwimY1QASsobdRfn2FegjEgYm4GD7ArdNpX=s96-c?sz=50","contentUrl":"https:\/\/lh3.googleusercontent.com\/a\/AEdFTp4NQMwimY1QASsobdRfn2FegjEgYm4GD7ArdNpX=s96-c?sz=50","caption":"Cambur Pinton"},"url":"https:\/\/tucuatro.com\/camburpinton\/author\/camburpinton\/"}]}},"_links":{"self":[{"href":"https:\/\/tucuatro.com\/camburpinton\/wp-json\/wp\/v2\/posts\/7389","targetHints":{"allow":["GET"]}}],"collection":[{"href":"https:\/\/tucuatro.com\/camburpinton\/wp-json\/wp\/v2\/posts"}],"about":[{"href":"https:\/\/tucuatro.com\/camburpinton\/wp-json\/wp\/v2\/types\/post"}],"author":[{"embeddable":true,"href":"https:\/\/tucuatro.com\/camburpinton\/wp-json\/wp\/v2\/users\/30"}],"replies":[{"embeddable":true,"href":"https:\/\/tucuatro.com\/camburpinton\/wp-json\/wp\/v2\/comments?post=7389"}],"version-history":[{"count":0,"href":"https:\/\/tucuatro.com\/camburpinton\/wp-json\/wp\/v2\/posts\/7389\/revisions"}],"wp:attachment":[{"href":"https:\/\/tucuatro.com\/camburpinton\/wp-json\/wp\/v2\/media?parent=7389"}],"wp:term":[{"taxonomy":"category","embeddable":true,"href":"https:\/\/tucuatro.com\/camburpinton\/wp-json\/wp\/v2\/categories?post=7389"},{"taxonomy":"post_tag","embeddable":true,"href":"https:\/\/tucuatro.com\/camburpinton\/wp-json\/wp\/v2\/tags?post=7389"}],"curies":[{"name":"wp","href":"https:\/\/api.w.org\/{rel}","templated":true}]}}