{"id":8353,"date":"2016-02-14T09:47:16","date_gmt":"2016-02-14T14:17:16","guid":{"rendered":"https:\/\/tucuatro.com\/camburpinton\/?p=8353"},"modified":"2020-02-21T22:27:26","modified_gmt":"2020-02-22T02:27:26","slug":"el-folklore-nacional-de-luto-fallecio-anselmo-lopez-el-rey-de-la-bandola-llanera","status":"publish","type":"post","link":"https:\/\/tucuatro.com\/camburpinton\/el-folklore-nacional-de-luto-fallecio-anselmo-lopez-el-rey-de-la-bandola-llanera\/","title":{"rendered":"El folklore nacional de luto: Falleci\u00f3 Anselmo L\u00f3pez, el Rey de la Bandola Llanera"},"content":{"rendered":"<p>Anselmo L\u00f3pez es sin duda una de las figuras m\u00e1s importantes de la Bandola Llanera. \u00a0Nos regal\u00f3 la t\u00e9cnica del Jalao donde el dedo pulgar y el dedo \u00edndice presionan la cuerda como una pinza para tocar la melod\u00eda, mientras el dedo medio hace la armon\u00eda de los acordes en las otras cuerdas.<\/p>\n<p>Parte de la popularizaci\u00f3n de la Bandola Llanera fue gracias al trabajo que hizo Anselmo L\u00f3pez, grabando distintos \u00e1lbumes y dando a conocer el instrumento en varias regiones del territorio nacional.<\/p>\n<p><b>Discograf\u00eda de Anselmo L\u00f3pez<\/b><\/p>\n<p>1968 Viajando Al Llano<br \/>\n1970 Raudales De Mi Regi\u00f3n<br \/>\n1972 Bandola Quitapesares<br \/>\n1973 Bandola Internacional<br \/>\n1974 Arpa y Bandola<br \/>\n1975 Cimarr\u00f3n<br \/>\n1976 Esta Es Mi Bandola<br \/>\n1976 Bandola Del Llano Adentro<br \/>\n1977 Lluvia En El Llano<br \/>\n1980 Folklore Puro<br \/>\n1981 Bandola De Chaparrito<br \/>\n1982 El Rebusco Con Bandola<br \/>\n1982 Anselmo L\u00f3pez Vol. 1<br \/>\n1982 Anselmo L\u00f3pez Vol. 2<br \/>\n1982 La Cruz De Mayo<br \/>\n1982 Instrumentales Criollos<br \/>\n1983 Recio<br \/>\n1997 Cl\u00e1sicos De Oro<br \/>\n1999 16 Grandes e Inolvidables de Anselmo L\u00f3pez Vol. 2<br \/>\n1999 La Mejor Bandola<br \/>\n2007 El Rey De La Bandola<\/p>\n<p>&nbsp;<\/p>\n<p>Recordemos a\u00a0Anselmo L\u00f3pez escuchando su m\u00fasica en estos maravillosos videos:<\/p>\n<p><iframe title=\"Anselmo Lopez: El Rey de la Bandola\" width=\"800\" height=\"600\" src=\"https:\/\/www.youtube.com\/embed\/FMDXu--q3pM?feature=oembed\" frameborder=\"0\" allow=\"accelerometer; autoplay; encrypted-media; gyroscope; picture-in-picture\" allowfullscreen><\/iframe><\/p>\n<p>https:\/\/www.youtube.com\/watch?v=9q40nA9a5sI<\/p>\n<p><iframe title=\"Criollo: Anselmo L\u00f3pez, El Rey de la Bandola. Fuerza de Barinas\" width=\"800\" height=\"450\" src=\"https:\/\/www.youtube.com\/embed\/2lD54uqHy78?feature=oembed\" frameborder=\"0\" allow=\"accelerometer; autoplay; encrypted-media; gyroscope; picture-in-picture\" allowfullscreen><\/iframe><\/p>\n<p><iframe title=\"ANSELMO LOPEZ &quot;LA PERIQUERA&quot;\" width=\"800\" height=\"600\" src=\"https:\/\/www.youtube.com\/embed\/Fqi_YW_izcs?feature=oembed\" frameborder=\"0\" allow=\"accelerometer; autoplay; encrypted-media; gyroscope; picture-in-picture\" allowfullscreen><\/iframe><\/p>\n<p><iframe title=\"ANSELMO LOPEZ Y SA\u00d9L VERA - QUITAPESARES EN ZUMBA\" width=\"800\" height=\"600\" src=\"https:\/\/www.youtube.com\/embed\/logCccfG55I?feature=oembed\" frameborder=\"0\" allow=\"accelerometer; autoplay; encrypted-media; gyroscope; picture-in-picture\" allowfullscreen><\/iframe><\/p>\n<p>https:\/\/www.youtube.com\/watch?v=jg7J07800Og<\/p>\n","protected":false},"excerpt":{"rendered":"<p>Anselmo L\u00f3pez es sin duda una de las figuras m\u00e1s importantes de la Bandola Llanera. \u00a0Nos regal\u00f3 la t\u00e9cnica del Jalao donde el dedo pulgar y el dedo \u00edndice presionan la cuerda como una pinza para tocar la melod\u00eda, mientras el dedo medio hace la armon\u00eda de los acordes en las otras cuerdas. Parte de [&hellip;]<\/p>\n","protected":false},"author":1,"featured_media":0,"comment_status":"open","ping_status":"open","sticky":false,"template":"","format":"standard","meta":{"content-type":"","footnotes":""},"categories":[43,523],"tags":[261],"class_list":["post-8353","post","type-post","status-publish","format-standard","hentry","category-artistas","category-instrumentos","tag-bandola"],"yoast_head":"<!-- This site is optimized with the Yoast SEO plugin v27.2 - https:\/\/yoast.com\/product\/yoast-seo-wordpress\/ -->\n<title>El folklore nacional de luto: Falleci\u00f3 Anselmo L\u00f3pez, el Rey de la Bandola Llanera - CamburPinton<\/title>\n<meta name=\"description\" content=\"Anselmo L\u00f3pez es sin duda una de las figuras m\u00e1s importantes de la Bandola Llanera. \u00a0Nos regal\u00f3 la t\u00e9cnica del Jalao donde el dedo pulgar y el dedo \u00edndice\" \/>\n<meta name=\"robots\" content=\"index, follow, max-snippet:-1, max-image-preview:large, max-video-preview:-1\" \/>\n<link rel=\"canonical\" href=\"https:\/\/tucuatro.com\/camburpinton\/el-folklore-nacional-de-luto-fallecio-anselmo-lopez-el-rey-de-la-bandola-llanera\/\" \/>\n<meta property=\"og:locale\" content=\"es_ES\" \/>\n<meta property=\"og:type\" content=\"article\" \/>\n<meta property=\"og:title\" content=\"El folklore nacional de luto: Falleci\u00f3 Anselmo L\u00f3pez, el Rey de la Bandola Llanera - CamburPinton\" \/>\n<meta property=\"og:description\" content=\"Anselmo L\u00f3pez es sin duda una de las figuras m\u00e1s importantes de la Bandola Llanera. \u00a0Nos regal\u00f3 la t\u00e9cnica del Jalao donde el dedo pulgar y el dedo \u00edndice\" \/>\n<meta property=\"og:url\" content=\"https:\/\/tucuatro.com\/camburpinton\/el-folklore-nacional-de-luto-fallecio-anselmo-lopez-el-rey-de-la-bandola-llanera\/\" \/>\n<meta property=\"og:site_name\" content=\"CamburPinton\" \/>\n<meta property=\"article:published_time\" content=\"2016-02-14T14:17:16+00:00\" \/>\n<meta property=\"article:modified_time\" content=\"2020-02-22T02:27:26+00:00\" \/>\n<meta name=\"author\" content=\"TuCuatro\" \/>\n<meta name=\"twitter:card\" content=\"summary_large_image\" \/>\n<meta name=\"twitter:label1\" content=\"Escrito por\" \/>\n\t<meta name=\"twitter:data1\" content=\"TuCuatro\" \/>\n\t<meta name=\"twitter:label2\" content=\"Tiempo de lectura\" \/>\n\t<meta name=\"twitter:data2\" content=\"1 minuto\" \/>\n<script type=\"application\/ld+json\" class=\"yoast-schema-graph\">{\"@context\":\"https:\/\/schema.org\",\"@graph\":[{\"@type\":\"Article\",\"@id\":\"https:\/\/tucuatro.com\/camburpinton\/el-folklore-nacional-de-luto-fallecio-anselmo-lopez-el-rey-de-la-bandola-llanera\/#article\",\"isPartOf\":{\"@id\":\"https:\/\/tucuatro.com\/camburpinton\/el-folklore-nacional-de-luto-fallecio-anselmo-lopez-el-rey-de-la-bandola-llanera\/\"},\"author\":{\"name\":\"TuCuatro\",\"@id\":\"https:\/\/tucuatro.com\/camburpinton\/#\/schema\/person\/141b35330e8a81a00d5ef8935db77db8\"},\"headline\":\"El folklore nacional de luto: Falleci\u00f3 Anselmo L\u00f3pez, el Rey de la Bandola Llanera\",\"datePublished\":\"2016-02-14T14:17:16+00:00\",\"dateModified\":\"2020-02-22T02:27:26+00:00\",\"mainEntityOfPage\":{\"@id\":\"https:\/\/tucuatro.com\/camburpinton\/el-folklore-nacional-de-luto-fallecio-anselmo-lopez-el-rey-de-la-bandola-llanera\/\"},\"wordCount\":251,\"commentCount\":2,\"publisher\":{\"@id\":\"https:\/\/tucuatro.com\/camburpinton\/#organization\"},\"keywords\":[\"bandola\"],\"articleSection\":[\"Artistas y Cantantes\",\"Instrumentos\"],\"inLanguage\":\"es\",\"potentialAction\":[{\"@type\":\"CommentAction\",\"name\":\"Comment\",\"target\":[\"https:\/\/tucuatro.com\/camburpinton\/el-folklore-nacional-de-luto-fallecio-anselmo-lopez-el-rey-de-la-bandola-llanera\/#respond\"]}]},{\"@type\":\"WebPage\",\"@id\":\"https:\/\/tucuatro.com\/camburpinton\/el-folklore-nacional-de-luto-fallecio-anselmo-lopez-el-rey-de-la-bandola-llanera\/\",\"url\":\"https:\/\/tucuatro.com\/camburpinton\/el-folklore-nacional-de-luto-fallecio-anselmo-lopez-el-rey-de-la-bandola-llanera\/\",\"name\":\"El folklore nacional de luto: Falleci\u00f3 Anselmo L\u00f3pez, el Rey de la Bandola Llanera - CamburPinton\",\"isPartOf\":{\"@id\":\"https:\/\/tucuatro.com\/camburpinton\/#website\"},\"datePublished\":\"2016-02-14T14:17:16+00:00\",\"dateModified\":\"2020-02-22T02:27:26+00:00\",\"description\":\"Anselmo L\u00f3pez es sin duda una de las figuras m\u00e1s importantes de la Bandola Llanera. \u00a0Nos regal\u00f3 la t\u00e9cnica del Jalao donde el dedo pulgar y el dedo \u00edndice\",\"breadcrumb\":{\"@id\":\"https:\/\/tucuatro.com\/camburpinton\/el-folklore-nacional-de-luto-fallecio-anselmo-lopez-el-rey-de-la-bandola-llanera\/#breadcrumb\"},\"inLanguage\":\"es\",\"potentialAction\":[{\"@type\":\"ReadAction\",\"target\":[\"https:\/\/tucuatro.com\/camburpinton\/el-folklore-nacional-de-luto-fallecio-anselmo-lopez-el-rey-de-la-bandola-llanera\/\"]}]},{\"@type\":\"BreadcrumbList\",\"@id\":\"https:\/\/tucuatro.com\/camburpinton\/el-folklore-nacional-de-luto-fallecio-anselmo-lopez-el-rey-de-la-bandola-llanera\/#breadcrumb\",\"itemListElement\":[{\"@type\":\"ListItem\",\"position\":1,\"name\":\"Portada\",\"item\":\"https:\/\/tucuatro.com\/camburpinton\/\"},{\"@type\":\"ListItem\",\"position\":2,\"name\":\"El folklore nacional de luto: Falleci\u00f3 Anselmo L\u00f3pez, el Rey de la Bandola Llanera\"}]},{\"@type\":\"WebSite\",\"@id\":\"https:\/\/tucuatro.com\/camburpinton\/#website\",\"url\":\"https:\/\/tucuatro.com\/camburpinton\/\",\"name\":\"CamburPinton\",\"description\":\"El blog del Cuatro Venezolano, por TuCuatro\",\"publisher\":{\"@id\":\"https:\/\/tucuatro.com\/camburpinton\/#organization\"},\"potentialAction\":[{\"@type\":\"SearchAction\",\"target\":{\"@type\":\"EntryPoint\",\"urlTemplate\":\"https:\/\/tucuatro.com\/camburpinton\/?s={search_term_string}\"},\"query-input\":{\"@type\":\"PropertyValueSpecification\",\"valueRequired\":true,\"valueName\":\"search_term_string\"}}],\"inLanguage\":\"es\"},{\"@type\":\"Organization\",\"@id\":\"https:\/\/tucuatro.com\/camburpinton\/#organization\",\"name\":\"CamburPinton\",\"url\":\"https:\/\/tucuatro.com\/camburpinton\/\",\"logo\":{\"@type\":\"ImageObject\",\"inLanguage\":\"es\",\"@id\":\"https:\/\/tucuatro.com\/camburpinton\/#\/schema\/logo\/image\/\",\"url\":\"https:\/\/tucuatro.com\/camburpinton\/wp-content\/uploads\/sites\/5\/2020\/02\/fretboard_icon_black-64px.png\",\"contentUrl\":\"https:\/\/tucuatro.com\/camburpinton\/wp-content\/uploads\/sites\/5\/2020\/02\/fretboard_icon_black-64px.png\",\"width\":64,\"height\":107,\"caption\":\"CamburPinton\"},\"image\":{\"@id\":\"https:\/\/tucuatro.com\/camburpinton\/#\/schema\/logo\/image\/\"}},{\"@type\":\"Person\",\"@id\":\"https:\/\/tucuatro.com\/camburpinton\/#\/schema\/person\/141b35330e8a81a00d5ef8935db77db8\",\"name\":\"TuCuatro\",\"image\":{\"@type\":\"ImageObject\",\"inLanguage\":\"es\",\"@id\":\"https:\/\/lh3.googleusercontent.com\/a\/ACg8ocJpXWC78m2R156JH61_KLq0wcZxI053SsIf7o1CBbeaUklQQKLF=s96-c?sz=50\",\"url\":\"https:\/\/lh3.googleusercontent.com\/a\/ACg8ocJpXWC78m2R156JH61_KLq0wcZxI053SsIf7o1CBbeaUklQQKLF=s96-c?sz=50\",\"contentUrl\":\"https:\/\/lh3.googleusercontent.com\/a\/ACg8ocJpXWC78m2R156JH61_KLq0wcZxI053SsIf7o1CBbeaUklQQKLF=s96-c?sz=50\",\"caption\":\"TuCuatro\"},\"description\":\"El \u00fanico sitio web para aprender a tocar el Cuatro en l\u00ednea. Cursos gratuitos, lecciones y acceso a profesores y m\u00fasicos profesionales. Visita TuCuatro para conocer m\u00e1s.\",\"sameAs\":[\"https:\/\/tucuatro.com\"],\"url\":\"https:\/\/tucuatro.com\/camburpinton\/author\/tucuatro\/\"}]}<\/script>\n<!-- \/ Yoast SEO plugin. -->","yoast_head_json":{"title":"El folklore nacional de luto: Falleci\u00f3 Anselmo L\u00f3pez, el Rey de la Bandola Llanera - CamburPinton","description":"Anselmo L\u00f3pez es sin duda una de las figuras m\u00e1s importantes de la Bandola Llanera. \u00a0Nos regal\u00f3 la t\u00e9cnica del Jalao donde el dedo pulgar y el dedo \u00edndice","robots":{"index":"index","follow":"follow","max-snippet":"max-snippet:-1","max-image-preview":"max-image-preview:large","max-video-preview":"max-video-preview:-1"},"canonical":"https:\/\/tucuatro.com\/camburpinton\/el-folklore-nacional-de-luto-fallecio-anselmo-lopez-el-rey-de-la-bandola-llanera\/","og_locale":"es_ES","og_type":"article","og_title":"El folklore nacional de luto: Falleci\u00f3 Anselmo L\u00f3pez, el Rey de la Bandola Llanera - CamburPinton","og_description":"Anselmo L\u00f3pez es sin duda una de las figuras m\u00e1s importantes de la Bandola Llanera. \u00a0Nos regal\u00f3 la t\u00e9cnica del Jalao donde el dedo pulgar y el dedo \u00edndice","og_url":"https:\/\/tucuatro.com\/camburpinton\/el-folklore-nacional-de-luto-fallecio-anselmo-lopez-el-rey-de-la-bandola-llanera\/","og_site_name":"CamburPinton","article_published_time":"2016-02-14T14:17:16+00:00","article_modified_time":"2020-02-22T02:27:26+00:00","author":"TuCuatro","twitter_card":"summary_large_image","twitter_misc":{"Escrito por":"TuCuatro","Tiempo de lectura":"1 minuto"},"schema":{"@context":"https:\/\/schema.org","@graph":[{"@type":"Article","@id":"https:\/\/tucuatro.com\/camburpinton\/el-folklore-nacional-de-luto-fallecio-anselmo-lopez-el-rey-de-la-bandola-llanera\/#article","isPartOf":{"@id":"https:\/\/tucuatro.com\/camburpinton\/el-folklore-nacional-de-luto-fallecio-anselmo-lopez-el-rey-de-la-bandola-llanera\/"},"author":{"name":"TuCuatro","@id":"https:\/\/tucuatro.com\/camburpinton\/#\/schema\/person\/141b35330e8a81a00d5ef8935db77db8"},"headline":"El folklore nacional de luto: Falleci\u00f3 Anselmo L\u00f3pez, el Rey de la Bandola Llanera","datePublished":"2016-02-14T14:17:16+00:00","dateModified":"2020-02-22T02:27:26+00:00","mainEntityOfPage":{"@id":"https:\/\/tucuatro.com\/camburpinton\/el-folklore-nacional-de-luto-fallecio-anselmo-lopez-el-rey-de-la-bandola-llanera\/"},"wordCount":251,"commentCount":2,"publisher":{"@id":"https:\/\/tucuatro.com\/camburpinton\/#organization"},"keywords":["bandola"],"articleSection":["Artistas y Cantantes","Instrumentos"],"inLanguage":"es","potentialAction":[{"@type":"CommentAction","name":"Comment","target":["https:\/\/tucuatro.com\/camburpinton\/el-folklore-nacional-de-luto-fallecio-anselmo-lopez-el-rey-de-la-bandola-llanera\/#respond"]}]},{"@type":"WebPage","@id":"https:\/\/tucuatro.com\/camburpinton\/el-folklore-nacional-de-luto-fallecio-anselmo-lopez-el-rey-de-la-bandola-llanera\/","url":"https:\/\/tucuatro.com\/camburpinton\/el-folklore-nacional-de-luto-fallecio-anselmo-lopez-el-rey-de-la-bandola-llanera\/","name":"El folklore nacional de luto: Falleci\u00f3 Anselmo L\u00f3pez, el Rey de la Bandola Llanera - CamburPinton","isPartOf":{"@id":"https:\/\/tucuatro.com\/camburpinton\/#website"},"datePublished":"2016-02-14T14:17:16+00:00","dateModified":"2020-02-22T02:27:26+00:00","description":"Anselmo L\u00f3pez es sin duda una de las figuras m\u00e1s importantes de la Bandola Llanera. \u00a0Nos regal\u00f3 la t\u00e9cnica del Jalao donde el dedo pulgar y el dedo \u00edndice","breadcrumb":{"@id":"https:\/\/tucuatro.com\/camburpinton\/el-folklore-nacional-de-luto-fallecio-anselmo-lopez-el-rey-de-la-bandola-llanera\/#breadcrumb"},"inLanguage":"es","potentialAction":[{"@type":"ReadAction","target":["https:\/\/tucuatro.com\/camburpinton\/el-folklore-nacional-de-luto-fallecio-anselmo-lopez-el-rey-de-la-bandola-llanera\/"]}]},{"@type":"BreadcrumbList","@id":"https:\/\/tucuatro.com\/camburpinton\/el-folklore-nacional-de-luto-fallecio-anselmo-lopez-el-rey-de-la-bandola-llanera\/#breadcrumb","itemListElement":[{"@type":"ListItem","position":1,"name":"Portada","item":"https:\/\/tucuatro.com\/camburpinton\/"},{"@type":"ListItem","position":2,"name":"El folklore nacional de luto: Falleci\u00f3 Anselmo L\u00f3pez, el Rey de la Bandola Llanera"}]},{"@type":"WebSite","@id":"https:\/\/tucuatro.com\/camburpinton\/#website","url":"https:\/\/tucuatro.com\/camburpinton\/","name":"CamburPinton","description":"El blog del Cuatro Venezolano, por TuCuatro","publisher":{"@id":"https:\/\/tucuatro.com\/camburpinton\/#organization"},"potentialAction":[{"@type":"SearchAction","target":{"@type":"EntryPoint","urlTemplate":"https:\/\/tucuatro.com\/camburpinton\/?s={search_term_string}"},"query-input":{"@type":"PropertyValueSpecification","valueRequired":true,"valueName":"search_term_string"}}],"inLanguage":"es"},{"@type":"Organization","@id":"https:\/\/tucuatro.com\/camburpinton\/#organization","name":"CamburPinton","url":"https:\/\/tucuatro.com\/camburpinton\/","logo":{"@type":"ImageObject","inLanguage":"es","@id":"https:\/\/tucuatro.com\/camburpinton\/#\/schema\/logo\/image\/","url":"https:\/\/tucuatro.com\/camburpinton\/wp-content\/uploads\/sites\/5\/2020\/02\/fretboard_icon_black-64px.png","contentUrl":"https:\/\/tucuatro.com\/camburpinton\/wp-content\/uploads\/sites\/5\/2020\/02\/fretboard_icon_black-64px.png","width":64,"height":107,"caption":"CamburPinton"},"image":{"@id":"https:\/\/tucuatro.com\/camburpinton\/#\/schema\/logo\/image\/"}},{"@type":"Person","@id":"https:\/\/tucuatro.com\/camburpinton\/#\/schema\/person\/141b35330e8a81a00d5ef8935db77db8","name":"TuCuatro","image":{"@type":"ImageObject","inLanguage":"es","@id":"https:\/\/lh3.googleusercontent.com\/a\/ACg8ocJpXWC78m2R156JH61_KLq0wcZxI053SsIf7o1CBbeaUklQQKLF=s96-c?sz=50","url":"https:\/\/lh3.googleusercontent.com\/a\/ACg8ocJpXWC78m2R156JH61_KLq0wcZxI053SsIf7o1CBbeaUklQQKLF=s96-c?sz=50","contentUrl":"https:\/\/lh3.googleusercontent.com\/a\/ACg8ocJpXWC78m2R156JH61_KLq0wcZxI053SsIf7o1CBbeaUklQQKLF=s96-c?sz=50","caption":"TuCuatro"},"description":"El \u00fanico sitio web para aprender a tocar el Cuatro en l\u00ednea. Cursos gratuitos, lecciones y acceso a profesores y m\u00fasicos profesionales. Visita TuCuatro para conocer m\u00e1s.","sameAs":["https:\/\/tucuatro.com"],"url":"https:\/\/tucuatro.com\/camburpinton\/author\/tucuatro\/"}]}},"_links":{"self":[{"href":"https:\/\/tucuatro.com\/camburpinton\/wp-json\/wp\/v2\/posts\/8353","targetHints":{"allow":["GET"]}}],"collection":[{"href":"https:\/\/tucuatro.com\/camburpinton\/wp-json\/wp\/v2\/posts"}],"about":[{"href":"https:\/\/tucuatro.com\/camburpinton\/wp-json\/wp\/v2\/types\/post"}],"author":[{"embeddable":true,"href":"https:\/\/tucuatro.com\/camburpinton\/wp-json\/wp\/v2\/users\/1"}],"replies":[{"embeddable":true,"href":"https:\/\/tucuatro.com\/camburpinton\/wp-json\/wp\/v2\/comments?post=8353"}],"version-history":[{"count":0,"href":"https:\/\/tucuatro.com\/camburpinton\/wp-json\/wp\/v2\/posts\/8353\/revisions"}],"wp:attachment":[{"href":"https:\/\/tucuatro.com\/camburpinton\/wp-json\/wp\/v2\/media?parent=8353"}],"wp:term":[{"taxonomy":"category","embeddable":true,"href":"https:\/\/tucuatro.com\/camburpinton\/wp-json\/wp\/v2\/categories?post=8353"},{"taxonomy":"post_tag","embeddable":true,"href":"https:\/\/tucuatro.com\/camburpinton\/wp-json\/wp\/v2\/tags?post=8353"}],"curies":[{"name":"wp","href":"https:\/\/api.w.org\/{rel}","templated":true}]}}