{"id":8684,"date":"2017-07-24T14:39:12","date_gmt":"2017-07-24T18:39:12","guid":{"rendered":"https:\/\/tucuatro.com\/camburpinton\/?p=8684"},"modified":"2021-07-05T12:16:01","modified_gmt":"2021-07-05T16:16:01","slug":"memorias-de-jem-jorge-moreau-y-su-amor-por-el-cuatro","status":"publish","type":"post","link":"https:\/\/tucuatro.com\/camburpinton\/memorias-de-jem-jorge-moreau-y-su-amor-por-el-cuatro\/","title":{"rendered":"Memorias de JEM &#8211; Jorge Moreau y su amor por el Cuatro &#8211; Parte 1"},"content":{"rendered":"\n<p><em>FRAGMENTO<\/em><\/p>\n\n\n\n<p><em>Extra\u00eddo del<\/em> <em>&nbsp;libro <\/em><strong><em>memorias de JEM<\/em><\/strong> <em>&nbsp;&nbsp;&nbsp;<\/em><\/p>\n\n\n\n<p>Escrito por Jorge Moreau<\/p>\n\n\n\n<p><strong>VENEZUELA<\/strong><\/p>\n\n\n\n<p><strong>(El Cuatro)<\/strong><\/p>\n\n\n\n<ul class=\"wp-block-list\"><li><strong>Adi\u00f3s a Buenos Aires<\/strong><\/li><\/ul>\n\n\n\n<p>A fines de los 60\u2019s, la situaci\u00f3n pol\u00edtica argentina se hab\u00eda puesto muy efervescente. La fuerzas armadas reaccionaban contra todo aquello que pudiera sugerir izquierdismo, rebeli\u00f3n o guerrilla. &nbsp;El odio entre las clases se hizo insoportable y todos sospechaban de todos.<\/p>\n\n\n\n<p>En mi calidad de periodista estuve expuesto en muchas oportunidades, especialmente por ser un reportero gr\u00e1fico. Mientras los redactores sol\u00edan informar desde las seguras habitaciones de sus hoteles, sedes de diarios locales o radios, los reporteros gr\u00e1ficos, est\u00e1bamos arriesgando permanentemente nuestros f\u00edsicos corriendo de un lado al otro en busca de la foto o la filmaci\u00f3n que mejor ilustrara los acontecimientos. Eso nos hac\u00eda estar m\u00e1s expuestos. Personalmente hab\u00eda experimentado una desilusi\u00f3n muy grande cuando mi medio, SIETE DIAS, me abandon\u00f3 a mi suerte en los acontecimientos de Bolivia, (Golpe de Estado por parte del General Banzer {Derechas} contra el Presidente Torres,{Socialista}) donde hasta aparec\u00ed &nbsp;en los diarios, entre los periodistas que el r\u00e9gimen de Banzer, el nuevo gobierno boliviano, &nbsp;hab\u00eda &nbsp;fusilado.<\/p>\n\n\n\n<p>Yo, que ya ten\u00eda experiencia internacional, decid\u00ed emigrar nuevamente. En Argentina no se hablaba de otro lugar diferente a Venezuela, el \u00abpara\u00edso\u00bb de Am\u00e9rica. Aproveche una gira del Presidente Lanusse por el continente, para unirme al grupo de periodistas que lo acompa\u00f1ar\u00edan y, con la complicidad mi &nbsp;jefe, el Director de Redacci\u00f3n de 7 D\u00edas, que conoc\u00eda mis intenciones, me un\u00ed a la comitiva con el prop\u00f3sito de quedarme en Caracas, cuando la comitiva regresara. Ten\u00eda algunos contactos pero ninguna actividad espec\u00edfica. Iba dispuesto a todo, como siempre, dejando mi esposa y mis tres hijos en la segura tranquilidad de la casa de mis suegros, en Buenos Aires.<\/p>\n\n\n\n<p>La primera actividad en Venezuela fue como reportero para la OCI, (Oficina Central de Informaciones). Por muy caballero que fuera Rafael Caldera, Presidente de Venezuela en 1970, yo no estaba dispuesto a trabajar para ning\u00fan gobierno, por democr\u00e1tico que fuera. Dur\u00e9 un mes en esa posici\u00f3n y al siguiente, ya estaba buscando local para instalar mi estudio de fotogr\u00e1fico, <strong>\u00abJM &#8211; FOTOGRAFIA PUBLICITARIA\u00bb.<\/strong><\/p>\n\n\n\n<ul class=\"wp-block-list\"><li><strong>Mi ingreso al mundo art\u00edstico venezolano<\/strong><\/li><\/ul>\n\n\n\n<p>Mi recorrido por las empresas que pudieran generarme trabajo, me pase\u00f3 por agencias publicitarias, revistas, diarios, industrias y varias productoras de discos, cuyas portadas deber\u00edan ser ilustradas con fotograf\u00edas de artistas y orquestas. Fue as\u00ed como comenc\u00e9 a relacionarme con personas, empresas y artistas del mundo venezolano. Ra\u00fal Renau, productor &nbsp;art\u00edstico argentino, due\u00f1o de PROMUS, me dio una gran ayuda promocion\u00e1ndome como un \u201cfot\u00f3grafo\u2026 recomendable y creativo\u201d.<\/p>\n\n\n\n<p>Recuerdo muchos nombres que pasaron por las lentes de mis c\u00e1maras. Jos\u00e9 Luis Rodr\u00edguez, \u00abEl Puma\u00bb; Dimensi\u00f3n Latina; Hugo Blanco; Billo&#8217;s Caracas Boys, Oscar de Le\u00f3n, etc., etc. &nbsp;Pero m\u00e1s all\u00e1 de mis relaciones profesionales esto me permiti\u00f3 entrar en contacto con el folklore venezolano.<\/p>\n\n\n\n<p>Recuerdo que sufr\u00ed una verdadera conmoci\u00f3n cuando escuch\u00e9 por primera vez aut\u00e9ntica m\u00fasica venezolana. Me pareci\u00f3 tan hermosa, variada y fuerte, que mi vida musical cambi\u00f3 de repente. No me averg\u00fcenzo en reconocer que me olvid\u00e9 por completo del folklore argentino, peruano y andino al que tan estrechamente hab\u00eda estado ligado. Abandon\u00e9 por completo la guitarra, el charango y el bombo leg\u00fcero &nbsp;y me hice el firme prop\u00f3sito de aprender a tocar cuatro, arpa, bandola y todos los instrumentos que utilizan los m\u00fasicos en Venezuela. Empec\u00e9 a buscar contactos con obligaciones profesionales de fotograf\u00eda que me llevaran a viajar por el pa\u00eds, para visitar las ra\u00edces de esa contundente m\u00fasica que me estaba golpeando tan fuerte. Era demasiado. Yo s\u00f3lo conoc\u00eda Alma Llanera y poco m\u00e1s, pero la primera vez que escuch\u00e9 un PAJARILLO, sent\u00ed fr\u00edo en todo el cuerpo y recuerdo que hasta se me escaparon unas l\u00e1grimas. Como pod\u00eda un tema del folklore americano ser tan caliente y absolutamente diferente de las tristes y quejumbrosas melod\u00edas andinas y tan lejos de los insinuantes ritmos caribe\u00f1os? Gracias al hecho de que, a\u00f1os antes mi propia condici\u00f3n de fot\u00f3grafo periodista, me oblig\u00f3 a viajar por toda la Argentina, los Andes del Per\u00fa, Bolivia y Chile. Hab\u00eda enriquecido de manera especial mis conocimientos del folklore americano y en especial, del andino. Vidalas, Bagualas, Tristes, Zambas y Carnavalitos, representaban fehacientemente el sentir de ese pueblo ind\u00edgena lamentablemente muy sometido entonces y auto-sometido actualmente al poder\u00edo europeo. Yo era un enamorado de esa m\u00fasica y cre\u00eda que no exist\u00eda nada m\u00e1s. Despu\u00e9s de muchas cavilaciones &nbsp;llegu\u00e9 a la conclusi\u00f3n de que el secreto de la diferencia estaba en el pueblo. La gente y sus ra\u00edces. Mis respetos por los pueblos andinos con los cuales tan compresivo procuro ser, pero ah\u00ed estaba la diferencia. Uno, &nbsp;un llanero altivo, tosco pero fuerte y noble, que igual se monta en un bronco cerrero hasta domarlo como se abraza a un arpa arranc\u00e1ndole suaves arpegios de un pasaje llanero. El otro un indio humilde y sumiso que se esconde entre los cerros para sacarle en soledad, quejumbrosos sonidos a una quena o a un erke.<\/p>\n\n\n\n<ul class=\"wp-block-list\"><li><strong>El folklore venezolano. El cuatro<\/strong>.<\/li><\/ul>\n\n\n\n<p>Yo no conoc\u00eda nada diferente al folklore andino. Si hubiera empleado parte de mi tiempo en conocer Brasil, Cuba, Colombia, M\u00e9xico o Venezuela, habr\u00eda entendido que hay otro mundo tan aut\u00f3ctono y folkl\u00f3rico como el andino pero de caracter\u00edsticas opuestas. Pero el cambio y la sorpresa fue tan grande que reci\u00e9n a mis 30 a\u00f1os de edad su impacto me tom\u00f3 de sorpresa. Exist\u00eda otro folklore tan fuerte y altivo, tan bravo y rebelde como el de los gauchos rioplatenses en el sector norte de Am\u00e9rica del sur. El pueblo llanero de Venezuela y Colombia.<\/p>\n\n\n\n<p>Superada la sorpresa inicial, repart\u00ed mi tiempo entre buscar trabajo en fotograf\u00eda como en encontrar un alma caritativa que fuera capaz de prestarme un cuatro. Dada mi familiaridad con la guitarra, ve\u00eda m\u00e1s &nbsp;accesible el cuatro que cualquier otro instrumento t\u00edpico de la m\u00fasica venezolana. &nbsp;Finalmente apareci\u00f3 el hada madrina. Carmen de Romero, esposa del gran historiador, escritor y pol\u00edtico Vinicio Romero, que fue candidato a Presidente de la Naci\u00f3n y autor de numerosas obra dedicadas a Sim\u00f3n Bol\u00edvar, de las cuales fue famosa \u00abLAS AVENTURAS DE BOL\u00cdVAR\u00bb. &nbsp;Viv\u00edamos uno frente al otro en Santa Paula, El Cafetal. <em>\u00abCarmen necesito que me prestes por unos d\u00edas tu cuatro&#8230;\u00bb &nbsp;<\/em>Con el cuatro bajo el brazo llegu\u00e9 a mi apartamento y me sent\u00e9 en la sala para tratar de ejecutar alguno de los temas que conoc\u00eda. Al primer rasguido dije: <em>\u00abGuahh. Que es esto! Suena a diablos.\u00bb &nbsp;<\/em>Me puse a intentar encontrar la raz\u00f3n de un sonido tan desagradable y llegu\u00e9 a la conclusi\u00f3n de que estaba mal encordado. Protestando por la evidente \u00abincapacidad\u00bb de Carmen al encordar el cuatro, me aboqu\u00e9 a \u00abcorregir\u00bb el error poniendo las cuerdas como \u00abdeb\u00eda ser\u00bb. Como una guitarra. Una vez superado el escollo me dedique a intentar ejecutar algunas canciones que dominaba bien en guitarra. Todo perfecto. El cuatro sonaba divinamente.<\/p>\n\n\n\n<p>Me pas\u00e9 aproximadamente un mes practicando el rasguido del cuatro que, como todo el mundo sabe, es muy dif\u00edcil debido a las extra\u00f1as apoyaturas del tiempo cruzado. Semanas m\u00e1s tarde recibo una llamada de Carmen<em>: \u00abJorge. Necesito que me traigas el cuatro y vente t\u00fa y tu esposa. Esta noche nos visitan unos amigos de Vinicio y seguramente vamos a terminar, como siempre, cantando algo. Te espero a eso de las 8 de la noche&#8230;\u00bb &nbsp;<\/em>A las 8 en punto, Silvia y yo, cruz\u00e1bamos la calle para entrar en el edificio donde viv\u00edan Vinicio y Carmen. Todav\u00eda no hab\u00edan llegado los invitados. Menos mal! Evit\u00e9 que la rega\u00f1ina fuera en p\u00fablico. Cuando Carmen agarr\u00f3 el cuatro y trat\u00f3 de ajustar la afinaci\u00f3n, pego un grito seco: &nbsp;<em>\u00abJorge!!! que co\u00f1.. le hiciste a mi cuatro!!!\u00bb &nbsp;&nbsp;\u00abNada, por supuesto, solo que correg\u00ed el encordado que estaba mal.\u00bb &nbsp;&nbsp;\u00abY quien te dijo a t\u00ed que estaba mal? Lo encordaste como guitarra!!. Yo te mato!\u00bb &nbsp;<\/em>Esa fue mi incorporaci\u00f3n a esas frases misteriosas como: \u00abCAMBUR PINT\u00d3N&#8230;\u00bb e &nbsp;\u00abHIP\u00d3CRITA\u00bb &nbsp;con la que los principiantes aprenden a afinar los cuatros. Superado el inconveniente, terminamos cantando hasta las 3 de la ma\u00f1ana.<\/p>\n\n\n\n<p>Mi amor por el cuatro se fue consolidando a medida de progresaba en los intentos. No tuve maestro. S\u00f3lo escuchaba las cassettes y trataba de reproducirlos. La m\u00fasica y los tonos fueron f\u00e1ciles. El golpe y el ritmo fueron muy dif\u00edciles. quiz\u00e1s por ello, durante mucho tiempo tocaba el cuatro acompa\u00f1ando cantantes que finalmente opinaban: <em>\u00abTu tocas muy bien pero encuentro<\/em> <em>algo raro en tu rasguido&#8230; Es diferente al ritmo de otros.\u00bb<\/em> \u00a0\u00a0El golpe del cuatro apoya sobre el tiempo suave o d\u00e9bil mientras que la guitarra lo hace sobre el fuerte, esto hace que el rasguido resulte cruzado en el ritmo y muy dif\u00edcil de ejecutar, que es precisamente donde radica la belleza r\u00edtmica de la m\u00fasica venezolana. \u00a0Ya ten\u00eda mi propio cuatro y estaba en plena acci\u00f3n para conocer personalmente distintos fabricantes de Caracas primero y del pa\u00eds, a\u00f1os despu\u00e9s.<\/p>\n\n\n\n<p><strong><em>FIN DEL FRAGMENTO<\/em><\/strong><\/p>\n\n\n\n<p><a href=\"https:\/\/tucuatro.com\/camburpinton\/memorias-de-jem-jorge-moreau-y-su-amor-por-el-cuatro-parte-2\/\">Continuar leyendo la parte 2<\/a><\/p>\n","protected":false},"excerpt":{"rendered":"<p>FRAGMENTO Extra\u00eddo del &nbsp;libro memorias de JEM &nbsp;&nbsp;&nbsp; Escrito por Jorge Moreau VENEZUELA (El Cuatro) Adi\u00f3s a Buenos Aires A fines de los 60\u2019s, la situaci\u00f3n pol\u00edtica argentina se hab\u00eda puesto muy efervescente. La fuerzas armadas reaccionaban contra todo aquello que pudiera sugerir izquierdismo, rebeli\u00f3n o guerrilla. &nbsp;El odio entre las clases se hizo insoportable [&hellip;]<\/p>\n","protected":false},"author":1,"featured_media":8730,"comment_status":"open","ping_status":"open","sticky":false,"template":"","format":"standard","meta":{"content-type":"","footnotes":""},"categories":[2],"tags":[646],"class_list":["post-8684","post","type-post","status-publish","format-standard","has-post-thumbnail","hentry","category-cuatro","tag-jorge-moreau"],"yoast_head":"<!-- This site is optimized with the Yoast SEO plugin v27.2 - https:\/\/yoast.com\/product\/yoast-seo-wordpress\/ -->\n<title>Memorias de JEM - Jorge Moreau y su amor por el Cuatro - Parte 1 - CamburPinton<\/title>\n<meta name=\"description\" content=\"FRAGMENTO Extra\u00eddo del &nbsp;libro memorias de JEM &nbsp;&nbsp;&nbsp; Escrito por Jorge Moreau VENEZUELA (El Cuatro) Adi\u00f3s a Buenos Aires A fines de los\" \/>\n<meta name=\"robots\" content=\"index, follow, max-snippet:-1, max-image-preview:large, max-video-preview:-1\" \/>\n<link rel=\"canonical\" href=\"https:\/\/tucuatro.com\/camburpinton\/memorias-de-jem-jorge-moreau-y-su-amor-por-el-cuatro\/\" \/>\n<meta property=\"og:locale\" content=\"es_ES\" \/>\n<meta property=\"og:type\" content=\"article\" \/>\n<meta property=\"og:title\" content=\"Memorias de JEM - Jorge Moreau y su amor por el Cuatro - Parte 1 - CamburPinton\" \/>\n<meta property=\"og:description\" content=\"FRAGMENTO Extra\u00eddo del &nbsp;libro memorias de JEM &nbsp;&nbsp;&nbsp; Escrito por Jorge Moreau VENEZUELA (El Cuatro) Adi\u00f3s a Buenos Aires A fines de los\" \/>\n<meta property=\"og:url\" content=\"https:\/\/tucuatro.com\/camburpinton\/memorias-de-jem-jorge-moreau-y-su-amor-por-el-cuatro\/\" \/>\n<meta property=\"og:site_name\" content=\"CamburPinton\" \/>\n<meta property=\"article:published_time\" content=\"2017-07-24T18:39:12+00:00\" \/>\n<meta property=\"article:modified_time\" content=\"2021-07-05T16:16:01+00:00\" \/>\n<meta name=\"author\" content=\"TuCuatro\" \/>\n<meta name=\"twitter:card\" content=\"summary_large_image\" \/>\n<meta name=\"twitter:label1\" content=\"Escrito por\" \/>\n\t<meta name=\"twitter:data1\" content=\"TuCuatro\" \/>\n\t<meta name=\"twitter:label2\" content=\"Tiempo de lectura\" \/>\n\t<meta name=\"twitter:data2\" content=\"7 minutos\" \/>\n<script type=\"application\/ld+json\" class=\"yoast-schema-graph\">{\"@context\":\"https:\/\/schema.org\",\"@graph\":[{\"@type\":\"Article\",\"@id\":\"https:\/\/tucuatro.com\/camburpinton\/memorias-de-jem-jorge-moreau-y-su-amor-por-el-cuatro\/#article\",\"isPartOf\":{\"@id\":\"https:\/\/tucuatro.com\/camburpinton\/memorias-de-jem-jorge-moreau-y-su-amor-por-el-cuatro\/\"},\"author\":{\"name\":\"TuCuatro\",\"@id\":\"https:\/\/tucuatro.com\/camburpinton\/#\/schema\/person\/141b35330e8a81a00d5ef8935db77db8\"},\"headline\":\"Memorias de JEM &#8211; Jorge Moreau y su amor por el Cuatro &#8211; Parte 1\",\"datePublished\":\"2017-07-24T18:39:12+00:00\",\"dateModified\":\"2021-07-05T16:16:01+00:00\",\"mainEntityOfPage\":{\"@id\":\"https:\/\/tucuatro.com\/camburpinton\/memorias-de-jem-jorge-moreau-y-su-amor-por-el-cuatro\/\"},\"wordCount\":1661,\"commentCount\":1,\"publisher\":{\"@id\":\"https:\/\/tucuatro.com\/camburpinton\/#organization\"},\"image\":{\"@id\":\"https:\/\/tucuatro.com\/camburpinton\/memorias-de-jem-jorge-moreau-y-su-amor-por-el-cuatro\/#primaryimage\"},\"thumbnailUrl\":\"\",\"keywords\":[\"Jorge Moreau\"],\"articleSection\":[\"Cuatro Instrumento Musical\"],\"inLanguage\":\"es\",\"potentialAction\":[{\"@type\":\"CommentAction\",\"name\":\"Comment\",\"target\":[\"https:\/\/tucuatro.com\/camburpinton\/memorias-de-jem-jorge-moreau-y-su-amor-por-el-cuatro\/#respond\"]}]},{\"@type\":\"WebPage\",\"@id\":\"https:\/\/tucuatro.com\/camburpinton\/memorias-de-jem-jorge-moreau-y-su-amor-por-el-cuatro\/\",\"url\":\"https:\/\/tucuatro.com\/camburpinton\/memorias-de-jem-jorge-moreau-y-su-amor-por-el-cuatro\/\",\"name\":\"Memorias de JEM - Jorge Moreau y su amor por el Cuatro - Parte 1 - CamburPinton\",\"isPartOf\":{\"@id\":\"https:\/\/tucuatro.com\/camburpinton\/#website\"},\"primaryImageOfPage\":{\"@id\":\"https:\/\/tucuatro.com\/camburpinton\/memorias-de-jem-jorge-moreau-y-su-amor-por-el-cuatro\/#primaryimage\"},\"image\":{\"@id\":\"https:\/\/tucuatro.com\/camburpinton\/memorias-de-jem-jorge-moreau-y-su-amor-por-el-cuatro\/#primaryimage\"},\"thumbnailUrl\":\"\",\"datePublished\":\"2017-07-24T18:39:12+00:00\",\"dateModified\":\"2021-07-05T16:16:01+00:00\",\"description\":\"FRAGMENTO Extra\u00eddo del &nbsp;libro memorias de JEM &nbsp;&nbsp;&nbsp; Escrito por Jorge Moreau VENEZUELA (El Cuatro) Adi\u00f3s a Buenos Aires A fines de los\",\"breadcrumb\":{\"@id\":\"https:\/\/tucuatro.com\/camburpinton\/memorias-de-jem-jorge-moreau-y-su-amor-por-el-cuatro\/#breadcrumb\"},\"inLanguage\":\"es\",\"potentialAction\":[{\"@type\":\"ReadAction\",\"target\":[\"https:\/\/tucuatro.com\/camburpinton\/memorias-de-jem-jorge-moreau-y-su-amor-por-el-cuatro\/\"]}]},{\"@type\":\"ImageObject\",\"inLanguage\":\"es\",\"@id\":\"https:\/\/tucuatro.com\/camburpinton\/memorias-de-jem-jorge-moreau-y-su-amor-por-el-cuatro\/#primaryimage\",\"url\":\"\",\"contentUrl\":\"\"},{\"@type\":\"BreadcrumbList\",\"@id\":\"https:\/\/tucuatro.com\/camburpinton\/memorias-de-jem-jorge-moreau-y-su-amor-por-el-cuatro\/#breadcrumb\",\"itemListElement\":[{\"@type\":\"ListItem\",\"position\":1,\"name\":\"Portada\",\"item\":\"https:\/\/tucuatro.com\/camburpinton\/\"},{\"@type\":\"ListItem\",\"position\":2,\"name\":\"Memorias de JEM &#8211; Jorge Moreau y su amor por el Cuatro &#8211; Parte 1\"}]},{\"@type\":\"WebSite\",\"@id\":\"https:\/\/tucuatro.com\/camburpinton\/#website\",\"url\":\"https:\/\/tucuatro.com\/camburpinton\/\",\"name\":\"CamburPinton\",\"description\":\"El blog del Cuatro Venezolano, por TuCuatro\",\"publisher\":{\"@id\":\"https:\/\/tucuatro.com\/camburpinton\/#organization\"},\"potentialAction\":[{\"@type\":\"SearchAction\",\"target\":{\"@type\":\"EntryPoint\",\"urlTemplate\":\"https:\/\/tucuatro.com\/camburpinton\/?s={search_term_string}\"},\"query-input\":{\"@type\":\"PropertyValueSpecification\",\"valueRequired\":true,\"valueName\":\"search_term_string\"}}],\"inLanguage\":\"es\"},{\"@type\":\"Organization\",\"@id\":\"https:\/\/tucuatro.com\/camburpinton\/#organization\",\"name\":\"CamburPinton\",\"url\":\"https:\/\/tucuatro.com\/camburpinton\/\",\"logo\":{\"@type\":\"ImageObject\",\"inLanguage\":\"es\",\"@id\":\"https:\/\/tucuatro.com\/camburpinton\/#\/schema\/logo\/image\/\",\"url\":\"https:\/\/tucuatro.com\/camburpinton\/wp-content\/uploads\/sites\/5\/2020\/02\/fretboard_icon_black-64px.png\",\"contentUrl\":\"https:\/\/tucuatro.com\/camburpinton\/wp-content\/uploads\/sites\/5\/2020\/02\/fretboard_icon_black-64px.png\",\"width\":64,\"height\":107,\"caption\":\"CamburPinton\"},\"image\":{\"@id\":\"https:\/\/tucuatro.com\/camburpinton\/#\/schema\/logo\/image\/\"}},{\"@type\":\"Person\",\"@id\":\"https:\/\/tucuatro.com\/camburpinton\/#\/schema\/person\/141b35330e8a81a00d5ef8935db77db8\",\"name\":\"TuCuatro\",\"image\":{\"@type\":\"ImageObject\",\"inLanguage\":\"es\",\"@id\":\"https:\/\/lh3.googleusercontent.com\/a\/ACg8ocJpXWC78m2R156JH61_KLq0wcZxI053SsIf7o1CBbeaUklQQKLF=s96-c?sz=50\",\"url\":\"https:\/\/lh3.googleusercontent.com\/a\/ACg8ocJpXWC78m2R156JH61_KLq0wcZxI053SsIf7o1CBbeaUklQQKLF=s96-c?sz=50\",\"contentUrl\":\"https:\/\/lh3.googleusercontent.com\/a\/ACg8ocJpXWC78m2R156JH61_KLq0wcZxI053SsIf7o1CBbeaUklQQKLF=s96-c?sz=50\",\"caption\":\"TuCuatro\"},\"description\":\"El \u00fanico sitio web para aprender a tocar el Cuatro en l\u00ednea. Cursos gratuitos, lecciones y acceso a profesores y m\u00fasicos profesionales. Visita TuCuatro para conocer m\u00e1s.\",\"sameAs\":[\"https:\/\/tucuatro.com\"],\"url\":\"https:\/\/tucuatro.com\/camburpinton\/author\/tucuatro\/\"}]}<\/script>\n<!-- \/ Yoast SEO plugin. -->","yoast_head_json":{"title":"Memorias de JEM - Jorge Moreau y su amor por el Cuatro - Parte 1 - CamburPinton","description":"FRAGMENTO Extra\u00eddo del &nbsp;libro memorias de JEM &nbsp;&nbsp;&nbsp; Escrito por Jorge Moreau VENEZUELA (El Cuatro) Adi\u00f3s a Buenos Aires A fines de los","robots":{"index":"index","follow":"follow","max-snippet":"max-snippet:-1","max-image-preview":"max-image-preview:large","max-video-preview":"max-video-preview:-1"},"canonical":"https:\/\/tucuatro.com\/camburpinton\/memorias-de-jem-jorge-moreau-y-su-amor-por-el-cuatro\/","og_locale":"es_ES","og_type":"article","og_title":"Memorias de JEM - Jorge Moreau y su amor por el Cuatro - Parte 1 - CamburPinton","og_description":"FRAGMENTO Extra\u00eddo del &nbsp;libro memorias de JEM &nbsp;&nbsp;&nbsp; Escrito por Jorge Moreau VENEZUELA (El Cuatro) Adi\u00f3s a Buenos Aires A fines de los","og_url":"https:\/\/tucuatro.com\/camburpinton\/memorias-de-jem-jorge-moreau-y-su-amor-por-el-cuatro\/","og_site_name":"CamburPinton","article_published_time":"2017-07-24T18:39:12+00:00","article_modified_time":"2021-07-05T16:16:01+00:00","author":"TuCuatro","twitter_card":"summary_large_image","twitter_misc":{"Escrito por":"TuCuatro","Tiempo de lectura":"7 minutos"},"schema":{"@context":"https:\/\/schema.org","@graph":[{"@type":"Article","@id":"https:\/\/tucuatro.com\/camburpinton\/memorias-de-jem-jorge-moreau-y-su-amor-por-el-cuatro\/#article","isPartOf":{"@id":"https:\/\/tucuatro.com\/camburpinton\/memorias-de-jem-jorge-moreau-y-su-amor-por-el-cuatro\/"},"author":{"name":"TuCuatro","@id":"https:\/\/tucuatro.com\/camburpinton\/#\/schema\/person\/141b35330e8a81a00d5ef8935db77db8"},"headline":"Memorias de JEM &#8211; Jorge Moreau y su amor por el Cuatro &#8211; Parte 1","datePublished":"2017-07-24T18:39:12+00:00","dateModified":"2021-07-05T16:16:01+00:00","mainEntityOfPage":{"@id":"https:\/\/tucuatro.com\/camburpinton\/memorias-de-jem-jorge-moreau-y-su-amor-por-el-cuatro\/"},"wordCount":1661,"commentCount":1,"publisher":{"@id":"https:\/\/tucuatro.com\/camburpinton\/#organization"},"image":{"@id":"https:\/\/tucuatro.com\/camburpinton\/memorias-de-jem-jorge-moreau-y-su-amor-por-el-cuatro\/#primaryimage"},"thumbnailUrl":"","keywords":["Jorge Moreau"],"articleSection":["Cuatro Instrumento Musical"],"inLanguage":"es","potentialAction":[{"@type":"CommentAction","name":"Comment","target":["https:\/\/tucuatro.com\/camburpinton\/memorias-de-jem-jorge-moreau-y-su-amor-por-el-cuatro\/#respond"]}]},{"@type":"WebPage","@id":"https:\/\/tucuatro.com\/camburpinton\/memorias-de-jem-jorge-moreau-y-su-amor-por-el-cuatro\/","url":"https:\/\/tucuatro.com\/camburpinton\/memorias-de-jem-jorge-moreau-y-su-amor-por-el-cuatro\/","name":"Memorias de JEM - Jorge Moreau y su amor por el Cuatro - Parte 1 - CamburPinton","isPartOf":{"@id":"https:\/\/tucuatro.com\/camburpinton\/#website"},"primaryImageOfPage":{"@id":"https:\/\/tucuatro.com\/camburpinton\/memorias-de-jem-jorge-moreau-y-su-amor-por-el-cuatro\/#primaryimage"},"image":{"@id":"https:\/\/tucuatro.com\/camburpinton\/memorias-de-jem-jorge-moreau-y-su-amor-por-el-cuatro\/#primaryimage"},"thumbnailUrl":"","datePublished":"2017-07-24T18:39:12+00:00","dateModified":"2021-07-05T16:16:01+00:00","description":"FRAGMENTO Extra\u00eddo del &nbsp;libro memorias de JEM &nbsp;&nbsp;&nbsp; Escrito por Jorge Moreau VENEZUELA (El Cuatro) Adi\u00f3s a Buenos Aires A fines de los","breadcrumb":{"@id":"https:\/\/tucuatro.com\/camburpinton\/memorias-de-jem-jorge-moreau-y-su-amor-por-el-cuatro\/#breadcrumb"},"inLanguage":"es","potentialAction":[{"@type":"ReadAction","target":["https:\/\/tucuatro.com\/camburpinton\/memorias-de-jem-jorge-moreau-y-su-amor-por-el-cuatro\/"]}]},{"@type":"ImageObject","inLanguage":"es","@id":"https:\/\/tucuatro.com\/camburpinton\/memorias-de-jem-jorge-moreau-y-su-amor-por-el-cuatro\/#primaryimage","url":"","contentUrl":""},{"@type":"BreadcrumbList","@id":"https:\/\/tucuatro.com\/camburpinton\/memorias-de-jem-jorge-moreau-y-su-amor-por-el-cuatro\/#breadcrumb","itemListElement":[{"@type":"ListItem","position":1,"name":"Portada","item":"https:\/\/tucuatro.com\/camburpinton\/"},{"@type":"ListItem","position":2,"name":"Memorias de JEM &#8211; Jorge Moreau y su amor por el Cuatro &#8211; Parte 1"}]},{"@type":"WebSite","@id":"https:\/\/tucuatro.com\/camburpinton\/#website","url":"https:\/\/tucuatro.com\/camburpinton\/","name":"CamburPinton","description":"El blog del Cuatro Venezolano, por TuCuatro","publisher":{"@id":"https:\/\/tucuatro.com\/camburpinton\/#organization"},"potentialAction":[{"@type":"SearchAction","target":{"@type":"EntryPoint","urlTemplate":"https:\/\/tucuatro.com\/camburpinton\/?s={search_term_string}"},"query-input":{"@type":"PropertyValueSpecification","valueRequired":true,"valueName":"search_term_string"}}],"inLanguage":"es"},{"@type":"Organization","@id":"https:\/\/tucuatro.com\/camburpinton\/#organization","name":"CamburPinton","url":"https:\/\/tucuatro.com\/camburpinton\/","logo":{"@type":"ImageObject","inLanguage":"es","@id":"https:\/\/tucuatro.com\/camburpinton\/#\/schema\/logo\/image\/","url":"https:\/\/tucuatro.com\/camburpinton\/wp-content\/uploads\/sites\/5\/2020\/02\/fretboard_icon_black-64px.png","contentUrl":"https:\/\/tucuatro.com\/camburpinton\/wp-content\/uploads\/sites\/5\/2020\/02\/fretboard_icon_black-64px.png","width":64,"height":107,"caption":"CamburPinton"},"image":{"@id":"https:\/\/tucuatro.com\/camburpinton\/#\/schema\/logo\/image\/"}},{"@type":"Person","@id":"https:\/\/tucuatro.com\/camburpinton\/#\/schema\/person\/141b35330e8a81a00d5ef8935db77db8","name":"TuCuatro","image":{"@type":"ImageObject","inLanguage":"es","@id":"https:\/\/lh3.googleusercontent.com\/a\/ACg8ocJpXWC78m2R156JH61_KLq0wcZxI053SsIf7o1CBbeaUklQQKLF=s96-c?sz=50","url":"https:\/\/lh3.googleusercontent.com\/a\/ACg8ocJpXWC78m2R156JH61_KLq0wcZxI053SsIf7o1CBbeaUklQQKLF=s96-c?sz=50","contentUrl":"https:\/\/lh3.googleusercontent.com\/a\/ACg8ocJpXWC78m2R156JH61_KLq0wcZxI053SsIf7o1CBbeaUklQQKLF=s96-c?sz=50","caption":"TuCuatro"},"description":"El \u00fanico sitio web para aprender a tocar el Cuatro en l\u00ednea. Cursos gratuitos, lecciones y acceso a profesores y m\u00fasicos profesionales. Visita TuCuatro para conocer m\u00e1s.","sameAs":["https:\/\/tucuatro.com"],"url":"https:\/\/tucuatro.com\/camburpinton\/author\/tucuatro\/"}]}},"_links":{"self":[{"href":"https:\/\/tucuatro.com\/camburpinton\/wp-json\/wp\/v2\/posts\/8684","targetHints":{"allow":["GET"]}}],"collection":[{"href":"https:\/\/tucuatro.com\/camburpinton\/wp-json\/wp\/v2\/posts"}],"about":[{"href":"https:\/\/tucuatro.com\/camburpinton\/wp-json\/wp\/v2\/types\/post"}],"author":[{"embeddable":true,"href":"https:\/\/tucuatro.com\/camburpinton\/wp-json\/wp\/v2\/users\/1"}],"replies":[{"embeddable":true,"href":"https:\/\/tucuatro.com\/camburpinton\/wp-json\/wp\/v2\/comments?post=8684"}],"version-history":[{"count":0,"href":"https:\/\/tucuatro.com\/camburpinton\/wp-json\/wp\/v2\/posts\/8684\/revisions"}],"wp:featuredmedia":[{"embeddable":true,"href":"https:\/\/tucuatro.com\/camburpinton\/wp-json\/"}],"wp:attachment":[{"href":"https:\/\/tucuatro.com\/camburpinton\/wp-json\/wp\/v2\/media?parent=8684"}],"wp:term":[{"taxonomy":"category","embeddable":true,"href":"https:\/\/tucuatro.com\/camburpinton\/wp-json\/wp\/v2\/categories?post=8684"},{"taxonomy":"post_tag","embeddable":true,"href":"https:\/\/tucuatro.com\/camburpinton\/wp-json\/wp\/v2\/tags?post=8684"}],"curies":[{"name":"wp","href":"https:\/\/api.w.org\/{rel}","templated":true}]}}