{"id":9001,"date":"2014-12-04T09:26:33","date_gmt":"2014-12-04T13:56:33","guid":{"rendered":"http:\/\/info.tucuatro.com\/?p=2081"},"modified":"2020-02-22T13:28:25","modified_gmt":"2020-02-22T17:28:25","slug":"maibeth-espina-festival-nacional-de-cuatristas","status":"publish","type":"post","link":"https:\/\/tucuatro.com\/camburpinton\/maibeth-espina-festival-nacional-de-cuatristas\/","title":{"rendered":"Maibeth Espina lleva su Cuatro al Festival Nacional de Cuatristas."},"content":{"rendered":"<p style=\"text-align: center\"><em><strong>\u201cMaracaibo se viste de Cuatro\u201d es el nombre del Festival a celebrarse en el Estado Zulia, de la mano de La Fundaci\u00f3n Jazz y las nuevas tendencias, quienes han venido trabajando arduamente los \u00faltimos 4 a\u00f1os para traernos \u00e9sta primera edici\u00f3n en homenaje a Sir Augusto Ram\u00edrez Gamboa.<\/strong><\/em><\/p>\n<p>El festival que se realiza\u00a0del 27 de Noviembre al 07 de Diciembre de 2014\u00a0ser\u00e1 el broche de oro para cerrar el a\u00f1o internacional del Cuatro en Venezuela. \u00a0 bajo el t\u00edtulo <strong>\u00abEl Cuatro Convoca\u00bb<\/strong> se dar\u00e1n cita virtuosos cuatristas de todas partes del pa\u00eds; <strong>Marcel Montcourt<\/strong> (Anzo\u00e1tegui), <strong>Karello<\/strong> (Zulia), <strong>Edgardo Chirinos<\/strong> (Zulia \u2013 Falc\u00f3n), <strong>Nelson\u00a0Gonz\u00e1lez<\/strong> (Carabobo), <strong>Nerio Franco<\/strong> (Zulia), <strong>Luis Adolfo Baradat<\/strong> (Dtto. Capital), <strong>Mayneth Espina<\/strong> (Zulia) y <strong>Liceth\u00a0Hern\u00e1ndez<\/strong> (Carabobo \u2013 Barinas), entre otros.<\/p>\n<p>Unidos por la admiraci\u00f3n y el amor hacia el instrumento, todos estos virtuosos del cuatro ofrecer\u00e1n\u00a0conversatorios, foros e intercambio de ideas ademas de rendir\u00a0homenaje\u00a0al gran\u00a0m\u00fasico <strong>Sir Augusto Ram\u00edrez<\/strong>, fundador de la asociaci\u00f3n venezolana de cuatristas (AVECU) y presidente de la fundaci\u00f3n<strong> \u201dSu Majestad El Cuatro\u201d<\/strong> quien dej\u00f3 una herencia importante en cuanto al valor del instrumento como representante de nuestra identidad nacional.<\/p>\n<p>\u00a1Vamos todos a celebrar el crecimiento y trascendencia de nuestro instrumento como representaci\u00f3n de nuestra cultura!<\/p>\n<p>El festival es posible gracias a la colaboraci\u00f3n del Ministerio del Poder Popular para la Cultura a trav\u00e9s de la Fundaci\u00f3n Compa\u00f1\u00eda Nacional de M\u00fasica, la cual busca\u00a0brindar\u00a0espacios de intercambio y fortalecimiento a los amantes del cuatro Venezolano.<\/p>\n<p>El\u00a03 de Diciembre le toc\u00f3 el turno al cuatrista\u00a0<strong>Mayneth Espina<\/strong>\u00a0de hacernos sentir nuestras ra\u00edces venezolanas con su participaci\u00f3n dentro de la primera edici\u00f3n del Festival Nacional de Cuatristas.<\/p>\n<p>El Festival seguir\u00e1 presentando cuatristas de altura. El Viernes 05 de Diciembre podremos disfrutar de\u00a0Luis Adolfo Baradat,\u00a0Edgardo Chirinos,\u00a0Nelson Gonz\u00e1lez y\u00a0Nerio Franco. \u00a0El S\u00e1bado 06 de Diciembre le tocar\u00e1 el turno a Liceth Hern\u00e1ndez y nuevamente al maestro Mayneth Espina.<\/p>\n<p>\u00a1Un festival sencillamente maravilloso!<\/p>\n","protected":false},"excerpt":{"rendered":"<p>\u201cMaracaibo se viste de Cuatro\u201d es el nombre del Festival a celebrarse en el Estado Zulia, de la mano de La Fundaci\u00f3n Jazz y las nuevas tendencias, quienes han venido trabajando arduamente los \u00faltimos 4 a\u00f1os para traernos \u00e9sta primera edici\u00f3n en homenaje a Sir Augusto Ram\u00edrez Gamboa. El festival que se realiza\u00a0del 27 de [&hellip;]<\/p>\n","protected":false},"author":1,"featured_media":0,"comment_status":"open","ping_status":"open","sticky":false,"template":"","format":"standard","meta":{"content-type":"","footnotes":""},"categories":[30],"tags":[63,25,777,524,778,779],"class_list":["post-9001","post","type-post","status-publish","format-standard","hentry","category-noticias","tag-concierto","tag-cuatristas","tag-festival-nacional-de-cuatristas","tag-mayneth-espina","tag-sir-augusto-ramirez","tag-su-majestad-el-cuatro"],"yoast_head":"<!-- This site is optimized with the Yoast SEO plugin v27.2 - https:\/\/yoast.com\/product\/yoast-seo-wordpress\/ -->\n<title>Maibeth Espina lleva su Cuatro al Festival Nacional de Cuatristas. - CamburPinton<\/title>\n<meta name=\"description\" content=\"\u201cMaracaibo se viste de Cuatro\u201d es el nombre del Festival a celebrarse en el Estado Zulia, de la mano de La Fundaci\u00f3n Jazz y las nuevas tendencias, quienes\" \/>\n<meta name=\"robots\" content=\"index, follow, max-snippet:-1, max-image-preview:large, max-video-preview:-1\" \/>\n<link rel=\"canonical\" href=\"https:\/\/tucuatro.com\/camburpinton\/maibeth-espina-festival-nacional-de-cuatristas\/\" \/>\n<meta property=\"og:locale\" content=\"es_ES\" \/>\n<meta property=\"og:type\" content=\"article\" \/>\n<meta property=\"og:title\" content=\"Maibeth Espina lleva su Cuatro al Festival Nacional de Cuatristas. - CamburPinton\" \/>\n<meta property=\"og:description\" content=\"\u201cMaracaibo se viste de Cuatro\u201d es el nombre del Festival a celebrarse en el Estado Zulia, de la mano de La Fundaci\u00f3n Jazz y las nuevas tendencias, quienes\" \/>\n<meta property=\"og:url\" content=\"https:\/\/tucuatro.com\/camburpinton\/maibeth-espina-festival-nacional-de-cuatristas\/\" \/>\n<meta property=\"og:site_name\" content=\"CamburPinton\" \/>\n<meta property=\"article:published_time\" content=\"2014-12-04T13:56:33+00:00\" \/>\n<meta property=\"article:modified_time\" content=\"2020-02-22T17:28:25+00:00\" \/>\n<meta name=\"author\" content=\"TuCuatro\" \/>\n<meta name=\"twitter:card\" content=\"summary_large_image\" \/>\n<meta name=\"twitter:label1\" content=\"Escrito por\" \/>\n\t<meta name=\"twitter:data1\" content=\"TuCuatro\" \/>\n\t<meta name=\"twitter:label2\" content=\"Tiempo de lectura\" \/>\n\t<meta name=\"twitter:data2\" content=\"2 minutos\" \/>\n<script type=\"application\/ld+json\" class=\"yoast-schema-graph\">{\"@context\":\"https:\/\/schema.org\",\"@graph\":[{\"@type\":\"Article\",\"@id\":\"https:\/\/tucuatro.com\/camburpinton\/maibeth-espina-festival-nacional-de-cuatristas\/#article\",\"isPartOf\":{\"@id\":\"https:\/\/tucuatro.com\/camburpinton\/maibeth-espina-festival-nacional-de-cuatristas\/\"},\"author\":{\"name\":\"TuCuatro\",\"@id\":\"https:\/\/tucuatro.com\/camburpinton\/#\/schema\/person\/141b35330e8a81a00d5ef8935db77db8\"},\"headline\":\"Maibeth Espina lleva su Cuatro al Festival Nacional de Cuatristas.\",\"datePublished\":\"2014-12-04T13:56:33+00:00\",\"dateModified\":\"2020-02-22T17:28:25+00:00\",\"mainEntityOfPage\":{\"@id\":\"https:\/\/tucuatro.com\/camburpinton\/maibeth-espina-festival-nacional-de-cuatristas\/\"},\"wordCount\":356,\"commentCount\":0,\"publisher\":{\"@id\":\"https:\/\/tucuatro.com\/camburpinton\/#organization\"},\"keywords\":[\"concierto\",\"cuatristas\",\"Festival Nacional de Cuatristas\",\"Mayneth Espina\",\"Sir Augusto Ram\u00edrez\",\"Su Majestad el Cuatro\"],\"articleSection\":[\"Noticias\"],\"inLanguage\":\"es\",\"potentialAction\":[{\"@type\":\"CommentAction\",\"name\":\"Comment\",\"target\":[\"https:\/\/tucuatro.com\/camburpinton\/maibeth-espina-festival-nacional-de-cuatristas\/#respond\"]}]},{\"@type\":\"WebPage\",\"@id\":\"https:\/\/tucuatro.com\/camburpinton\/maibeth-espina-festival-nacional-de-cuatristas\/\",\"url\":\"https:\/\/tucuatro.com\/camburpinton\/maibeth-espina-festival-nacional-de-cuatristas\/\",\"name\":\"Maibeth Espina lleva su Cuatro al Festival Nacional de Cuatristas. - CamburPinton\",\"isPartOf\":{\"@id\":\"https:\/\/tucuatro.com\/camburpinton\/#website\"},\"datePublished\":\"2014-12-04T13:56:33+00:00\",\"dateModified\":\"2020-02-22T17:28:25+00:00\",\"description\":\"\u201cMaracaibo se viste de Cuatro\u201d es el nombre del Festival a celebrarse en el Estado Zulia, de la mano de La Fundaci\u00f3n Jazz y las nuevas tendencias, quienes\",\"breadcrumb\":{\"@id\":\"https:\/\/tucuatro.com\/camburpinton\/maibeth-espina-festival-nacional-de-cuatristas\/#breadcrumb\"},\"inLanguage\":\"es\",\"potentialAction\":[{\"@type\":\"ReadAction\",\"target\":[\"https:\/\/tucuatro.com\/camburpinton\/maibeth-espina-festival-nacional-de-cuatristas\/\"]}]},{\"@type\":\"BreadcrumbList\",\"@id\":\"https:\/\/tucuatro.com\/camburpinton\/maibeth-espina-festival-nacional-de-cuatristas\/#breadcrumb\",\"itemListElement\":[{\"@type\":\"ListItem\",\"position\":1,\"name\":\"Portada\",\"item\":\"https:\/\/tucuatro.com\/camburpinton\/\"},{\"@type\":\"ListItem\",\"position\":2,\"name\":\"Maibeth Espina lleva su Cuatro al Festival Nacional de Cuatristas.\"}]},{\"@type\":\"WebSite\",\"@id\":\"https:\/\/tucuatro.com\/camburpinton\/#website\",\"url\":\"https:\/\/tucuatro.com\/camburpinton\/\",\"name\":\"CamburPinton\",\"description\":\"El blog del Cuatro Venezolano, por TuCuatro\",\"publisher\":{\"@id\":\"https:\/\/tucuatro.com\/camburpinton\/#organization\"},\"potentialAction\":[{\"@type\":\"SearchAction\",\"target\":{\"@type\":\"EntryPoint\",\"urlTemplate\":\"https:\/\/tucuatro.com\/camburpinton\/?s={search_term_string}\"},\"query-input\":{\"@type\":\"PropertyValueSpecification\",\"valueRequired\":true,\"valueName\":\"search_term_string\"}}],\"inLanguage\":\"es\"},{\"@type\":\"Organization\",\"@id\":\"https:\/\/tucuatro.com\/camburpinton\/#organization\",\"name\":\"CamburPinton\",\"url\":\"https:\/\/tucuatro.com\/camburpinton\/\",\"logo\":{\"@type\":\"ImageObject\",\"inLanguage\":\"es\",\"@id\":\"https:\/\/tucuatro.com\/camburpinton\/#\/schema\/logo\/image\/\",\"url\":\"https:\/\/tucuatro.com\/camburpinton\/wp-content\/uploads\/sites\/5\/2020\/02\/fretboard_icon_black-64px.png\",\"contentUrl\":\"https:\/\/tucuatro.com\/camburpinton\/wp-content\/uploads\/sites\/5\/2020\/02\/fretboard_icon_black-64px.png\",\"width\":64,\"height\":107,\"caption\":\"CamburPinton\"},\"image\":{\"@id\":\"https:\/\/tucuatro.com\/camburpinton\/#\/schema\/logo\/image\/\"}},{\"@type\":\"Person\",\"@id\":\"https:\/\/tucuatro.com\/camburpinton\/#\/schema\/person\/141b35330e8a81a00d5ef8935db77db8\",\"name\":\"TuCuatro\",\"image\":{\"@type\":\"ImageObject\",\"inLanguage\":\"es\",\"@id\":\"https:\/\/lh3.googleusercontent.com\/a\/ACg8ocJpXWC78m2R156JH61_KLq0wcZxI053SsIf7o1CBbeaUklQQKLF=s96-c?sz=50\",\"url\":\"https:\/\/lh3.googleusercontent.com\/a\/ACg8ocJpXWC78m2R156JH61_KLq0wcZxI053SsIf7o1CBbeaUklQQKLF=s96-c?sz=50\",\"contentUrl\":\"https:\/\/lh3.googleusercontent.com\/a\/ACg8ocJpXWC78m2R156JH61_KLq0wcZxI053SsIf7o1CBbeaUklQQKLF=s96-c?sz=50\",\"caption\":\"TuCuatro\"},\"description\":\"El \u00fanico sitio web para aprender a tocar el Cuatro en l\u00ednea. Cursos gratuitos, lecciones y acceso a profesores y m\u00fasicos profesionales. Visita TuCuatro para conocer m\u00e1s.\",\"sameAs\":[\"https:\/\/tucuatro.com\"],\"url\":\"https:\/\/tucuatro.com\/camburpinton\/author\/tucuatro\/\"}]}<\/script>\n<!-- \/ Yoast SEO plugin. -->","yoast_head_json":{"title":"Maibeth Espina lleva su Cuatro al Festival Nacional de Cuatristas. - CamburPinton","description":"\u201cMaracaibo se viste de Cuatro\u201d es el nombre del Festival a celebrarse en el Estado Zulia, de la mano de La Fundaci\u00f3n Jazz y las nuevas tendencias, quienes","robots":{"index":"index","follow":"follow","max-snippet":"max-snippet:-1","max-image-preview":"max-image-preview:large","max-video-preview":"max-video-preview:-1"},"canonical":"https:\/\/tucuatro.com\/camburpinton\/maibeth-espina-festival-nacional-de-cuatristas\/","og_locale":"es_ES","og_type":"article","og_title":"Maibeth Espina lleva su Cuatro al Festival Nacional de Cuatristas. - CamburPinton","og_description":"\u201cMaracaibo se viste de Cuatro\u201d es el nombre del Festival a celebrarse en el Estado Zulia, de la mano de La Fundaci\u00f3n Jazz y las nuevas tendencias, quienes","og_url":"https:\/\/tucuatro.com\/camburpinton\/maibeth-espina-festival-nacional-de-cuatristas\/","og_site_name":"CamburPinton","article_published_time":"2014-12-04T13:56:33+00:00","article_modified_time":"2020-02-22T17:28:25+00:00","author":"TuCuatro","twitter_card":"summary_large_image","twitter_misc":{"Escrito por":"TuCuatro","Tiempo de lectura":"2 minutos"},"schema":{"@context":"https:\/\/schema.org","@graph":[{"@type":"Article","@id":"https:\/\/tucuatro.com\/camburpinton\/maibeth-espina-festival-nacional-de-cuatristas\/#article","isPartOf":{"@id":"https:\/\/tucuatro.com\/camburpinton\/maibeth-espina-festival-nacional-de-cuatristas\/"},"author":{"name":"TuCuatro","@id":"https:\/\/tucuatro.com\/camburpinton\/#\/schema\/person\/141b35330e8a81a00d5ef8935db77db8"},"headline":"Maibeth Espina lleva su Cuatro al Festival Nacional de Cuatristas.","datePublished":"2014-12-04T13:56:33+00:00","dateModified":"2020-02-22T17:28:25+00:00","mainEntityOfPage":{"@id":"https:\/\/tucuatro.com\/camburpinton\/maibeth-espina-festival-nacional-de-cuatristas\/"},"wordCount":356,"commentCount":0,"publisher":{"@id":"https:\/\/tucuatro.com\/camburpinton\/#organization"},"keywords":["concierto","cuatristas","Festival Nacional de Cuatristas","Mayneth Espina","Sir Augusto Ram\u00edrez","Su Majestad el Cuatro"],"articleSection":["Noticias"],"inLanguage":"es","potentialAction":[{"@type":"CommentAction","name":"Comment","target":["https:\/\/tucuatro.com\/camburpinton\/maibeth-espina-festival-nacional-de-cuatristas\/#respond"]}]},{"@type":"WebPage","@id":"https:\/\/tucuatro.com\/camburpinton\/maibeth-espina-festival-nacional-de-cuatristas\/","url":"https:\/\/tucuatro.com\/camburpinton\/maibeth-espina-festival-nacional-de-cuatristas\/","name":"Maibeth Espina lleva su Cuatro al Festival Nacional de Cuatristas. - CamburPinton","isPartOf":{"@id":"https:\/\/tucuatro.com\/camburpinton\/#website"},"datePublished":"2014-12-04T13:56:33+00:00","dateModified":"2020-02-22T17:28:25+00:00","description":"\u201cMaracaibo se viste de Cuatro\u201d es el nombre del Festival a celebrarse en el Estado Zulia, de la mano de La Fundaci\u00f3n Jazz y las nuevas tendencias, quienes","breadcrumb":{"@id":"https:\/\/tucuatro.com\/camburpinton\/maibeth-espina-festival-nacional-de-cuatristas\/#breadcrumb"},"inLanguage":"es","potentialAction":[{"@type":"ReadAction","target":["https:\/\/tucuatro.com\/camburpinton\/maibeth-espina-festival-nacional-de-cuatristas\/"]}]},{"@type":"BreadcrumbList","@id":"https:\/\/tucuatro.com\/camburpinton\/maibeth-espina-festival-nacional-de-cuatristas\/#breadcrumb","itemListElement":[{"@type":"ListItem","position":1,"name":"Portada","item":"https:\/\/tucuatro.com\/camburpinton\/"},{"@type":"ListItem","position":2,"name":"Maibeth Espina lleva su Cuatro al Festival Nacional de Cuatristas."}]},{"@type":"WebSite","@id":"https:\/\/tucuatro.com\/camburpinton\/#website","url":"https:\/\/tucuatro.com\/camburpinton\/","name":"CamburPinton","description":"El blog del Cuatro Venezolano, por TuCuatro","publisher":{"@id":"https:\/\/tucuatro.com\/camburpinton\/#organization"},"potentialAction":[{"@type":"SearchAction","target":{"@type":"EntryPoint","urlTemplate":"https:\/\/tucuatro.com\/camburpinton\/?s={search_term_string}"},"query-input":{"@type":"PropertyValueSpecification","valueRequired":true,"valueName":"search_term_string"}}],"inLanguage":"es"},{"@type":"Organization","@id":"https:\/\/tucuatro.com\/camburpinton\/#organization","name":"CamburPinton","url":"https:\/\/tucuatro.com\/camburpinton\/","logo":{"@type":"ImageObject","inLanguage":"es","@id":"https:\/\/tucuatro.com\/camburpinton\/#\/schema\/logo\/image\/","url":"https:\/\/tucuatro.com\/camburpinton\/wp-content\/uploads\/sites\/5\/2020\/02\/fretboard_icon_black-64px.png","contentUrl":"https:\/\/tucuatro.com\/camburpinton\/wp-content\/uploads\/sites\/5\/2020\/02\/fretboard_icon_black-64px.png","width":64,"height":107,"caption":"CamburPinton"},"image":{"@id":"https:\/\/tucuatro.com\/camburpinton\/#\/schema\/logo\/image\/"}},{"@type":"Person","@id":"https:\/\/tucuatro.com\/camburpinton\/#\/schema\/person\/141b35330e8a81a00d5ef8935db77db8","name":"TuCuatro","image":{"@type":"ImageObject","inLanguage":"es","@id":"https:\/\/lh3.googleusercontent.com\/a\/ACg8ocJpXWC78m2R156JH61_KLq0wcZxI053SsIf7o1CBbeaUklQQKLF=s96-c?sz=50","url":"https:\/\/lh3.googleusercontent.com\/a\/ACg8ocJpXWC78m2R156JH61_KLq0wcZxI053SsIf7o1CBbeaUklQQKLF=s96-c?sz=50","contentUrl":"https:\/\/lh3.googleusercontent.com\/a\/ACg8ocJpXWC78m2R156JH61_KLq0wcZxI053SsIf7o1CBbeaUklQQKLF=s96-c?sz=50","caption":"TuCuatro"},"description":"El \u00fanico sitio web para aprender a tocar el Cuatro en l\u00ednea. Cursos gratuitos, lecciones y acceso a profesores y m\u00fasicos profesionales. Visita TuCuatro para conocer m\u00e1s.","sameAs":["https:\/\/tucuatro.com"],"url":"https:\/\/tucuatro.com\/camburpinton\/author\/tucuatro\/"}]}},"_links":{"self":[{"href":"https:\/\/tucuatro.com\/camburpinton\/wp-json\/wp\/v2\/posts\/9001","targetHints":{"allow":["GET"]}}],"collection":[{"href":"https:\/\/tucuatro.com\/camburpinton\/wp-json\/wp\/v2\/posts"}],"about":[{"href":"https:\/\/tucuatro.com\/camburpinton\/wp-json\/wp\/v2\/types\/post"}],"author":[{"embeddable":true,"href":"https:\/\/tucuatro.com\/camburpinton\/wp-json\/wp\/v2\/users\/1"}],"replies":[{"embeddable":true,"href":"https:\/\/tucuatro.com\/camburpinton\/wp-json\/wp\/v2\/comments?post=9001"}],"version-history":[{"count":0,"href":"https:\/\/tucuatro.com\/camburpinton\/wp-json\/wp\/v2\/posts\/9001\/revisions"}],"wp:attachment":[{"href":"https:\/\/tucuatro.com\/camburpinton\/wp-json\/wp\/v2\/media?parent=9001"}],"wp:term":[{"taxonomy":"category","embeddable":true,"href":"https:\/\/tucuatro.com\/camburpinton\/wp-json\/wp\/v2\/categories?post=9001"},{"taxonomy":"post_tag","embeddable":true,"href":"https:\/\/tucuatro.com\/camburpinton\/wp-json\/wp\/v2\/tags?post=9001"}],"curies":[{"name":"wp","href":"https:\/\/api.w.org\/{rel}","templated":true}]}}