{"id":9006,"date":"2015-06-25T14:48:37","date_gmt":"2015-06-25T19:18:37","guid":{"rendered":"https:\/\/tucuatro.com\/info\/?p=2609"},"modified":"2020-02-22T13:28:23","modified_gmt":"2020-02-22T17:28:23","slug":"comienzan-los-conciertos-de-parang-en-trinidad-tobago-y-nuestro-cuatro-dice-presente","status":"publish","type":"post","link":"https:\/\/tucuatro.com\/camburpinton\/comienzan-los-conciertos-de-parang-en-trinidad-tobago-y-nuestro-cuatro-dice-presente\/","title":{"rendered":"Comienzan los conciertos de Parang en Trinidad &amp; Tobago y nuestro cuatro dice \u00a1presente!"},"content":{"rendered":"<p>Comienza la \u00e9poca de fiestas en Trinidad y nuestro cuatro resuena como el principal instrumento acompa\u00f1ante de los grupos de Parang<\/p>\n<p>Este Viernes 26 de Junio, la Asociaci\u00f3n Nacional de Parang en Trinidad organiza el primer concierto gratuito a realizarse en el Palms Club de Trinidad.<\/p>\n<p>El\u00a0concierto es una rendici\u00f3n de Parang hecho posible gracias a la participaci\u00f3n de las bandas:<\/p>\n<ul>\n<li>La Divina Pastora<\/li>\n<li>Fuego Caribe\u00f1o<\/li>\n<li>Dj. Mr. Desmond (Invitado Especial)<\/li>\n<\/ul>\n<p>Es una excelente oportunidad para comenzar a calentar el cuerpo para lo que ser\u00e1n las festividades de fin de a\u00f1o en la isla. \u00a0S\u00edguele los pasos al evento en Facebook:<\/p>\n<p><a href=\"https:\/\/www.facebook.com\/events\/628627730606692\/\">https:\/\/www.facebook.com\/events\/628627730606692\/<\/a><\/p>\n<p>Para que tu tambi\u00e9n te llenes de la energ\u00eda del Parang, te presentamos una canci\u00f3n interpretada por\u00a0Fuego Caribe\u00f1o: Rio Manzanares.<\/p>\n<p>[soundcloud url=\u00bbhttps:\/\/api.soundcloud.com\/tracks\/180917773&#8243; params=\u00bbauto_play=false&amp;hide_related=false&amp;show_comments=true&amp;show_user=true&amp;show_reposts=false&amp;visual=true\u00bb width=\u00bb100%\u00bb height=\u00bb450&#8243; iframe=\u00bbtrue\u00bb \/]<\/p>\n<p>&nbsp;<\/p>\n<p>The National Parang Association of Trinidad &amp; Tobago:<br \/>\n<a href=\"https:\/\/www.facebook.com\/pages\/The-National-Parang-Association-of-Trinidad-Tobago\/141527592542217\">https:\/\/www.facebook.com\/pages\/The-National-Parang-Association-of-Trinidad-Tobago\/141527592542217<\/a><\/p>\n","protected":false},"excerpt":{"rendered":"<p>Comienza la \u00e9poca de fiestas en Trinidad y nuestro cuatro resuena como el principal instrumento acompa\u00f1ante de los grupos de Parang Este Viernes 26 de Junio, la Asociaci\u00f3n Nacional de Parang en Trinidad organiza el primer concierto gratuito a realizarse en el Palms Club de Trinidad. El\u00a0concierto es una rendici\u00f3n de Parang hecho posible gracias [&hellip;]<\/p>\n","protected":false},"author":5823,"featured_media":2610,"comment_status":"open","ping_status":"open","sticky":false,"template":"","format":"standard","meta":{"content-type":"","footnotes":""},"categories":[30],"tags":[63],"class_list":["post-9006","post","type-post","status-publish","format-standard","has-post-thumbnail","hentry","category-noticias","tag-concierto"],"yoast_head":"<!-- This site is optimized with the Yoast SEO plugin v27.2 - https:\/\/yoast.com\/product\/yoast-seo-wordpress\/ -->\n<title>Comienzan los conciertos de Parang en Trinidad &amp; Tobago y nuestro cuatro dice \u00a1presente! - CamburPinton<\/title>\n<meta name=\"description\" content=\"Comienza la \u00e9poca de fiestas en Trinidad y nuestro cuatro resuena como el principal instrumento acompa\u00f1ante de los grupos de Parang Este Viernes 26 de\" \/>\n<meta name=\"robots\" content=\"index, follow, max-snippet:-1, max-image-preview:large, max-video-preview:-1\" \/>\n<link rel=\"canonical\" href=\"https:\/\/tucuatro.com\/camburpinton\/comienzan-los-conciertos-de-parang-en-trinidad-tobago-y-nuestro-cuatro-dice-presente\/\" \/>\n<meta property=\"og:locale\" content=\"es_ES\" \/>\n<meta property=\"og:type\" content=\"article\" \/>\n<meta property=\"og:title\" content=\"Comienzan los conciertos de Parang en Trinidad &amp; Tobago y nuestro cuatro dice \u00a1presente! - CamburPinton\" \/>\n<meta property=\"og:description\" content=\"Comienza la \u00e9poca de fiestas en Trinidad y nuestro cuatro resuena como el principal instrumento acompa\u00f1ante de los grupos de Parang Este Viernes 26 de\" \/>\n<meta property=\"og:url\" content=\"https:\/\/tucuatro.com\/camburpinton\/comienzan-los-conciertos-de-parang-en-trinidad-tobago-y-nuestro-cuatro-dice-presente\/\" \/>\n<meta property=\"og:site_name\" content=\"CamburPinton\" \/>\n<meta property=\"article:published_time\" content=\"2015-06-25T19:18:37+00:00\" \/>\n<meta property=\"article:modified_time\" content=\"2020-02-22T17:28:23+00:00\" \/>\n<meta name=\"author\" content=\"noticiastucuatro\" \/>\n<meta name=\"twitter:card\" content=\"summary_large_image\" \/>\n<meta name=\"twitter:label1\" content=\"Escrito por\" \/>\n\t<meta name=\"twitter:data1\" content=\"noticiastucuatro\" \/>\n\t<meta name=\"twitter:label2\" content=\"Tiempo de lectura\" \/>\n\t<meta name=\"twitter:data2\" content=\"1 minuto\" \/>\n<script type=\"application\/ld+json\" class=\"yoast-schema-graph\">{\"@context\":\"https:\/\/schema.org\",\"@graph\":[{\"@type\":\"Article\",\"@id\":\"https:\/\/tucuatro.com\/camburpinton\/comienzan-los-conciertos-de-parang-en-trinidad-tobago-y-nuestro-cuatro-dice-presente\/#article\",\"isPartOf\":{\"@id\":\"https:\/\/tucuatro.com\/camburpinton\/comienzan-los-conciertos-de-parang-en-trinidad-tobago-y-nuestro-cuatro-dice-presente\/\"},\"author\":{\"name\":\"noticiastucuatro\",\"@id\":\"https:\/\/tucuatro.com\/camburpinton\/#\/schema\/person\/bfbf34069d0728d153d7624713ba0f73\"},\"headline\":\"Comienzan los conciertos de Parang en Trinidad &amp; Tobago y nuestro cuatro dice \u00a1presente!\",\"datePublished\":\"2015-06-25T19:18:37+00:00\",\"dateModified\":\"2020-02-22T17:28:23+00:00\",\"mainEntityOfPage\":{\"@id\":\"https:\/\/tucuatro.com\/camburpinton\/comienzan-los-conciertos-de-parang-en-trinidad-tobago-y-nuestro-cuatro-dice-presente\/\"},\"wordCount\":202,\"commentCount\":0,\"publisher\":{\"@id\":\"https:\/\/tucuatro.com\/camburpinton\/#organization\"},\"image\":{\"@id\":\"https:\/\/tucuatro.com\/camburpinton\/comienzan-los-conciertos-de-parang-en-trinidad-tobago-y-nuestro-cuatro-dice-presente\/#primaryimage\"},\"thumbnailUrl\":\"\",\"keywords\":[\"concierto\"],\"articleSection\":[\"Noticias\"],\"inLanguage\":\"es\",\"potentialAction\":[{\"@type\":\"CommentAction\",\"name\":\"Comment\",\"target\":[\"https:\/\/tucuatro.com\/camburpinton\/comienzan-los-conciertos-de-parang-en-trinidad-tobago-y-nuestro-cuatro-dice-presente\/#respond\"]}]},{\"@type\":\"WebPage\",\"@id\":\"https:\/\/tucuatro.com\/camburpinton\/comienzan-los-conciertos-de-parang-en-trinidad-tobago-y-nuestro-cuatro-dice-presente\/\",\"url\":\"https:\/\/tucuatro.com\/camburpinton\/comienzan-los-conciertos-de-parang-en-trinidad-tobago-y-nuestro-cuatro-dice-presente\/\",\"name\":\"Comienzan los conciertos de Parang en Trinidad &amp; Tobago y nuestro cuatro dice \u00a1presente! - CamburPinton\",\"isPartOf\":{\"@id\":\"https:\/\/tucuatro.com\/camburpinton\/#website\"},\"primaryImageOfPage\":{\"@id\":\"https:\/\/tucuatro.com\/camburpinton\/comienzan-los-conciertos-de-parang-en-trinidad-tobago-y-nuestro-cuatro-dice-presente\/#primaryimage\"},\"image\":{\"@id\":\"https:\/\/tucuatro.com\/camburpinton\/comienzan-los-conciertos-de-parang-en-trinidad-tobago-y-nuestro-cuatro-dice-presente\/#primaryimage\"},\"thumbnailUrl\":\"\",\"datePublished\":\"2015-06-25T19:18:37+00:00\",\"dateModified\":\"2020-02-22T17:28:23+00:00\",\"description\":\"Comienza la \u00e9poca de fiestas en Trinidad y nuestro cuatro resuena como el principal instrumento acompa\u00f1ante de los grupos de Parang Este Viernes 26 de\",\"breadcrumb\":{\"@id\":\"https:\/\/tucuatro.com\/camburpinton\/comienzan-los-conciertos-de-parang-en-trinidad-tobago-y-nuestro-cuatro-dice-presente\/#breadcrumb\"},\"inLanguage\":\"es\",\"potentialAction\":[{\"@type\":\"ReadAction\",\"target\":[\"https:\/\/tucuatro.com\/camburpinton\/comienzan-los-conciertos-de-parang-en-trinidad-tobago-y-nuestro-cuatro-dice-presente\/\"]}]},{\"@type\":\"ImageObject\",\"inLanguage\":\"es\",\"@id\":\"https:\/\/tucuatro.com\/camburpinton\/comienzan-los-conciertos-de-parang-en-trinidad-tobago-y-nuestro-cuatro-dice-presente\/#primaryimage\",\"url\":\"\",\"contentUrl\":\"\"},{\"@type\":\"BreadcrumbList\",\"@id\":\"https:\/\/tucuatro.com\/camburpinton\/comienzan-los-conciertos-de-parang-en-trinidad-tobago-y-nuestro-cuatro-dice-presente\/#breadcrumb\",\"itemListElement\":[{\"@type\":\"ListItem\",\"position\":1,\"name\":\"Portada\",\"item\":\"https:\/\/tucuatro.com\/camburpinton\/\"},{\"@type\":\"ListItem\",\"position\":2,\"name\":\"Comienzan los conciertos de Parang en Trinidad &amp; Tobago y nuestro cuatro dice \u00a1presente!\"}]},{\"@type\":\"WebSite\",\"@id\":\"https:\/\/tucuatro.com\/camburpinton\/#website\",\"url\":\"https:\/\/tucuatro.com\/camburpinton\/\",\"name\":\"CamburPinton\",\"description\":\"El blog del Cuatro Venezolano, por TuCuatro\",\"publisher\":{\"@id\":\"https:\/\/tucuatro.com\/camburpinton\/#organization\"},\"potentialAction\":[{\"@type\":\"SearchAction\",\"target\":{\"@type\":\"EntryPoint\",\"urlTemplate\":\"https:\/\/tucuatro.com\/camburpinton\/?s={search_term_string}\"},\"query-input\":{\"@type\":\"PropertyValueSpecification\",\"valueRequired\":true,\"valueName\":\"search_term_string\"}}],\"inLanguage\":\"es\"},{\"@type\":\"Organization\",\"@id\":\"https:\/\/tucuatro.com\/camburpinton\/#organization\",\"name\":\"CamburPinton\",\"url\":\"https:\/\/tucuatro.com\/camburpinton\/\",\"logo\":{\"@type\":\"ImageObject\",\"inLanguage\":\"es\",\"@id\":\"https:\/\/tucuatro.com\/camburpinton\/#\/schema\/logo\/image\/\",\"url\":\"https:\/\/tucuatro.com\/camburpinton\/wp-content\/uploads\/sites\/5\/2020\/02\/fretboard_icon_black-64px.png\",\"contentUrl\":\"https:\/\/tucuatro.com\/camburpinton\/wp-content\/uploads\/sites\/5\/2020\/02\/fretboard_icon_black-64px.png\",\"width\":64,\"height\":107,\"caption\":\"CamburPinton\"},\"image\":{\"@id\":\"https:\/\/tucuatro.com\/camburpinton\/#\/schema\/logo\/image\/\"}},{\"@type\":\"Person\",\"@id\":\"https:\/\/tucuatro.com\/camburpinton\/#\/schema\/person\/bfbf34069d0728d153d7624713ba0f73\",\"name\":\"noticiastucuatro\",\"image\":{\"@type\":\"ImageObject\",\"inLanguage\":\"es\",\"@id\":\"https:\/\/secure.gravatar.com\/avatar\/fe802946c5fe8e2e31c544c3648f4a0e025f4e341fb6fecfd30ca95f639cd33e?s=96&d=mm&r=g\",\"url\":\"https:\/\/secure.gravatar.com\/avatar\/fe802946c5fe8e2e31c544c3648f4a0e025f4e341fb6fecfd30ca95f639cd33e?s=96&d=mm&r=g\",\"contentUrl\":\"https:\/\/secure.gravatar.com\/avatar\/fe802946c5fe8e2e31c544c3648f4a0e025f4e341fb6fecfd30ca95f639cd33e?s=96&d=mm&r=g\",\"caption\":\"noticiastucuatro\"},\"url\":\"https:\/\/tucuatro.com\/camburpinton\/author\/noticiastucuatro\/\"}]}<\/script>\n<!-- \/ Yoast SEO plugin. -->","yoast_head_json":{"title":"Comienzan los conciertos de Parang en Trinidad &amp; Tobago y nuestro cuatro dice \u00a1presente! - CamburPinton","description":"Comienza la \u00e9poca de fiestas en Trinidad y nuestro cuatro resuena como el principal instrumento acompa\u00f1ante de los grupos de Parang Este Viernes 26 de","robots":{"index":"index","follow":"follow","max-snippet":"max-snippet:-1","max-image-preview":"max-image-preview:large","max-video-preview":"max-video-preview:-1"},"canonical":"https:\/\/tucuatro.com\/camburpinton\/comienzan-los-conciertos-de-parang-en-trinidad-tobago-y-nuestro-cuatro-dice-presente\/","og_locale":"es_ES","og_type":"article","og_title":"Comienzan los conciertos de Parang en Trinidad &amp; Tobago y nuestro cuatro dice \u00a1presente! - CamburPinton","og_description":"Comienza la \u00e9poca de fiestas en Trinidad y nuestro cuatro resuena como el principal instrumento acompa\u00f1ante de los grupos de Parang Este Viernes 26 de","og_url":"https:\/\/tucuatro.com\/camburpinton\/comienzan-los-conciertos-de-parang-en-trinidad-tobago-y-nuestro-cuatro-dice-presente\/","og_site_name":"CamburPinton","article_published_time":"2015-06-25T19:18:37+00:00","article_modified_time":"2020-02-22T17:28:23+00:00","author":"noticiastucuatro","twitter_card":"summary_large_image","twitter_misc":{"Escrito por":"noticiastucuatro","Tiempo de lectura":"1 minuto"},"schema":{"@context":"https:\/\/schema.org","@graph":[{"@type":"Article","@id":"https:\/\/tucuatro.com\/camburpinton\/comienzan-los-conciertos-de-parang-en-trinidad-tobago-y-nuestro-cuatro-dice-presente\/#article","isPartOf":{"@id":"https:\/\/tucuatro.com\/camburpinton\/comienzan-los-conciertos-de-parang-en-trinidad-tobago-y-nuestro-cuatro-dice-presente\/"},"author":{"name":"noticiastucuatro","@id":"https:\/\/tucuatro.com\/camburpinton\/#\/schema\/person\/bfbf34069d0728d153d7624713ba0f73"},"headline":"Comienzan los conciertos de Parang en Trinidad &amp; Tobago y nuestro cuatro dice \u00a1presente!","datePublished":"2015-06-25T19:18:37+00:00","dateModified":"2020-02-22T17:28:23+00:00","mainEntityOfPage":{"@id":"https:\/\/tucuatro.com\/camburpinton\/comienzan-los-conciertos-de-parang-en-trinidad-tobago-y-nuestro-cuatro-dice-presente\/"},"wordCount":202,"commentCount":0,"publisher":{"@id":"https:\/\/tucuatro.com\/camburpinton\/#organization"},"image":{"@id":"https:\/\/tucuatro.com\/camburpinton\/comienzan-los-conciertos-de-parang-en-trinidad-tobago-y-nuestro-cuatro-dice-presente\/#primaryimage"},"thumbnailUrl":"","keywords":["concierto"],"articleSection":["Noticias"],"inLanguage":"es","potentialAction":[{"@type":"CommentAction","name":"Comment","target":["https:\/\/tucuatro.com\/camburpinton\/comienzan-los-conciertos-de-parang-en-trinidad-tobago-y-nuestro-cuatro-dice-presente\/#respond"]}]},{"@type":"WebPage","@id":"https:\/\/tucuatro.com\/camburpinton\/comienzan-los-conciertos-de-parang-en-trinidad-tobago-y-nuestro-cuatro-dice-presente\/","url":"https:\/\/tucuatro.com\/camburpinton\/comienzan-los-conciertos-de-parang-en-trinidad-tobago-y-nuestro-cuatro-dice-presente\/","name":"Comienzan los conciertos de Parang en Trinidad &amp; Tobago y nuestro cuatro dice \u00a1presente! - CamburPinton","isPartOf":{"@id":"https:\/\/tucuatro.com\/camburpinton\/#website"},"primaryImageOfPage":{"@id":"https:\/\/tucuatro.com\/camburpinton\/comienzan-los-conciertos-de-parang-en-trinidad-tobago-y-nuestro-cuatro-dice-presente\/#primaryimage"},"image":{"@id":"https:\/\/tucuatro.com\/camburpinton\/comienzan-los-conciertos-de-parang-en-trinidad-tobago-y-nuestro-cuatro-dice-presente\/#primaryimage"},"thumbnailUrl":"","datePublished":"2015-06-25T19:18:37+00:00","dateModified":"2020-02-22T17:28:23+00:00","description":"Comienza la \u00e9poca de fiestas en Trinidad y nuestro cuatro resuena como el principal instrumento acompa\u00f1ante de los grupos de Parang Este Viernes 26 de","breadcrumb":{"@id":"https:\/\/tucuatro.com\/camburpinton\/comienzan-los-conciertos-de-parang-en-trinidad-tobago-y-nuestro-cuatro-dice-presente\/#breadcrumb"},"inLanguage":"es","potentialAction":[{"@type":"ReadAction","target":["https:\/\/tucuatro.com\/camburpinton\/comienzan-los-conciertos-de-parang-en-trinidad-tobago-y-nuestro-cuatro-dice-presente\/"]}]},{"@type":"ImageObject","inLanguage":"es","@id":"https:\/\/tucuatro.com\/camburpinton\/comienzan-los-conciertos-de-parang-en-trinidad-tobago-y-nuestro-cuatro-dice-presente\/#primaryimage","url":"","contentUrl":""},{"@type":"BreadcrumbList","@id":"https:\/\/tucuatro.com\/camburpinton\/comienzan-los-conciertos-de-parang-en-trinidad-tobago-y-nuestro-cuatro-dice-presente\/#breadcrumb","itemListElement":[{"@type":"ListItem","position":1,"name":"Portada","item":"https:\/\/tucuatro.com\/camburpinton\/"},{"@type":"ListItem","position":2,"name":"Comienzan los conciertos de Parang en Trinidad &amp; Tobago y nuestro cuatro dice \u00a1presente!"}]},{"@type":"WebSite","@id":"https:\/\/tucuatro.com\/camburpinton\/#website","url":"https:\/\/tucuatro.com\/camburpinton\/","name":"CamburPinton","description":"El blog del Cuatro Venezolano, por TuCuatro","publisher":{"@id":"https:\/\/tucuatro.com\/camburpinton\/#organization"},"potentialAction":[{"@type":"SearchAction","target":{"@type":"EntryPoint","urlTemplate":"https:\/\/tucuatro.com\/camburpinton\/?s={search_term_string}"},"query-input":{"@type":"PropertyValueSpecification","valueRequired":true,"valueName":"search_term_string"}}],"inLanguage":"es"},{"@type":"Organization","@id":"https:\/\/tucuatro.com\/camburpinton\/#organization","name":"CamburPinton","url":"https:\/\/tucuatro.com\/camburpinton\/","logo":{"@type":"ImageObject","inLanguage":"es","@id":"https:\/\/tucuatro.com\/camburpinton\/#\/schema\/logo\/image\/","url":"https:\/\/tucuatro.com\/camburpinton\/wp-content\/uploads\/sites\/5\/2020\/02\/fretboard_icon_black-64px.png","contentUrl":"https:\/\/tucuatro.com\/camburpinton\/wp-content\/uploads\/sites\/5\/2020\/02\/fretboard_icon_black-64px.png","width":64,"height":107,"caption":"CamburPinton"},"image":{"@id":"https:\/\/tucuatro.com\/camburpinton\/#\/schema\/logo\/image\/"}},{"@type":"Person","@id":"https:\/\/tucuatro.com\/camburpinton\/#\/schema\/person\/bfbf34069d0728d153d7624713ba0f73","name":"noticiastucuatro","image":{"@type":"ImageObject","inLanguage":"es","@id":"https:\/\/secure.gravatar.com\/avatar\/fe802946c5fe8e2e31c544c3648f4a0e025f4e341fb6fecfd30ca95f639cd33e?s=96&d=mm&r=g","url":"https:\/\/secure.gravatar.com\/avatar\/fe802946c5fe8e2e31c544c3648f4a0e025f4e341fb6fecfd30ca95f639cd33e?s=96&d=mm&r=g","contentUrl":"https:\/\/secure.gravatar.com\/avatar\/fe802946c5fe8e2e31c544c3648f4a0e025f4e341fb6fecfd30ca95f639cd33e?s=96&d=mm&r=g","caption":"noticiastucuatro"},"url":"https:\/\/tucuatro.com\/camburpinton\/author\/noticiastucuatro\/"}]}},"_links":{"self":[{"href":"https:\/\/tucuatro.com\/camburpinton\/wp-json\/wp\/v2\/posts\/9006","targetHints":{"allow":["GET"]}}],"collection":[{"href":"https:\/\/tucuatro.com\/camburpinton\/wp-json\/wp\/v2\/posts"}],"about":[{"href":"https:\/\/tucuatro.com\/camburpinton\/wp-json\/wp\/v2\/types\/post"}],"author":[{"embeddable":true,"href":"https:\/\/tucuatro.com\/camburpinton\/wp-json\/wp\/v2\/users\/5823"}],"replies":[{"embeddable":true,"href":"https:\/\/tucuatro.com\/camburpinton\/wp-json\/wp\/v2\/comments?post=9006"}],"version-history":[{"count":0,"href":"https:\/\/tucuatro.com\/camburpinton\/wp-json\/wp\/v2\/posts\/9006\/revisions"}],"wp:featuredmedia":[{"embeddable":true,"href":"https:\/\/tucuatro.com\/camburpinton\/wp-json\/"}],"wp:attachment":[{"href":"https:\/\/tucuatro.com\/camburpinton\/wp-json\/wp\/v2\/media?parent=9006"}],"wp:term":[{"taxonomy":"category","embeddable":true,"href":"https:\/\/tucuatro.com\/camburpinton\/wp-json\/wp\/v2\/categories?post=9006"},{"taxonomy":"post_tag","embeddable":true,"href":"https:\/\/tucuatro.com\/camburpinton\/wp-json\/wp\/v2\/tags?post=9006"}],"curies":[{"name":"wp","href":"https:\/\/api.w.org\/{rel}","templated":true}]}}