{"id":915,"date":"2011-05-12T08:58:44","date_gmt":"2011-05-12T13:28:44","guid":{"rendered":"https:\/\/tucuatro.com\/camburpinton\/?p=915"},"modified":"2020-02-22T15:03:03","modified_gmt":"2020-02-22T19:03:03","slug":"compadre-pancho-cheo-hurtado","status":"publish","type":"post","link":"https:\/\/tucuatro.com\/camburpinton\/compadre-pancho-cheo-hurtado\/","title":{"rendered":"Compadre Pancho &#8211; Cheo Hurtado"},"content":{"rendered":"<p style=\"text-align: justify\">\u00bf Se acuerdan del primer CD que grab\u00f3 Cheo Hurtado en 1993 ?<\/p>\n<p style=\"text-align: center\"><a href=\"http:\/\/sincopa.com\/ethnic\/cdinfo1\/cheohur_compadre.htm\"><img decoding=\"async\" class=\"size-full wp-image-916 aligncenter\" title=\"cheohur_compadre\" src=\"https:\/\/tucuatro.com\/wp-content\/uploads\/sites\/3\/2011\/01\/cheohur_compadre.jpg\" alt=\"\" width=\"160\" height=\"160\" \/><\/a><\/p>\n<div id=\"_mcePaste\" style=\"text-align: center\"><strong>Cheo Hurtado<\/strong><\/div>\n<div id=\"_mcePaste\" style=\"text-align: center\"><a href=\"http:\/\/sincopa.com\/ethnic\/cdinfo1\/cheohur_compadre.htm\" target=\"_blank\" rel=\"noopener noreferrer\">Compadre Pancho<\/a><\/div>\n<div id=\"_mcePaste\" style=\"text-align: center\">1993 \u00a0(CD)<\/div>\n<p>Con ese CD fue que m\u00e1s de uno de los cuatristas de la actualidad aprendimos a tocar. \u00a0Era, de hecho, el \u00fanico CD de cuatrista solista que se conoc\u00eda comercialmente. \u00a0Recuerdo que oirlo por primera vez fue algo increible. \u00a0Pocos cuatristas se hab\u00edan animado a grabar tantas canciones solistas en un CD.<!--more--><\/p>\n<p>De ah\u00ed yo me aprend\u00ed la versi\u00f3n de Sin Rencor instrumental para Cuatro Solista, canci\u00f3n que grab\u00e9 luego el 2006 para Youtube (<a href=\"http:\/\/www.youtube.com\/watch?v=hkDImtmJkCc\">http:\/\/www.youtube.com\/watch?v=hkDImtmJkCc<\/a>)<\/p>\n<p>Tambi\u00e9n hay varios cuatristas que aprendieron de esta gran obra canciones como \u00abVals en FA\u00bb como Luis Natera (<a href=\"http:\/\/www.youtube.com\/watch?v=LxXyLtHFBUw\">http:\/\/www.youtube.com\/watch?v=LxXyLtHFBUw<\/a>) qui\u00e9n version\u00f3 a su propio estilo la canci\u00f3n.<\/p>\n<p>Definitivamente fue un CD que abri\u00f3 camino a infinidad de cuatristas para aprender un estilo totalmente revolucionario para la \u00e9poca y que hoy en d\u00eda se ha convertido en el est\u00e1ndar para tocar cuatro.<\/p>\n<p>Las canciones que tra\u00eda este CD eran:<\/p>\n<p>01- <strong>Zumba pa&#8217; tras<\/strong> (Folklore) 3:34<\/p>\n<p>02- <strong>Compadre Pancho<\/strong> (Lorenzo Herrera) 2:12<\/p>\n<p>03- <strong>Registro del Pajarillo<\/strong> (Folklore) 3:40<\/p>\n<p>04- <strong>La Autonom\u00eda<\/strong> (Recompilation Ram\u00f3n Hurtado) 1:52<\/p>\n<p>05- <strong>Mosaico Gaitas<\/strong> 3:38<\/p>\n<p>Sin Rencor (Neguito Borjas)<\/p>\n<p>La Cabra Mocha (Jes\u00fas Lozano)<\/p>\n<p>06- <strong>Vals en Fa<\/strong> (Recompilation Ram\u00f3n Hurtado) 3:04<\/p>\n<p>07- <strong>Amanecer Tuyero<\/strong> (Fulgencio Aquino) 4:21<\/p>\n<p>08- <strong>Gavil\u00e1n Retoz\u00f3n<\/strong> (Folklore) 2:49<\/p>\n<p>09- <strong>Malvina <\/strong>(Nicanor Santa Mar\u00eda) 1:54<\/p>\n<p>10- <strong>Caballo Viejo<\/strong> (Sim\u00f3n D\u00edaz) 2:15<\/p>\n<p>11- <strong>El Sapo<\/strong> (Alejandro Vargas) 3:44<\/p>\n<p>12- <strong>La Potranca Zaina<\/strong> (Juan Vicente Torrealba) 2:54<\/p>\n<p>13- <strong>Huele a Flores<\/strong> (Ram\u00f3n Hurtado) 2:27<\/p>\n<p>14- <strong>Mosaico Joropos<\/strong> 2:25<\/p>\n<p>Ramoncito en Cimarrona (D.D.)<\/p>\n<p>La Guachafita (Alberto Mu\u00f1oz)<\/p>\n<p>15- <strong>La Comae Joaquina <\/strong> (Luis Laguna) 2:19<\/p>\n<p>16- <strong>Fiesta En El Orza <\/strong> (Eneas Perdomo) 2:08<\/p>\n<p>17- <strong>Nuestras Dos Almas<\/strong> (F\u00e9lix Mej\u00edas\/Celio Delgado) 2:50<\/p>\n<p>18- <strong>Mosaico Merengues<\/strong> 3:16<\/p>\n<p>El Manguero (Angel Avila)<\/p>\n<p>La Sapoara (Francisco Carre\u00f1o)<\/p>\n<p>El Norte es una Quimera (Luis Fragach\u00e1n)<\/p>\n","protected":false},"excerpt":{"rendered":"<p style=\"text-align: justify\">\u00bf Se acuerdan del primer CD que grab\u00f3 Cheo Hurtado en 1993 ?<\/p>\n<p style=\"text-align: center\">\n<div id=\"_mcePaste\" style=\"text-align: center\"><strong>Cheo Hurtado<\/strong><\/div>\n<div id=\"_mcePaste\" style=\"text-align: center\">Compadre Pancho<\/div>\n<div id=\"_mcePaste\" style=\"text-align: center\">1993 \u00a0(CD)<\/div>\n<p>Con ese CD fue que m\u00e1s de uno de los cuatristas de la actualidad aprendimos a tocar. \u00a0Era, de hecho, el<\/p>\n","protected":false},"author":23,"featured_media":0,"comment_status":"open","ping_status":"open","sticky":false,"template":"","format":"standard","meta":{"content-type":"","footnotes":""},"categories":[2,30,41],"tags":[120,21,121,19,118,336,92,132,415],"class_list":["post-915","post","type-post","status-publish","format-standard","hentry","category-cuatro","category-noticias","category-tocar","tag-cd","tag-cheo-hurtado","tag-compadre-pancho","tag-cuatrista","tag-gaita","tag-luis-natera","tag-musica","tag-resena","tag-simon-diaz"],"yoast_head":"<!-- This site is optimized with the Yoast SEO plugin v27.2 - https:\/\/yoast.com\/product\/yoast-seo-wordpress\/ -->\n<title>Compadre Pancho - Cheo Hurtado - CamburPinton<\/title>\n<meta name=\"description\" content=\"\u00bf Se acuerdan del primer CD que grab\u00f3 Cheo Hurtado en 1993 ?   Cheo Hurtado Compadre Pancho 1993 \u00a0(CD) Con ese CD fue que m\u00e1s de uno de los cuatristas de la actualidad aprendimos a tocar. \u00a0Era, de hecho, el\" \/>\n<meta name=\"robots\" content=\"index, follow, max-snippet:-1, max-image-preview:large, max-video-preview:-1\" \/>\n<link rel=\"canonical\" href=\"https:\/\/tucuatro.com\/camburpinton\/compadre-pancho-cheo-hurtado\/\" \/>\n<meta property=\"og:locale\" content=\"es_ES\" \/>\n<meta property=\"og:type\" content=\"article\" \/>\n<meta property=\"og:title\" content=\"Compadre Pancho - Cheo Hurtado - CamburPinton\" \/>\n<meta property=\"og:description\" content=\"\u00bf Se acuerdan del primer CD que grab\u00f3 Cheo Hurtado en 1993 ?   Cheo Hurtado Compadre Pancho 1993 \u00a0(CD) Con ese CD fue que m\u00e1s de uno de los cuatristas de la actualidad aprendimos a tocar. \u00a0Era, de hecho, el\" \/>\n<meta property=\"og:url\" content=\"https:\/\/tucuatro.com\/camburpinton\/compadre-pancho-cheo-hurtado\/\" \/>\n<meta property=\"og:site_name\" content=\"CamburPinton\" \/>\n<meta property=\"article:published_time\" content=\"2011-05-12T13:28:44+00:00\" \/>\n<meta property=\"article:modified_time\" content=\"2020-02-22T19:03:03+00:00\" \/>\n<meta property=\"og:image\" content=\"https:\/\/tucuatro.com\/wp-content\/uploads\/sites\/3\/2011\/01\/cheohur_compadre.jpg\" \/>\n<meta name=\"author\" content=\"Adrian Toro\" \/>\n<meta name=\"twitter:card\" content=\"summary_large_image\" \/>\n<meta name=\"twitter:label1\" content=\"Escrito por\" \/>\n\t<meta name=\"twitter:data1\" content=\"Adrian Toro\" \/>\n\t<meta name=\"twitter:label2\" content=\"Tiempo de lectura\" \/>\n\t<meta name=\"twitter:data2\" content=\"2 minutos\" \/>\n<script type=\"application\/ld+json\" class=\"yoast-schema-graph\">{\"@context\":\"https:\/\/schema.org\",\"@graph\":[{\"@type\":\"Article\",\"@id\":\"https:\/\/tucuatro.com\/camburpinton\/compadre-pancho-cheo-hurtado\/#article\",\"isPartOf\":{\"@id\":\"https:\/\/tucuatro.com\/camburpinton\/compadre-pancho-cheo-hurtado\/\"},\"author\":{\"name\":\"Adrian Toro\",\"@id\":\"https:\/\/tucuatro.com\/camburpinton\/#\/schema\/person\/182f36d7f076c0e15716be890bb6d074\"},\"headline\":\"Compadre Pancho &#8211; Cheo Hurtado\",\"datePublished\":\"2011-05-12T13:28:44+00:00\",\"dateModified\":\"2020-02-22T19:03:03+00:00\",\"mainEntityOfPage\":{\"@id\":\"https:\/\/tucuatro.com\/camburpinton\/compadre-pancho-cheo-hurtado\/\"},\"wordCount\":328,\"commentCount\":1,\"publisher\":{\"@id\":\"https:\/\/tucuatro.com\/camburpinton\/#organization\"},\"image\":{\"@id\":\"https:\/\/tucuatro.com\/camburpinton\/compadre-pancho-cheo-hurtado\/#primaryimage\"},\"thumbnailUrl\":\"https:\/\/tucuatro.com\/wp-content\/uploads\/sites\/3\/2011\/01\/cheohur_compadre.jpg\",\"keywords\":[\"cd\",\"Cheo Hurtado\",\"compadre pancho\",\"cuatrista\",\"gaita\",\"luis natera\",\"musica\",\"rese\u00f1a\",\"simon diaz\"],\"articleSection\":[\"Cuatro Instrumento Musical\",\"Noticias\",\"Tocar\"],\"inLanguage\":\"es\",\"potentialAction\":[{\"@type\":\"CommentAction\",\"name\":\"Comment\",\"target\":[\"https:\/\/tucuatro.com\/camburpinton\/compadre-pancho-cheo-hurtado\/#respond\"]}]},{\"@type\":\"WebPage\",\"@id\":\"https:\/\/tucuatro.com\/camburpinton\/compadre-pancho-cheo-hurtado\/\",\"url\":\"https:\/\/tucuatro.com\/camburpinton\/compadre-pancho-cheo-hurtado\/\",\"name\":\"Compadre Pancho - Cheo Hurtado - CamburPinton\",\"isPartOf\":{\"@id\":\"https:\/\/tucuatro.com\/camburpinton\/#website\"},\"primaryImageOfPage\":{\"@id\":\"https:\/\/tucuatro.com\/camburpinton\/compadre-pancho-cheo-hurtado\/#primaryimage\"},\"image\":{\"@id\":\"https:\/\/tucuatro.com\/camburpinton\/compadre-pancho-cheo-hurtado\/#primaryimage\"},\"thumbnailUrl\":\"https:\/\/tucuatro.com\/wp-content\/uploads\/sites\/3\/2011\/01\/cheohur_compadre.jpg\",\"datePublished\":\"2011-05-12T13:28:44+00:00\",\"dateModified\":\"2020-02-22T19:03:03+00:00\",\"description\":\"\u00bf Se acuerdan del primer CD que grab\u00f3 Cheo Hurtado en 1993 ? Cheo Hurtado Compadre Pancho 1993 \u00a0(CD) Con ese CD fue que m\u00e1s de uno de los cuatristas de la actualidad aprendimos a tocar. \u00a0Era, de hecho, el\",\"breadcrumb\":{\"@id\":\"https:\/\/tucuatro.com\/camburpinton\/compadre-pancho-cheo-hurtado\/#breadcrumb\"},\"inLanguage\":\"es\",\"potentialAction\":[{\"@type\":\"ReadAction\",\"target\":[\"https:\/\/tucuatro.com\/camburpinton\/compadre-pancho-cheo-hurtado\/\"]}]},{\"@type\":\"ImageObject\",\"inLanguage\":\"es\",\"@id\":\"https:\/\/tucuatro.com\/camburpinton\/compadre-pancho-cheo-hurtado\/#primaryimage\",\"url\":\"https:\/\/tucuatro.com\/wp-content\/uploads\/sites\/3\/2011\/01\/cheohur_compadre.jpg\",\"contentUrl\":\"https:\/\/tucuatro.com\/wp-content\/uploads\/sites\/3\/2011\/01\/cheohur_compadre.jpg\"},{\"@type\":\"BreadcrumbList\",\"@id\":\"https:\/\/tucuatro.com\/camburpinton\/compadre-pancho-cheo-hurtado\/#breadcrumb\",\"itemListElement\":[{\"@type\":\"ListItem\",\"position\":1,\"name\":\"Portada\",\"item\":\"https:\/\/tucuatro.com\/camburpinton\/\"},{\"@type\":\"ListItem\",\"position\":2,\"name\":\"Compadre Pancho &#8211; Cheo Hurtado\"}]},{\"@type\":\"WebSite\",\"@id\":\"https:\/\/tucuatro.com\/camburpinton\/#website\",\"url\":\"https:\/\/tucuatro.com\/camburpinton\/\",\"name\":\"CamburPinton\",\"description\":\"El blog del Cuatro Venezolano, por TuCuatro\",\"publisher\":{\"@id\":\"https:\/\/tucuatro.com\/camburpinton\/#organization\"},\"potentialAction\":[{\"@type\":\"SearchAction\",\"target\":{\"@type\":\"EntryPoint\",\"urlTemplate\":\"https:\/\/tucuatro.com\/camburpinton\/?s={search_term_string}\"},\"query-input\":{\"@type\":\"PropertyValueSpecification\",\"valueRequired\":true,\"valueName\":\"search_term_string\"}}],\"inLanguage\":\"es\"},{\"@type\":\"Organization\",\"@id\":\"https:\/\/tucuatro.com\/camburpinton\/#organization\",\"name\":\"CamburPinton\",\"url\":\"https:\/\/tucuatro.com\/camburpinton\/\",\"logo\":{\"@type\":\"ImageObject\",\"inLanguage\":\"es\",\"@id\":\"https:\/\/tucuatro.com\/camburpinton\/#\/schema\/logo\/image\/\",\"url\":\"https:\/\/tucuatro.com\/camburpinton\/wp-content\/uploads\/sites\/5\/2020\/02\/fretboard_icon_black-64px.png\",\"contentUrl\":\"https:\/\/tucuatro.com\/camburpinton\/wp-content\/uploads\/sites\/5\/2020\/02\/fretboard_icon_black-64px.png\",\"width\":64,\"height\":107,\"caption\":\"CamburPinton\"},\"image\":{\"@id\":\"https:\/\/tucuatro.com\/camburpinton\/#\/schema\/logo\/image\/\"}},{\"@type\":\"Person\",\"@id\":\"https:\/\/tucuatro.com\/camburpinton\/#\/schema\/person\/182f36d7f076c0e15716be890bb6d074\",\"name\":\"Adrian Toro\",\"image\":{\"@type\":\"ImageObject\",\"inLanguage\":\"es\",\"@id\":\"https:\/\/lh3.googleusercontent.com\/a\/ACg8ocLwLCmGuaPjDUjycH1soWxJ2CWxtdwwxTMhw7SjMADBmZbcikz5ww=s96-c?sz=50\",\"url\":\"https:\/\/lh3.googleusercontent.com\/a\/ACg8ocLwLCmGuaPjDUjycH1soWxJ2CWxtdwwxTMhw7SjMADBmZbcikz5ww=s96-c?sz=50\",\"contentUrl\":\"https:\/\/lh3.googleusercontent.com\/a\/ACg8ocLwLCmGuaPjDUjycH1soWxJ2CWxtdwwxTMhw7SjMADBmZbcikz5ww=s96-c?sz=50\",\"caption\":\"Adrian Toro\"},\"description\":\"Adri\u00e1n Toro es el fundador de TuCuatro Corp., una empresa dedicada a la difusi\u00f3n y ense\u00f1anza de instrumentos folkl\u00f3ricos, con un enfoque especial en el cuatro venezolano. Apasionado por la m\u00fasica y la educaci\u00f3n, ha trabajado durante a\u00f1os para conectar a m\u00fasicos, estudiantes y aficionados con recursos innovadores para aprender y perfeccionar su t\u00e9cnica. Bajo su liderazgo, TuCuatro se ha convertido en una plataforma de referencia internacional, promoviendo la riqueza cultural de los instrumentos de cuerda ex\u00f3ticos. Su misi\u00f3n es garantizar que estas tradiciones musicales sigan vivas y accesibles para futuras generaciones.\",\"sameAs\":[\"https:\/\/tucuatro.com\"],\"url\":\"https:\/\/tucuatro.com\/camburpinton\/author\/adrianifero\/\"}]}<\/script>\n<!-- \/ Yoast SEO plugin. -->","yoast_head_json":{"title":"Compadre Pancho - Cheo Hurtado - CamburPinton","description":"\u00bf Se acuerdan del primer CD que grab\u00f3 Cheo Hurtado en 1993 ?   Cheo Hurtado Compadre Pancho 1993 \u00a0(CD) Con ese CD fue que m\u00e1s de uno de los cuatristas de la actualidad aprendimos a tocar. \u00a0Era, de hecho, el","robots":{"index":"index","follow":"follow","max-snippet":"max-snippet:-1","max-image-preview":"max-image-preview:large","max-video-preview":"max-video-preview:-1"},"canonical":"https:\/\/tucuatro.com\/camburpinton\/compadre-pancho-cheo-hurtado\/","og_locale":"es_ES","og_type":"article","og_title":"Compadre Pancho - Cheo Hurtado - CamburPinton","og_description":"\u00bf Se acuerdan del primer CD que grab\u00f3 Cheo Hurtado en 1993 ?   Cheo Hurtado Compadre Pancho 1993 \u00a0(CD) Con ese CD fue que m\u00e1s de uno de los cuatristas de la actualidad aprendimos a tocar. \u00a0Era, de hecho, el","og_url":"https:\/\/tucuatro.com\/camburpinton\/compadre-pancho-cheo-hurtado\/","og_site_name":"CamburPinton","article_published_time":"2011-05-12T13:28:44+00:00","article_modified_time":"2020-02-22T19:03:03+00:00","og_image":[{"url":"https:\/\/tucuatro.com\/wp-content\/uploads\/sites\/3\/2011\/01\/cheohur_compadre.jpg","type":"","width":"","height":""}],"author":"Adrian Toro","twitter_card":"summary_large_image","twitter_misc":{"Escrito por":"Adrian Toro","Tiempo de lectura":"2 minutos"},"schema":{"@context":"https:\/\/schema.org","@graph":[{"@type":"Article","@id":"https:\/\/tucuatro.com\/camburpinton\/compadre-pancho-cheo-hurtado\/#article","isPartOf":{"@id":"https:\/\/tucuatro.com\/camburpinton\/compadre-pancho-cheo-hurtado\/"},"author":{"name":"Adrian Toro","@id":"https:\/\/tucuatro.com\/camburpinton\/#\/schema\/person\/182f36d7f076c0e15716be890bb6d074"},"headline":"Compadre Pancho &#8211; Cheo Hurtado","datePublished":"2011-05-12T13:28:44+00:00","dateModified":"2020-02-22T19:03:03+00:00","mainEntityOfPage":{"@id":"https:\/\/tucuatro.com\/camburpinton\/compadre-pancho-cheo-hurtado\/"},"wordCount":328,"commentCount":1,"publisher":{"@id":"https:\/\/tucuatro.com\/camburpinton\/#organization"},"image":{"@id":"https:\/\/tucuatro.com\/camburpinton\/compadre-pancho-cheo-hurtado\/#primaryimage"},"thumbnailUrl":"https:\/\/tucuatro.com\/wp-content\/uploads\/sites\/3\/2011\/01\/cheohur_compadre.jpg","keywords":["cd","Cheo Hurtado","compadre pancho","cuatrista","gaita","luis natera","musica","rese\u00f1a","simon diaz"],"articleSection":["Cuatro Instrumento Musical","Noticias","Tocar"],"inLanguage":"es","potentialAction":[{"@type":"CommentAction","name":"Comment","target":["https:\/\/tucuatro.com\/camburpinton\/compadre-pancho-cheo-hurtado\/#respond"]}]},{"@type":"WebPage","@id":"https:\/\/tucuatro.com\/camburpinton\/compadre-pancho-cheo-hurtado\/","url":"https:\/\/tucuatro.com\/camburpinton\/compadre-pancho-cheo-hurtado\/","name":"Compadre Pancho - Cheo Hurtado - CamburPinton","isPartOf":{"@id":"https:\/\/tucuatro.com\/camburpinton\/#website"},"primaryImageOfPage":{"@id":"https:\/\/tucuatro.com\/camburpinton\/compadre-pancho-cheo-hurtado\/#primaryimage"},"image":{"@id":"https:\/\/tucuatro.com\/camburpinton\/compadre-pancho-cheo-hurtado\/#primaryimage"},"thumbnailUrl":"https:\/\/tucuatro.com\/wp-content\/uploads\/sites\/3\/2011\/01\/cheohur_compadre.jpg","datePublished":"2011-05-12T13:28:44+00:00","dateModified":"2020-02-22T19:03:03+00:00","description":"\u00bf Se acuerdan del primer CD que grab\u00f3 Cheo Hurtado en 1993 ? Cheo Hurtado Compadre Pancho 1993 \u00a0(CD) Con ese CD fue que m\u00e1s de uno de los cuatristas de la actualidad aprendimos a tocar. \u00a0Era, de hecho, el","breadcrumb":{"@id":"https:\/\/tucuatro.com\/camburpinton\/compadre-pancho-cheo-hurtado\/#breadcrumb"},"inLanguage":"es","potentialAction":[{"@type":"ReadAction","target":["https:\/\/tucuatro.com\/camburpinton\/compadre-pancho-cheo-hurtado\/"]}]},{"@type":"ImageObject","inLanguage":"es","@id":"https:\/\/tucuatro.com\/camburpinton\/compadre-pancho-cheo-hurtado\/#primaryimage","url":"https:\/\/tucuatro.com\/wp-content\/uploads\/sites\/3\/2011\/01\/cheohur_compadre.jpg","contentUrl":"https:\/\/tucuatro.com\/wp-content\/uploads\/sites\/3\/2011\/01\/cheohur_compadre.jpg"},{"@type":"BreadcrumbList","@id":"https:\/\/tucuatro.com\/camburpinton\/compadre-pancho-cheo-hurtado\/#breadcrumb","itemListElement":[{"@type":"ListItem","position":1,"name":"Portada","item":"https:\/\/tucuatro.com\/camburpinton\/"},{"@type":"ListItem","position":2,"name":"Compadre Pancho &#8211; Cheo Hurtado"}]},{"@type":"WebSite","@id":"https:\/\/tucuatro.com\/camburpinton\/#website","url":"https:\/\/tucuatro.com\/camburpinton\/","name":"CamburPinton","description":"El blog del Cuatro Venezolano, por TuCuatro","publisher":{"@id":"https:\/\/tucuatro.com\/camburpinton\/#organization"},"potentialAction":[{"@type":"SearchAction","target":{"@type":"EntryPoint","urlTemplate":"https:\/\/tucuatro.com\/camburpinton\/?s={search_term_string}"},"query-input":{"@type":"PropertyValueSpecification","valueRequired":true,"valueName":"search_term_string"}}],"inLanguage":"es"},{"@type":"Organization","@id":"https:\/\/tucuatro.com\/camburpinton\/#organization","name":"CamburPinton","url":"https:\/\/tucuatro.com\/camburpinton\/","logo":{"@type":"ImageObject","inLanguage":"es","@id":"https:\/\/tucuatro.com\/camburpinton\/#\/schema\/logo\/image\/","url":"https:\/\/tucuatro.com\/camburpinton\/wp-content\/uploads\/sites\/5\/2020\/02\/fretboard_icon_black-64px.png","contentUrl":"https:\/\/tucuatro.com\/camburpinton\/wp-content\/uploads\/sites\/5\/2020\/02\/fretboard_icon_black-64px.png","width":64,"height":107,"caption":"CamburPinton"},"image":{"@id":"https:\/\/tucuatro.com\/camburpinton\/#\/schema\/logo\/image\/"}},{"@type":"Person","@id":"https:\/\/tucuatro.com\/camburpinton\/#\/schema\/person\/182f36d7f076c0e15716be890bb6d074","name":"Adrian Toro","image":{"@type":"ImageObject","inLanguage":"es","@id":"https:\/\/lh3.googleusercontent.com\/a\/ACg8ocLwLCmGuaPjDUjycH1soWxJ2CWxtdwwxTMhw7SjMADBmZbcikz5ww=s96-c?sz=50","url":"https:\/\/lh3.googleusercontent.com\/a\/ACg8ocLwLCmGuaPjDUjycH1soWxJ2CWxtdwwxTMhw7SjMADBmZbcikz5ww=s96-c?sz=50","contentUrl":"https:\/\/lh3.googleusercontent.com\/a\/ACg8ocLwLCmGuaPjDUjycH1soWxJ2CWxtdwwxTMhw7SjMADBmZbcikz5ww=s96-c?sz=50","caption":"Adrian Toro"},"description":"Adri\u00e1n Toro es el fundador de TuCuatro Corp., una empresa dedicada a la difusi\u00f3n y ense\u00f1anza de instrumentos folkl\u00f3ricos, con un enfoque especial en el cuatro venezolano. Apasionado por la m\u00fasica y la educaci\u00f3n, ha trabajado durante a\u00f1os para conectar a m\u00fasicos, estudiantes y aficionados con recursos innovadores para aprender y perfeccionar su t\u00e9cnica. Bajo su liderazgo, TuCuatro se ha convertido en una plataforma de referencia internacional, promoviendo la riqueza cultural de los instrumentos de cuerda ex\u00f3ticos. Su misi\u00f3n es garantizar que estas tradiciones musicales sigan vivas y accesibles para futuras generaciones.","sameAs":["https:\/\/tucuatro.com"],"url":"https:\/\/tucuatro.com\/camburpinton\/author\/adrianifero\/"}]}},"_links":{"self":[{"href":"https:\/\/tucuatro.com\/camburpinton\/wp-json\/wp\/v2\/posts\/915","targetHints":{"allow":["GET"]}}],"collection":[{"href":"https:\/\/tucuatro.com\/camburpinton\/wp-json\/wp\/v2\/posts"}],"about":[{"href":"https:\/\/tucuatro.com\/camburpinton\/wp-json\/wp\/v2\/types\/post"}],"author":[{"embeddable":true,"href":"https:\/\/tucuatro.com\/camburpinton\/wp-json\/wp\/v2\/users\/23"}],"replies":[{"embeddable":true,"href":"https:\/\/tucuatro.com\/camburpinton\/wp-json\/wp\/v2\/comments?post=915"}],"version-history":[{"count":0,"href":"https:\/\/tucuatro.com\/camburpinton\/wp-json\/wp\/v2\/posts\/915\/revisions"}],"wp:attachment":[{"href":"https:\/\/tucuatro.com\/camburpinton\/wp-json\/wp\/v2\/media?parent=915"}],"wp:term":[{"taxonomy":"category","embeddable":true,"href":"https:\/\/tucuatro.com\/camburpinton\/wp-json\/wp\/v2\/categories?post=915"},{"taxonomy":"post_tag","embeddable":true,"href":"https:\/\/tucuatro.com\/camburpinton\/wp-json\/wp\/v2\/tags?post=915"}],"curies":[{"name":"wp","href":"https:\/\/api.w.org\/{rel}","templated":true}]}}