{"id":964,"date":"2013-09-29T11:49:29","date_gmt":"2013-09-29T16:19:29","guid":{"rendered":"http:\/\/info.tucuatro.com\/?p=964"},"modified":"2020-08-16T16:35:53","modified_gmt":"2020-08-16T20:35:53","slug":"la-siembra-del-cuatro-paso-por-maracaibo-y-se-trajo-a-8-cuatristas","status":"publish","type":"post","link":"https:\/\/tucuatro.com\/camburpinton\/la-siembra-del-cuatro-paso-por-maracaibo-y-se-trajo-a-8-cuatristas\/","title":{"rendered":"La Siembra del Cuatro pas\u00f3 por Maracaibo y se trajo a 8 cuatristas"},"content":{"rendered":"\n<p>Fueron 8 los participantes seleccionados en la Siembra del Cuatro de Maracaibo.<\/p>\n\n\n\n<p>La b\u00fasqueda de los cuatristas ha finalizado con la Siembra del Cuatro de la regi\u00f3n occidental. &nbsp;Finalmente fueron 8 los cuatristas escogidos para ir a representar su regi\u00f3n en la gran final a realizarse en la ciudad de Caracas. &nbsp; 19 cuatristas en total trataron de obtener una plaza, sin embargo fueron 8 quienes destacaron a tal nivel de quedar seleccionados. &nbsp;Sus nombres son:<\/p>\n\n\n\n<ul class=\"wp-block-list\"><li>Alexander Valencillos (Zulia)<\/li><li>Alirio Barrera (M\u00e9rida)<\/li><li>Carlos Rafael Su\u00e1rez&nbsp;(Zulia)<\/li><li>Carlos Torres&nbsp;(Zulia)<\/li><li>Jimmy Alzur\u00fa (M\u00e9rida)<\/li><li>Juver Ulacio&nbsp;(Zulia)<\/li><li>Richard Rodr\u00edguez (Trujillo)<\/li><li>Rafael Mart\u00ednez (T\u00e1chira)<\/li><\/ul>\n\n\n\n<p>El evento comenz\u00f3 a las 6:30 de la tarde en la sede del Banco Central de Venezuela en Maracaibo. &nbsp;Cheo Hurtado como maestro de ceremonia y un selecto jurado estuvieron a cargo de seleccionar a los cuatristas en lo que fue la primera visita del festival La Siembra del Cuatro a la regi\u00f3n Occidental del pa\u00eds.<\/p>\n\n\n\n<figure class=\"wp-block-gallery columns-3 is-cropped wp-block-gallery-1 is-layout-flex wp-block-gallery-is-layout-flex\"><ul class=\"blocks-gallery-grid\"><li class=\"blocks-gallery-item\"><figure><img data-id=\"965\" class=\"wp-image-965\"\/><\/figure><\/li><li class=\"blocks-gallery-item\"><figure><img data-id=\"969\" class=\"wp-image-969\"\/><\/figure><\/li><li class=\"blocks-gallery-item\"><figure><img data-id=\"968\" class=\"wp-image-968\"\/><\/figure><\/li><li class=\"blocks-gallery-item\"><figure><img data-id=\"967\" class=\"wp-image-967\"\/><\/figure><\/li><li class=\"blocks-gallery-item\"><figure><img data-id=\"974\" class=\"wp-image-974\"\/><\/figure><\/li><li class=\"blocks-gallery-item\"><figure><img data-id=\"973\" class=\"wp-image-973\"\/><\/figure><\/li><li class=\"blocks-gallery-item\"><figure><img data-id=\"972\" class=\"wp-image-972\"\/><\/figure><\/li><li class=\"blocks-gallery-item\"><figure><img data-id=\"971\" class=\"wp-image-971\"\/><\/figure><\/li><li class=\"blocks-gallery-item\"><figure><img data-id=\"970\" class=\"wp-image-970\"\/><\/figure><\/li><li class=\"blocks-gallery-item\"><figure><img data-id=\"966\" class=\"wp-image-966\"\/><\/figure><\/li><\/ul><\/figure>\n\n\n\n<p>Cheo Hurtado estuvo acompa\u00f1ado durante el evento del bajista&nbsp;zuliano Elvis Mart\u00ednez y tambi\u00e9n pudimos ver a los m\u00fasicos&nbsp;Douglas Isea, Nerio Franco y una muy especial visita de Ricardo Aguirre-uno de los hijos- de Renato Aguirre Gonz\u00e1lez.<\/p>\n\n\n\n<p>El orgullo es m\u00e1ximo, sabiendo que los cuatristas escogidos provienen de una de las regiones con m\u00e1s historia y <a href=\"https:\/\/tucuatro.com\/camburpinton\/todo-lo-que-debes-saber-sobre-la-musica-venezolana\/\">cultura musical del pa\u00eds<\/a>. \u00a0Estos cuatristas tendr\u00e1n mucho que dar en Caracas cuando se presenten a la gran final.<\/p>\n\n\n\n<p>Para esta Siembra estuvo invitado como jurado\u00a0Ruperto \u201cTico\u201d P\u00e1ez,\u00a0Jes\u00fas Morillo y <a href=\"https:\/\/tucuatro.com\/camburpinton\/la-gran-fiesta-del-instrumento-nacional-celebra-su-gala-final\/\">Henry Ram\u00edrez<\/a>, quienes fueron los encargados de evaluar cada una de las cualidades de los cuatristas concursantes.<\/p>\n\n\n\n<p>\u00a1Ahora nos vemos en Octubre para la gran final que se realizar\u00e1 en el Teatro Teresa Carre\u00f1o!<\/p>\n","protected":false},"excerpt":{"rendered":"<p>Fueron 8 los participantes seleccionados en la Siembra del Cuatro de Maracaibo. La b\u00fasqueda de los cuatristas ha finalizado con la Siembra del Cuatro de la regi\u00f3n occidental. &nbsp;Finalmente fueron 8 los cuatristas escogidos para ir a representar su regi\u00f3n en la gran final a realizarse en la ciudad de Caracas. &nbsp; 19 cuatristas en [&hellip;]<\/p>\n","protected":false},"author":5823,"featured_media":965,"comment_status":"open","ping_status":"open","sticky":false,"template":"","format":"standard","meta":{"content-type":"","footnotes":""},"categories":[30],"tags":[21,258,656,431],"class_list":["post-964","post","type-post","status-publish","format-standard","has-post-thumbnail","hentry","category-noticias","tag-cheo-hurtado","tag-maracaibo-2","tag-siembra-de-cuatro","tag-siembra-del-cuatro"],"yoast_head":"<!-- This site is optimized with the Yoast SEO plugin v27.2 - https:\/\/yoast.com\/product\/yoast-seo-wordpress\/ -->\n<title>La Siembra del Cuatro pas\u00f3 por Maracaibo y se trajo a 8 cuatristas - CamburPinton<\/title>\n<meta name=\"description\" content=\"Fueron 8 los participantes seleccionados en la Siembra del Cuatro de Maracaibo. La b\u00fasqueda de los cuatristas ha finalizado con la Siembra del Cuatro de\" \/>\n<meta name=\"robots\" content=\"index, follow, max-snippet:-1, max-image-preview:large, max-video-preview:-1\" \/>\n<link rel=\"canonical\" href=\"https:\/\/tucuatro.com\/camburpinton\/la-siembra-del-cuatro-paso-por-maracaibo-y-se-trajo-a-8-cuatristas\/\" \/>\n<meta property=\"og:locale\" content=\"es_ES\" \/>\n<meta property=\"og:type\" content=\"article\" \/>\n<meta property=\"og:title\" content=\"La Siembra del Cuatro pas\u00f3 por Maracaibo y se trajo a 8 cuatristas - CamburPinton\" \/>\n<meta property=\"og:description\" content=\"Fueron 8 los participantes seleccionados en la Siembra del Cuatro de Maracaibo. La b\u00fasqueda de los cuatristas ha finalizado con la Siembra del Cuatro de\" \/>\n<meta property=\"og:url\" content=\"https:\/\/tucuatro.com\/camburpinton\/la-siembra-del-cuatro-paso-por-maracaibo-y-se-trajo-a-8-cuatristas\/\" \/>\n<meta property=\"og:site_name\" content=\"CamburPinton\" \/>\n<meta property=\"article:published_time\" content=\"2013-09-29T16:19:29+00:00\" \/>\n<meta property=\"article:modified_time\" content=\"2020-08-16T20:35:53+00:00\" \/>\n<meta name=\"author\" content=\"noticiastucuatro\" \/>\n<meta name=\"twitter:card\" content=\"summary_large_image\" \/>\n<meta name=\"twitter:label1\" content=\"Escrito por\" \/>\n\t<meta name=\"twitter:data1\" content=\"noticiastucuatro\" \/>\n\t<meta name=\"twitter:label2\" content=\"Tiempo de lectura\" \/>\n\t<meta name=\"twitter:data2\" content=\"2 minutos\" \/>\n<script type=\"application\/ld+json\" class=\"yoast-schema-graph\">{\"@context\":\"https:\/\/schema.org\",\"@graph\":[{\"@type\":\"Article\",\"@id\":\"https:\/\/tucuatro.com\/camburpinton\/la-siembra-del-cuatro-paso-por-maracaibo-y-se-trajo-a-8-cuatristas\/#article\",\"isPartOf\":{\"@id\":\"https:\/\/tucuatro.com\/camburpinton\/la-siembra-del-cuatro-paso-por-maracaibo-y-se-trajo-a-8-cuatristas\/\"},\"author\":{\"name\":\"noticiastucuatro\",\"@id\":\"https:\/\/tucuatro.com\/camburpinton\/#\/schema\/person\/bfbf34069d0728d153d7624713ba0f73\"},\"headline\":\"La Siembra del Cuatro pas\u00f3 por Maracaibo y se trajo a 8 cuatristas\",\"datePublished\":\"2013-09-29T16:19:29+00:00\",\"dateModified\":\"2020-08-16T20:35:53+00:00\",\"mainEntityOfPage\":{\"@id\":\"https:\/\/tucuatro.com\/camburpinton\/la-siembra-del-cuatro-paso-por-maracaibo-y-se-trajo-a-8-cuatristas\/\"},\"wordCount\":319,\"commentCount\":0,\"publisher\":{\"@id\":\"https:\/\/tucuatro.com\/camburpinton\/#organization\"},\"image\":{\"@id\":\"https:\/\/tucuatro.com\/camburpinton\/la-siembra-del-cuatro-paso-por-maracaibo-y-se-trajo-a-8-cuatristas\/#primaryimage\"},\"thumbnailUrl\":\"\",\"keywords\":[\"Cheo Hurtado\",\"maracaibo\",\"siembra de cuatro\",\"siembra del cuatro\"],\"articleSection\":[\"Noticias\"],\"inLanguage\":\"es\",\"potentialAction\":[{\"@type\":\"CommentAction\",\"name\":\"Comment\",\"target\":[\"https:\/\/tucuatro.com\/camburpinton\/la-siembra-del-cuatro-paso-por-maracaibo-y-se-trajo-a-8-cuatristas\/#respond\"]}]},{\"@type\":\"WebPage\",\"@id\":\"https:\/\/tucuatro.com\/camburpinton\/la-siembra-del-cuatro-paso-por-maracaibo-y-se-trajo-a-8-cuatristas\/\",\"url\":\"https:\/\/tucuatro.com\/camburpinton\/la-siembra-del-cuatro-paso-por-maracaibo-y-se-trajo-a-8-cuatristas\/\",\"name\":\"La Siembra del Cuatro pas\u00f3 por Maracaibo y se trajo a 8 cuatristas - CamburPinton\",\"isPartOf\":{\"@id\":\"https:\/\/tucuatro.com\/camburpinton\/#website\"},\"primaryImageOfPage\":{\"@id\":\"https:\/\/tucuatro.com\/camburpinton\/la-siembra-del-cuatro-paso-por-maracaibo-y-se-trajo-a-8-cuatristas\/#primaryimage\"},\"image\":{\"@id\":\"https:\/\/tucuatro.com\/camburpinton\/la-siembra-del-cuatro-paso-por-maracaibo-y-se-trajo-a-8-cuatristas\/#primaryimage\"},\"thumbnailUrl\":\"\",\"datePublished\":\"2013-09-29T16:19:29+00:00\",\"dateModified\":\"2020-08-16T20:35:53+00:00\",\"description\":\"Fueron 8 los participantes seleccionados en la Siembra del Cuatro de Maracaibo. La b\u00fasqueda de los cuatristas ha finalizado con la Siembra del Cuatro de\",\"breadcrumb\":{\"@id\":\"https:\/\/tucuatro.com\/camburpinton\/la-siembra-del-cuatro-paso-por-maracaibo-y-se-trajo-a-8-cuatristas\/#breadcrumb\"},\"inLanguage\":\"es\",\"potentialAction\":[{\"@type\":\"ReadAction\",\"target\":[\"https:\/\/tucuatro.com\/camburpinton\/la-siembra-del-cuatro-paso-por-maracaibo-y-se-trajo-a-8-cuatristas\/\"]}]},{\"@type\":\"ImageObject\",\"inLanguage\":\"es\",\"@id\":\"https:\/\/tucuatro.com\/camburpinton\/la-siembra-del-cuatro-paso-por-maracaibo-y-se-trajo-a-8-cuatristas\/#primaryimage\",\"url\":\"\",\"contentUrl\":\"\"},{\"@type\":\"BreadcrumbList\",\"@id\":\"https:\/\/tucuatro.com\/camburpinton\/la-siembra-del-cuatro-paso-por-maracaibo-y-se-trajo-a-8-cuatristas\/#breadcrumb\",\"itemListElement\":[{\"@type\":\"ListItem\",\"position\":1,\"name\":\"Portada\",\"item\":\"https:\/\/tucuatro.com\/camburpinton\/\"},{\"@type\":\"ListItem\",\"position\":2,\"name\":\"La Siembra del Cuatro pas\u00f3 por Maracaibo y se trajo a 8 cuatristas\"}]},{\"@type\":\"WebSite\",\"@id\":\"https:\/\/tucuatro.com\/camburpinton\/#website\",\"url\":\"https:\/\/tucuatro.com\/camburpinton\/\",\"name\":\"CamburPinton\",\"description\":\"El blog del Cuatro Venezolano, por TuCuatro\",\"publisher\":{\"@id\":\"https:\/\/tucuatro.com\/camburpinton\/#organization\"},\"potentialAction\":[{\"@type\":\"SearchAction\",\"target\":{\"@type\":\"EntryPoint\",\"urlTemplate\":\"https:\/\/tucuatro.com\/camburpinton\/?s={search_term_string}\"},\"query-input\":{\"@type\":\"PropertyValueSpecification\",\"valueRequired\":true,\"valueName\":\"search_term_string\"}}],\"inLanguage\":\"es\"},{\"@type\":\"Organization\",\"@id\":\"https:\/\/tucuatro.com\/camburpinton\/#organization\",\"name\":\"CamburPinton\",\"url\":\"https:\/\/tucuatro.com\/camburpinton\/\",\"logo\":{\"@type\":\"ImageObject\",\"inLanguage\":\"es\",\"@id\":\"https:\/\/tucuatro.com\/camburpinton\/#\/schema\/logo\/image\/\",\"url\":\"https:\/\/tucuatro.com\/camburpinton\/wp-content\/uploads\/sites\/5\/2020\/02\/fretboard_icon_black-64px.png\",\"contentUrl\":\"https:\/\/tucuatro.com\/camburpinton\/wp-content\/uploads\/sites\/5\/2020\/02\/fretboard_icon_black-64px.png\",\"width\":64,\"height\":107,\"caption\":\"CamburPinton\"},\"image\":{\"@id\":\"https:\/\/tucuatro.com\/camburpinton\/#\/schema\/logo\/image\/\"}},{\"@type\":\"Person\",\"@id\":\"https:\/\/tucuatro.com\/camburpinton\/#\/schema\/person\/bfbf34069d0728d153d7624713ba0f73\",\"name\":\"noticiastucuatro\",\"image\":{\"@type\":\"ImageObject\",\"inLanguage\":\"es\",\"@id\":\"https:\/\/secure.gravatar.com\/avatar\/fe802946c5fe8e2e31c544c3648f4a0e025f4e341fb6fecfd30ca95f639cd33e?s=96&d=mm&r=g\",\"url\":\"https:\/\/secure.gravatar.com\/avatar\/fe802946c5fe8e2e31c544c3648f4a0e025f4e341fb6fecfd30ca95f639cd33e?s=96&d=mm&r=g\",\"contentUrl\":\"https:\/\/secure.gravatar.com\/avatar\/fe802946c5fe8e2e31c544c3648f4a0e025f4e341fb6fecfd30ca95f639cd33e?s=96&d=mm&r=g\",\"caption\":\"noticiastucuatro\"},\"url\":\"https:\/\/tucuatro.com\/camburpinton\/author\/noticiastucuatro\/\"}]}<\/script>\n<!-- \/ Yoast SEO plugin. -->","yoast_head_json":{"title":"La Siembra del Cuatro pas\u00f3 por Maracaibo y se trajo a 8 cuatristas - CamburPinton","description":"Fueron 8 los participantes seleccionados en la Siembra del Cuatro de Maracaibo. La b\u00fasqueda de los cuatristas ha finalizado con la Siembra del Cuatro de","robots":{"index":"index","follow":"follow","max-snippet":"max-snippet:-1","max-image-preview":"max-image-preview:large","max-video-preview":"max-video-preview:-1"},"canonical":"https:\/\/tucuatro.com\/camburpinton\/la-siembra-del-cuatro-paso-por-maracaibo-y-se-trajo-a-8-cuatristas\/","og_locale":"es_ES","og_type":"article","og_title":"La Siembra del Cuatro pas\u00f3 por Maracaibo y se trajo a 8 cuatristas - CamburPinton","og_description":"Fueron 8 los participantes seleccionados en la Siembra del Cuatro de Maracaibo. La b\u00fasqueda de los cuatristas ha finalizado con la Siembra del Cuatro de","og_url":"https:\/\/tucuatro.com\/camburpinton\/la-siembra-del-cuatro-paso-por-maracaibo-y-se-trajo-a-8-cuatristas\/","og_site_name":"CamburPinton","article_published_time":"2013-09-29T16:19:29+00:00","article_modified_time":"2020-08-16T20:35:53+00:00","author":"noticiastucuatro","twitter_card":"summary_large_image","twitter_misc":{"Escrito por":"noticiastucuatro","Tiempo de lectura":"2 minutos"},"schema":{"@context":"https:\/\/schema.org","@graph":[{"@type":"Article","@id":"https:\/\/tucuatro.com\/camburpinton\/la-siembra-del-cuatro-paso-por-maracaibo-y-se-trajo-a-8-cuatristas\/#article","isPartOf":{"@id":"https:\/\/tucuatro.com\/camburpinton\/la-siembra-del-cuatro-paso-por-maracaibo-y-se-trajo-a-8-cuatristas\/"},"author":{"name":"noticiastucuatro","@id":"https:\/\/tucuatro.com\/camburpinton\/#\/schema\/person\/bfbf34069d0728d153d7624713ba0f73"},"headline":"La Siembra del Cuatro pas\u00f3 por Maracaibo y se trajo a 8 cuatristas","datePublished":"2013-09-29T16:19:29+00:00","dateModified":"2020-08-16T20:35:53+00:00","mainEntityOfPage":{"@id":"https:\/\/tucuatro.com\/camburpinton\/la-siembra-del-cuatro-paso-por-maracaibo-y-se-trajo-a-8-cuatristas\/"},"wordCount":319,"commentCount":0,"publisher":{"@id":"https:\/\/tucuatro.com\/camburpinton\/#organization"},"image":{"@id":"https:\/\/tucuatro.com\/camburpinton\/la-siembra-del-cuatro-paso-por-maracaibo-y-se-trajo-a-8-cuatristas\/#primaryimage"},"thumbnailUrl":"","keywords":["Cheo Hurtado","maracaibo","siembra de cuatro","siembra del cuatro"],"articleSection":["Noticias"],"inLanguage":"es","potentialAction":[{"@type":"CommentAction","name":"Comment","target":["https:\/\/tucuatro.com\/camburpinton\/la-siembra-del-cuatro-paso-por-maracaibo-y-se-trajo-a-8-cuatristas\/#respond"]}]},{"@type":"WebPage","@id":"https:\/\/tucuatro.com\/camburpinton\/la-siembra-del-cuatro-paso-por-maracaibo-y-se-trajo-a-8-cuatristas\/","url":"https:\/\/tucuatro.com\/camburpinton\/la-siembra-del-cuatro-paso-por-maracaibo-y-se-trajo-a-8-cuatristas\/","name":"La Siembra del Cuatro pas\u00f3 por Maracaibo y se trajo a 8 cuatristas - CamburPinton","isPartOf":{"@id":"https:\/\/tucuatro.com\/camburpinton\/#website"},"primaryImageOfPage":{"@id":"https:\/\/tucuatro.com\/camburpinton\/la-siembra-del-cuatro-paso-por-maracaibo-y-se-trajo-a-8-cuatristas\/#primaryimage"},"image":{"@id":"https:\/\/tucuatro.com\/camburpinton\/la-siembra-del-cuatro-paso-por-maracaibo-y-se-trajo-a-8-cuatristas\/#primaryimage"},"thumbnailUrl":"","datePublished":"2013-09-29T16:19:29+00:00","dateModified":"2020-08-16T20:35:53+00:00","description":"Fueron 8 los participantes seleccionados en la Siembra del Cuatro de Maracaibo. La b\u00fasqueda de los cuatristas ha finalizado con la Siembra del Cuatro de","breadcrumb":{"@id":"https:\/\/tucuatro.com\/camburpinton\/la-siembra-del-cuatro-paso-por-maracaibo-y-se-trajo-a-8-cuatristas\/#breadcrumb"},"inLanguage":"es","potentialAction":[{"@type":"ReadAction","target":["https:\/\/tucuatro.com\/camburpinton\/la-siembra-del-cuatro-paso-por-maracaibo-y-se-trajo-a-8-cuatristas\/"]}]},{"@type":"ImageObject","inLanguage":"es","@id":"https:\/\/tucuatro.com\/camburpinton\/la-siembra-del-cuatro-paso-por-maracaibo-y-se-trajo-a-8-cuatristas\/#primaryimage","url":"","contentUrl":""},{"@type":"BreadcrumbList","@id":"https:\/\/tucuatro.com\/camburpinton\/la-siembra-del-cuatro-paso-por-maracaibo-y-se-trajo-a-8-cuatristas\/#breadcrumb","itemListElement":[{"@type":"ListItem","position":1,"name":"Portada","item":"https:\/\/tucuatro.com\/camburpinton\/"},{"@type":"ListItem","position":2,"name":"La Siembra del Cuatro pas\u00f3 por Maracaibo y se trajo a 8 cuatristas"}]},{"@type":"WebSite","@id":"https:\/\/tucuatro.com\/camburpinton\/#website","url":"https:\/\/tucuatro.com\/camburpinton\/","name":"CamburPinton","description":"El blog del Cuatro Venezolano, por TuCuatro","publisher":{"@id":"https:\/\/tucuatro.com\/camburpinton\/#organization"},"potentialAction":[{"@type":"SearchAction","target":{"@type":"EntryPoint","urlTemplate":"https:\/\/tucuatro.com\/camburpinton\/?s={search_term_string}"},"query-input":{"@type":"PropertyValueSpecification","valueRequired":true,"valueName":"search_term_string"}}],"inLanguage":"es"},{"@type":"Organization","@id":"https:\/\/tucuatro.com\/camburpinton\/#organization","name":"CamburPinton","url":"https:\/\/tucuatro.com\/camburpinton\/","logo":{"@type":"ImageObject","inLanguage":"es","@id":"https:\/\/tucuatro.com\/camburpinton\/#\/schema\/logo\/image\/","url":"https:\/\/tucuatro.com\/camburpinton\/wp-content\/uploads\/sites\/5\/2020\/02\/fretboard_icon_black-64px.png","contentUrl":"https:\/\/tucuatro.com\/camburpinton\/wp-content\/uploads\/sites\/5\/2020\/02\/fretboard_icon_black-64px.png","width":64,"height":107,"caption":"CamburPinton"},"image":{"@id":"https:\/\/tucuatro.com\/camburpinton\/#\/schema\/logo\/image\/"}},{"@type":"Person","@id":"https:\/\/tucuatro.com\/camburpinton\/#\/schema\/person\/bfbf34069d0728d153d7624713ba0f73","name":"noticiastucuatro","image":{"@type":"ImageObject","inLanguage":"es","@id":"https:\/\/secure.gravatar.com\/avatar\/fe802946c5fe8e2e31c544c3648f4a0e025f4e341fb6fecfd30ca95f639cd33e?s=96&d=mm&r=g","url":"https:\/\/secure.gravatar.com\/avatar\/fe802946c5fe8e2e31c544c3648f4a0e025f4e341fb6fecfd30ca95f639cd33e?s=96&d=mm&r=g","contentUrl":"https:\/\/secure.gravatar.com\/avatar\/fe802946c5fe8e2e31c544c3648f4a0e025f4e341fb6fecfd30ca95f639cd33e?s=96&d=mm&r=g","caption":"noticiastucuatro"},"url":"https:\/\/tucuatro.com\/camburpinton\/author\/noticiastucuatro\/"}]}},"_links":{"self":[{"href":"https:\/\/tucuatro.com\/camburpinton\/wp-json\/wp\/v2\/posts\/964","targetHints":{"allow":["GET"]}}],"collection":[{"href":"https:\/\/tucuatro.com\/camburpinton\/wp-json\/wp\/v2\/posts"}],"about":[{"href":"https:\/\/tucuatro.com\/camburpinton\/wp-json\/wp\/v2\/types\/post"}],"author":[{"embeddable":true,"href":"https:\/\/tucuatro.com\/camburpinton\/wp-json\/wp\/v2\/users\/5823"}],"replies":[{"embeddable":true,"href":"https:\/\/tucuatro.com\/camburpinton\/wp-json\/wp\/v2\/comments?post=964"}],"version-history":[{"count":0,"href":"https:\/\/tucuatro.com\/camburpinton\/wp-json\/wp\/v2\/posts\/964\/revisions"}],"wp:featuredmedia":[{"embeddable":true,"href":"https:\/\/tucuatro.com\/camburpinton\/wp-json\/"}],"wp:attachment":[{"href":"https:\/\/tucuatro.com\/camburpinton\/wp-json\/wp\/v2\/media?parent=964"}],"wp:term":[{"taxonomy":"category","embeddable":true,"href":"https:\/\/tucuatro.com\/camburpinton\/wp-json\/wp\/v2\/categories?post=964"},{"taxonomy":"post_tag","embeddable":true,"href":"https:\/\/tucuatro.com\/camburpinton\/wp-json\/wp\/v2\/tags?post=964"}],"curies":[{"name":"wp","href":"https:\/\/api.w.org\/{rel}","templated":true}]}}